{"id":159270,"date":"2024-08-14T15:28:29","date_gmt":"2024-08-14T18:28:29","guid":{"rendered":"https:\/\/corrientesdetarde.com\/?p=159270"},"modified":"2024-08-14T15:28:41","modified_gmt":"2024-08-14T18:28:41","slug":"kylie-jenner-poso-con-sus-dos-hijas-para-vogue-y-hablo-de-la-depresion-posparto-no-sabia-vestirme","status":"publish","type":"post","link":"https:\/\/corrientesdetarde.com\/index.php\/tendencias\/kylie-jenner-poso-con-sus-dos-hijas-para-vogue-y-hablo-de-la-depresion-posparto-no-sabia-vestirme\/","title":{"rendered":"Kylie Jenner pos\u00f3 con sus dos hijas para Vogue y habl\u00f3 de la depresi\u00f3n posparto: \u201cNo sab\u00eda vestirme\u201d"},"content":{"rendered":"\n<p>Fotografiada para la tapa de la edici\u00f3n brit\u00e1nica de la revista, reflexion\u00f3 sobre su rol como madre y confes\u00f3 los problemas de salud mental que atraves\u00f3 despu\u00e9s de dar a luz.<\/p>\n\n\n\n<p>Empresaria de belleza, referente de moda, \u201chermana de\u201d. Son muchos los t\u00edtulos que recibe\u00a0Kylie Jenner\u00a0gracias a su influencia medi\u00e1tica y en las redes. Su faceta como mam\u00e1, en tanto, suele mantenerse m\u00e1s en privado. Pero ahora, la menor de\u00a0clan Kardashian\u00a0sorprendi\u00f3 al sincerarse sobre la maternidad en una reciente producci\u00f3n de moda para\u00a0Vogue.<\/p>\n\n\n\n<p>La&nbsp;<em>influencer<\/em>&nbsp;de 27 a\u00f1os se convirti\u00f3 en la primera de su familia en aparecer en la tapa de la edici\u00f3n&nbsp;<strong>brit\u00e1nica<\/strong>&nbsp;de la Biblia de la moda y lo hizo acompa\u00f1ada por sus herederos, ambos producto de su relaci\u00f3n con su expareja, el rapero&nbsp;<strong>Travis Scott: Stormi Webster, de 6 a\u00f1os, y Aire Webster, de 2.&nbsp;<\/strong>Adem\u00e1s de un&nbsp;<em>glamouroso<\/em>&nbsp;look de tapa -que incluy\u00f3 un vestido&nbsp;<em>off shoulder<\/em>&nbsp;violeta de&nbsp;<strong>Prada<\/strong>&#8211; y de algunas postales junto a sus hijos, la&nbsp;<em>it girl&nbsp;<\/em>mostr\u00f3 su lado m\u00e1s vulnerable.<\/p>\n\n\n\n<figure class=\"wp-block-image\"><img decoding=\"async\" src=\"https:\/\/tn.com.ar\/resizer\/v2\/kylie-jenner-con-un-vestido-de-prada-en-la-tapa-del-vogue-britanico-foto-instagrambritishvogue-SMMBR5UUYJBWHMIEMRRSARDUWI.jpg?auth=190eca079b3a12019da5a210522a1676b82c13fe9e29bf097b0ed55072bce36a&amp;width=767\" alt=\"Kylie Jenner con un vestido de Prada en la tapa del Vogue brit\u00e1nico. (Foto: Instagram\/@britishvogue)\"\/><\/figure>\n\n\n\n<p>En la entrevista que concedi\u00f3 a la publicaci\u00f3n, se refiri\u00f3 a la<strong>&nbsp;depresi\u00f3n posparto&nbsp;<\/strong>que sufri\u00f3 luego del nacimiento de sus dos hijos.&nbsp;<strong>\u201cLa de Stormi dur\u00f3 un a\u00f1o y la Aire aproximadamente el mismo tiempo. Voy a cumplir 27 a\u00f1os y por fin me siento yo misma otra vez\u201d.<\/strong><\/p>\n\n\n\n<figure class=\"wp-block-image\"><img decoding=\"async\" src=\"https:\/\/tn.com.ar\/resizer\/v2\/kylie-jenner-junto-a-sus-dos-hijos-foto-instagrambritishvogue-MH5Y2KMIAVHZXGHSGCRHTAEW3Y.png?auth=af4064590da1fa3f5dee66cdeeca260e230ae8b705efaf9ebac06b912495ca20&amp;width=767\" alt=\"Kylie Jenner junto a sus dos hijos. (Foto: Instagram\/@britishvogue)\"\/><\/figure>\n\n\n\n<p>Adem\u00e1s, cont\u00f3 c\u00f3mo los cambios f\u00edsicos impactaron negativamente en su salud mental.<strong>&nbsp;\u201cMentalmente, es muy dif\u00edcil. Hormonalmente, es muy dif\u00edcil. No sab\u00eda vestirme\u201d,<\/strong>&nbsp;agreg\u00f3, luego de confesar que durante sus embarazos solo usaba&nbsp;<strong>pantalones deportivos.<\/strong><\/p>\n\n\n\n<p>Al mismo tiempo, la depresi\u00f3n luego del parto de su segundo hijo la llev\u00f3 a una gran incertidumbre acerca de c\u00f3mo llamarlo.&nbsp;<strong>\u201cHablaba por tel\u00e9fono con mi mam\u00e1 todo el d\u00eda llorando hist\u00e9ricamente y diciendo: \u2018No puedo descifrar su nombre\u2019. Ahora mi consejo para todos mis amigos que tienen hijos es que elijan el nombre antes, porque cuando las hormonas atacan no puedes tomar decisiones\u201d.<\/strong><\/p>\n\n\n\n<figure class=\"wp-block-image\"><img decoding=\"async\" src=\"https:\/\/tn.com.ar\/resizer\/v2\/kylie-jenner-brillo-en-la-sesion-de-fotos-de-vogue-foto-instagrambritishvogue-A6Q4FGHQPVF5PLQLKULTBKIC5E.png?auth=8119a397ffe63509ea37988558c5f6c554e31aab681a3d99d0967194e96c5a2a&amp;width=767\" alt=\"Kylie Jenner brill\u00f3 en la sesi\u00f3n de fotos de Vogue. (Foto: Instagram\/@britishvogue)\"\/><\/figure>\n\n\n\n<p>As\u00ed fue como, durante el primer a\u00f1o, llam\u00f3 a su segundo hijo Knight Wolf.&nbsp;<strong>\u201cCuando lo conoc\u00ed, era lo m\u00e1s hermoso para m\u00ed y no pod\u00eda creer lo perfecto que era. Me sent\u00ed tan fracasada que no pod\u00eda nombrarlo. Se merec\u00eda mucho m\u00e1s que eso\u201d<\/strong>, cont\u00f3 sobre el tiempo que le llev\u00f3 a decidirse finalmente por Aire.<\/p>\n\n\n\n<p>Tambi\u00e9n se sincer\u00f3 sobre su v\u00ednculo con sus hijos y la maternidad en general.&nbsp;<strong>\u201cStormi no fue planeada. Sucedi\u00f3, pero obviamente sab\u00eda que quer\u00eda tenerla. Ten\u00eda tantas ganas de tener hijos\u201d, confes\u00f3.<\/strong>&nbsp;\u201cNo importa lo que est\u00e9 pasando o c\u00f3mo luzco o lo que Internet escriba sobre m\u00ed ese d\u00eda,<strong>&nbsp;llego a casa y mis hijos simplemente me aman incondicionalmente.&nbsp;<\/strong>Simplemente est\u00e1n obsesionados conmigo y eso me ha ense\u00f1ado a caminar por la vida un poco m\u00e1s f\u00e1cilmente\u201d.<\/p>\n\n\n\n<figure class=\"wp-block-image\"><img decoding=\"async\" src=\"https:\/\/tn.com.ar\/resizer\/v2\/kylie-jenner-junto-a-aire-y-stormi-webster-para-vogue-foto-instagrambritishvogue-UFCPOPPGYZF5JNCFES3P65WFPQ.jpeg?auth=853d0b3e4607c9e311e2ab64f48af8af94d6abb1d58afbde3077f93af69c3f22&amp;width=767\" alt=\"Kylie Jenner junto a Aire y Stormi Webster para Vogue. (Foto: Instagram\/@britishvogue)\"\/><\/figure>\n\n\n\n<p>En la misma sinton\u00eda, reflexion\u00f3.<strong>&nbsp;\u201cTengo estos peque\u00f1os humanos en casa que me necesitan, me aman y piensan que soy la persona m\u00e1s perfecta del mundo, as\u00ed que realmente no necesito la validaci\u00f3n de fuentes externas\u201d.<\/strong><\/p>\n\n\n\n<p>\u201cLa parte complicada es encontrar el equilibrio entre crecer con los hijos. Tengo que recordarles a mis amigos que no tienen hijos todo el tiempo, cuando dicen: \u2018\u00a1Hagamos esto por la ma\u00f1ana!\u2019, que tengo hijos.&nbsp;<strong>Dejar ir tu ego\u00edsmo y tu libertad desde muy joven\u2026&nbsp;<\/strong>No creo que nos demos cuenta de lo ego\u00edstas que somos como seres humanos hasta que tenemos hijos. Pero, ya sabes, esa tambi\u00e9n es la mayor ventaja\u201d.<\/p>\n","protected":false},"excerpt":{"rendered":"<p>Fotografiada para la tapa de la edici\u00f3n brit\u00e1nica de la revista, reflexion\u00f3 sobre su rol como madre y confes\u00f3 los problemas de salud mental que atraves\u00f3 despu\u00e9s de dar a&hellip; <\/p>\n","protected":false},"author":8,"featured_media":159280,"comment_status":"closed","ping_status":"open","sticky":false,"template":"","format":"standard","meta":{"footnotes":""},"categories":[28],"tags":[],"class_list":["post-159270","post","type-post","status-publish","format-standard","has-post-thumbnail","hentry","category-tendencias"],"_links":{"self":[{"href":"https:\/\/corrientesdetarde.com\/index.php\/wp-json\/wp\/v2\/posts\/159270","targetHints":{"allow":["GET"]}}],"collection":[{"href":"https:\/\/corrientesdetarde.com\/index.php\/wp-json\/wp\/v2\/posts"}],"about":[{"href":"https:\/\/corrientesdetarde.com\/index.php\/wp-json\/wp\/v2\/types\/post"}],"author":[{"embeddable":true,"href":"https:\/\/corrientesdetarde.com\/index.php\/wp-json\/wp\/v2\/users\/8"}],"replies":[{"embeddable":true,"href":"https:\/\/corrientesdetarde.com\/index.php\/wp-json\/wp\/v2\/comments?post=159270"}],"version-history":[{"count":1,"href":"https:\/\/corrientesdetarde.com\/index.php\/wp-json\/wp\/v2\/posts\/159270\/revisions"}],"predecessor-version":[{"id":159281,"href":"https:\/\/corrientesdetarde.com\/index.php\/wp-json\/wp\/v2\/posts\/159270\/revisions\/159281"}],"wp:featuredmedia":[{"embeddable":true,"href":"https:\/\/corrientesdetarde.com\/index.php\/wp-json\/wp\/v2\/media\/159280"}],"wp:attachment":[{"href":"https:\/\/corrientesdetarde.com\/index.php\/wp-json\/wp\/v2\/media?parent=159270"}],"wp:term":[{"taxonomy":"category","embeddable":true,"href":"https:\/\/corrientesdetarde.com\/index.php\/wp-json\/wp\/v2\/categories?post=159270"},{"taxonomy":"post_tag","embeddable":true,"href":"https:\/\/corrientesdetarde.com\/index.php\/wp-json\/wp\/v2\/tags?post=159270"}],"curies":[{"name":"wp","href":"https:\/\/api.w.org\/{rel}","templated":true}]}}