{"id":159282,"date":"2024-08-14T15:31:52","date_gmt":"2024-08-14T18:31:52","guid":{"rendered":"https:\/\/corrientesdetarde.com\/?p=159282"},"modified":"2024-08-14T15:32:04","modified_gmt":"2024-08-14T18:32:04","slug":"operadores-turisticos-nacionales-e-internacionales-atraidos-por-las-bondades-correntinas","status":"publish","type":"post","link":"https:\/\/corrientesdetarde.com\/index.php\/turismo\/operadores-turisticos-nacionales-e-internacionales-atraidos-por-las-bondades-correntinas\/","title":{"rendered":"Operadores tur\u00edsticos nacionales e internacionales atra\u00eddos por las bondades correntinas"},"content":{"rendered":"\n<p>&#8220;Compre Corrientes&#8221;, el programa dise\u00f1ado por el Gobierno provincial a trav\u00e9s del Ministerio de Turismo dirigido a operadores tur\u00edsticos nacionales e internacionales, se encuentra en pleno desarrollo con la visita de los invitados dando marco a un tour de familiarizaci\u00f3n.<br>Se trata de diferentes recorridos y destinos, previamente seleccionados de acuerdo a cada inter\u00e9s particular, que incluye en esta oportunidad a los municipios de Ituzaing\u00f3, Concepci\u00f3n del Yaguaret\u00e9 Cor\u00e1 (Portal Carambola &#8211; Iber\u00e1), It\u00e1 Ibat\u00e9, Loreto, Empedrado, Paso de la Patria y Capital.<br>El objetivo de la iniciativa es impulsar el desarrollo tur\u00edstico generando nuevas oportunidades de negocios para el este sector y forma parte de las acciones estrat\u00e9gicas planteadas desde el Gobierno Provincial, a trav\u00e9s de la cartera tur\u00edstica, en coordinaci\u00f3n con la Subsecretar\u00eda de Hacienda, organismo a cargo de&nbsp;Patricio Carando quien encabeza la representaci\u00f3n de la Provincia ante el Consejo Federal de Inversiones (CFI), con el prop\u00f3sito de generar un impacto positivo en la econom\u00eda local.<br>La actividad la realizan operadores de Inti Jet de Santiago del Estero, Abba de Tucum\u00e1n, Stylo de C\u00f3rdoba y Uma Travel de Salta; mientras que tambi\u00e9n lo hacen Consorcio Travel y DPT Travel Group de la ciudad de Asunci\u00f3n del Paraguay y MB Viagens e Intera\u00e7\u00e3o Viagens Turism, del Brasil.<br>Posicionar a la provincia como un destino tur\u00edstico de primer nivel y fortalecer los lazos comerciales con operadores tur\u00edsticos nacionales e internacionales, es la misi\u00f3n de este programa y para ello los invitados, adem\u00e1s de conocer la oferta y vivenciarla, formar\u00e1n parte de una etapa de comercializaci\u00f3n y de presentaci\u00f3n del destino donde tomar\u00e1n contacto con sus pares de nuestra provincia a fin de incorporar a Corrientes entre sus paquetes tur\u00edsticos. &nbsp;<br>En esta instancia (workshop en la ciudad de Corrientes), los operadores tur\u00edsticos locales e internacionales podr\u00e1n intercambiar experiencias, establecer contactos y concretar negocios.<\/p>\n","protected":false},"excerpt":{"rendered":"<p>&#8220;Compre Corrientes&#8221;, el programa dise\u00f1ado por el Gobierno provincial a trav\u00e9s del Ministerio de Turismo dirigido a operadores tur\u00edsticos nacionales e internacionales, se encuentra en pleno desarrollo con la visita&hellip; <\/p>\n","protected":false},"author":8,"featured_media":159283,"comment_status":"closed","ping_status":"open","sticky":false,"template":"","format":"standard","meta":{"footnotes":""},"categories":[31],"tags":[],"class_list":["post-159282","post","type-post","status-publish","format-standard","has-post-thumbnail","hentry","category-turismo"],"_links":{"self":[{"href":"https:\/\/corrientesdetarde.com\/index.php\/wp-json\/wp\/v2\/posts\/159282","targetHints":{"allow":["GET"]}}],"collection":[{"href":"https:\/\/corrientesdetarde.com\/index.php\/wp-json\/wp\/v2\/posts"}],"about":[{"href":"https:\/\/corrientesdetarde.com\/index.php\/wp-json\/wp\/v2\/types\/post"}],"author":[{"embeddable":true,"href":"https:\/\/corrientesdetarde.com\/index.php\/wp-json\/wp\/v2\/users\/8"}],"replies":[{"embeddable":true,"href":"https:\/\/corrientesdetarde.com\/index.php\/wp-json\/wp\/v2\/comments?post=159282"}],"version-history":[{"count":1,"href":"https:\/\/corrientesdetarde.com\/index.php\/wp-json\/wp\/v2\/posts\/159282\/revisions"}],"predecessor-version":[{"id":159284,"href":"https:\/\/corrientesdetarde.com\/index.php\/wp-json\/wp\/v2\/posts\/159282\/revisions\/159284"}],"wp:featuredmedia":[{"embeddable":true,"href":"https:\/\/corrientesdetarde.com\/index.php\/wp-json\/wp\/v2\/media\/159283"}],"wp:attachment":[{"href":"https:\/\/corrientesdetarde.com\/index.php\/wp-json\/wp\/v2\/media?parent=159282"}],"wp:term":[{"taxonomy":"category","embeddable":true,"href":"https:\/\/corrientesdetarde.com\/index.php\/wp-json\/wp\/v2\/categories?post=159282"},{"taxonomy":"post_tag","embeddable":true,"href":"https:\/\/corrientesdetarde.com\/index.php\/wp-json\/wp\/v2\/tags?post=159282"}],"curies":[{"name":"wp","href":"https:\/\/api.w.org\/{rel}","templated":true}]}}