{"id":159306,"date":"2024-08-14T20:17:03","date_gmt":"2024-08-14T23:17:03","guid":{"rendered":"https:\/\/corrientesdetarde.com\/?p=159306"},"modified":"2024-08-14T20:17:14","modified_gmt":"2024-08-14T23:17:14","slug":"la-inflacion-de-julio-fue-de-4-y-acumulo-2634-en-los-ultimos-doce-meses","status":"publish","type":"post","link":"https:\/\/corrientesdetarde.com\/index.php\/economia\/la-inflacion-de-julio-fue-de-4-y-acumulo-2634-en-los-ultimos-doce-meses\/","title":{"rendered":"La inflaci\u00f3n de julio fue de 4% y acumul\u00f3 263,4% en los \u00faltimos doce meses"},"content":{"rendered":"\n<p>El Nivel general del \u00cdndice de precios al consumidor registr\u00f3 un alza mensual de 4,0% en julio de 2024, y acumul\u00f3 en los siete primeros meses del a\u00f1o una variaci\u00f3n de 87,0%. En la comparaci\u00f3n interanual, el incremento alcanz\u00f3 el 263,4%.<\/p>\n\n\n\n<p><br>La divisi\u00f3n de mayor aumento en el mes fue Restaurantes y hoteles (6,5%) y Bebidas alcoh\u00f3licas y tabaco (6,1%) por el incremento en cigarrillos.<\/p>\n\n\n\n<p>Le siguieron Vivienda, agua, electricidad y otros combustibles (6,0%) por las subas en Alquiler de la vivienda y gastos conexos y Suministro de agua.<\/p>\n\n\n\n<p>La divisi\u00f3n con mayor incidencia en todas las regiones \u2013excepto en la regi\u00f3n Noreste\u2013 fue Alimentos y bebidas no alcoh\u00f3licas (3,2%), donde se destacaron los aumentos de Frutas y Verduras, tub\u00e9rculos y legumbres.<\/p>\n\n\n\n<p>En la regi\u00f3n Noreste la mayor incidencia la tuvo Vivienda, agua, electricidad y otros combustibles (6,0%) por los incrementos de Electricidad, gas y otros combustibles, Alquiler de la vivienda y gastos conexos y Suministro de agua.<\/p>\n\n\n\n<p>Las dos divisiones que registraron las menores variaciones en julio fueron Prendas de vestir y calzado (1,6%) y Transporte (2,6%).<\/p>\n\n\n\n<p>A nivel de las categor\u00edas, Estacionales (5,1%) lider\u00f3 el incremento \u2013por las subas en Frutas y Verduras, tub\u00e9rculos y legumbres\u2013, seguida por Regulados (4,3%) por las subas en cigarrillos y tarifas, mientras que el IPC N\u00facleo aument\u00f3 un 3,8%.<\/p>\n","protected":false},"excerpt":{"rendered":"<p>El Nivel general del \u00cdndice de precios al consumidor registr\u00f3 un alza mensual de 4,0% en julio de 2024, y acumul\u00f3 en los siete primeros meses del a\u00f1o una variaci\u00f3n&hellip; <\/p>\n","protected":false},"author":12,"featured_media":159318,"comment_status":"closed","ping_status":"open","sticky":false,"template":"","format":"standard","meta":{"footnotes":""},"categories":[23,20],"tags":[],"class_list":["post-159306","post","type-post","status-publish","format-standard","has-post-thumbnail","hentry","category-actualidad","category-economia"],"_links":{"self":[{"href":"https:\/\/corrientesdetarde.com\/index.php\/wp-json\/wp\/v2\/posts\/159306","targetHints":{"allow":["GET"]}}],"collection":[{"href":"https:\/\/corrientesdetarde.com\/index.php\/wp-json\/wp\/v2\/posts"}],"about":[{"href":"https:\/\/corrientesdetarde.com\/index.php\/wp-json\/wp\/v2\/types\/post"}],"author":[{"embeddable":true,"href":"https:\/\/corrientesdetarde.com\/index.php\/wp-json\/wp\/v2\/users\/12"}],"replies":[{"embeddable":true,"href":"https:\/\/corrientesdetarde.com\/index.php\/wp-json\/wp\/v2\/comments?post=159306"}],"version-history":[{"count":1,"href":"https:\/\/corrientesdetarde.com\/index.php\/wp-json\/wp\/v2\/posts\/159306\/revisions"}],"predecessor-version":[{"id":159319,"href":"https:\/\/corrientesdetarde.com\/index.php\/wp-json\/wp\/v2\/posts\/159306\/revisions\/159319"}],"wp:featuredmedia":[{"embeddable":true,"href":"https:\/\/corrientesdetarde.com\/index.php\/wp-json\/wp\/v2\/media\/159318"}],"wp:attachment":[{"href":"https:\/\/corrientesdetarde.com\/index.php\/wp-json\/wp\/v2\/media?parent=159306"}],"wp:term":[{"taxonomy":"category","embeddable":true,"href":"https:\/\/corrientesdetarde.com\/index.php\/wp-json\/wp\/v2\/categories?post=159306"},{"taxonomy":"post_tag","embeddable":true,"href":"https:\/\/corrientesdetarde.com\/index.php\/wp-json\/wp\/v2\/tags?post=159306"}],"curies":[{"name":"wp","href":"https:\/\/api.w.org\/{rel}","templated":true}]}}