{"id":159642,"date":"2024-08-16T08:15:01","date_gmt":"2024-08-16T11:15:01","guid":{"rendered":"https:\/\/corrientesdetarde.com\/?p=159642"},"modified":"2024-08-16T08:15:12","modified_gmt":"2024-08-16T11:15:12","slug":"identificaron-a-las-mujeres-que-murieron-en-el-choque-entre-un-camion-y-un-auto","status":"publish","type":"post","link":"https:\/\/corrientesdetarde.com\/index.php\/policiales\/identificaron-a-las-mujeres-que-murieron-en-el-choque-entre-un-camion-y-un-auto\/","title":{"rendered":"Identificaron a las mujeres que murieron en el choque entre un cami\u00f3n y un auto"},"content":{"rendered":"\n<p><strong>Dos mujeres murieron y un hombre&nbsp;result\u00f3 herido<\/strong>&nbsp;este jueves tras el choque entre un auto y un cami\u00f3n entre las localidades correntinas&nbsp;de Monte Caseros y Curuz\u00fa Cuati\u00e1, informaron testigos del accidente.&nbsp;<\/p>\n\n\n\n<p>Seg\u00fan se pudo saber hasta el momento, el siniestro vial se registr\u00f3 pasadas las 13, por la Ruta nacional N\u00b0 119 a la altura del kil\u00f3metro 2.&nbsp;<\/p>\n\n\n\n<p>\u00a0Por causas que se tratan de establecer, chocaron un autom\u00f3vil marca Sandero,\u00a0que\u00a0ten\u00eda como ocupantes a tres personas mayores de edad (dos mujeres y un hombre), y un cami\u00f3n el cual era conducido por un hombre mayor de edad.<\/p>\n\n\n\n<p>Como consecuencia, las dos mujeres ocupantes del rodado de menor porte fallecieron en el lugar.&nbsp;<strong>Las v\u00edctimas fatales fueron identificadas como&nbsp;Karen Ludmina&nbsp;Almeyra y Yamila Soledad&nbsp;Sosa.&nbsp;<\/strong><\/p>\n\n\n\n<p>Entre tanto, el hombre fue trasladado al Hospital de Curuz\u00fa Cuat\u00eda&nbsp;en grave estado.&nbsp;<\/p>\n\n\n\n<p>&#8220;Veo como el cami\u00f3n se cruza para la banquina, siento la explosi\u00f3n y veo el auto (volar) a la altura que ten\u00eda el cami\u00f3n&#8221;, cont\u00f3 un testigo que circulaba en su veh\u00edculo por la ruta al momento del accidente.<\/p>\n\n\n\n<p>Adem\u00e1s, en declaraciones a A24&nbsp;detall\u00f3 que observ\u00f3 a &#8220;una se\u00f1ora que falleci\u00f3 tirada en el piso&#8221;.<\/p>\n\n\n\n<p>Por el momento se desconocen las identidades de las v\u00edctimas fatales.&nbsp;<\/p>\n","protected":false},"excerpt":{"rendered":"<p>Dos mujeres murieron y un hombre&nbsp;result\u00f3 herido&nbsp;este jueves tras el choque entre un auto y un cami\u00f3n entre las localidades correntinas&nbsp;de Monte Caseros y Curuz\u00fa Cuati\u00e1, informaron testigos del accidente.&nbsp;&hellip; <\/p>\n","protected":false},"author":1,"featured_media":159650,"comment_status":"closed","ping_status":"open","sticky":false,"template":"","format":"standard","meta":{"footnotes":""},"categories":[33],"tags":[],"class_list":["post-159642","post","type-post","status-publish","format-standard","has-post-thumbnail","hentry","category-policiales"],"_links":{"self":[{"href":"https:\/\/corrientesdetarde.com\/index.php\/wp-json\/wp\/v2\/posts\/159642","targetHints":{"allow":["GET"]}}],"collection":[{"href":"https:\/\/corrientesdetarde.com\/index.php\/wp-json\/wp\/v2\/posts"}],"about":[{"href":"https:\/\/corrientesdetarde.com\/index.php\/wp-json\/wp\/v2\/types\/post"}],"author":[{"embeddable":true,"href":"https:\/\/corrientesdetarde.com\/index.php\/wp-json\/wp\/v2\/users\/1"}],"replies":[{"embeddable":true,"href":"https:\/\/corrientesdetarde.com\/index.php\/wp-json\/wp\/v2\/comments?post=159642"}],"version-history":[{"count":1,"href":"https:\/\/corrientesdetarde.com\/index.php\/wp-json\/wp\/v2\/posts\/159642\/revisions"}],"predecessor-version":[{"id":159651,"href":"https:\/\/corrientesdetarde.com\/index.php\/wp-json\/wp\/v2\/posts\/159642\/revisions\/159651"}],"wp:featuredmedia":[{"embeddable":true,"href":"https:\/\/corrientesdetarde.com\/index.php\/wp-json\/wp\/v2\/media\/159650"}],"wp:attachment":[{"href":"https:\/\/corrientesdetarde.com\/index.php\/wp-json\/wp\/v2\/media?parent=159642"}],"wp:term":[{"taxonomy":"category","embeddable":true,"href":"https:\/\/corrientesdetarde.com\/index.php\/wp-json\/wp\/v2\/categories?post=159642"},{"taxonomy":"post_tag","embeddable":true,"href":"https:\/\/corrientesdetarde.com\/index.php\/wp-json\/wp\/v2\/tags?post=159642"}],"curies":[{"name":"wp","href":"https:\/\/api.w.org\/{rel}","templated":true}]}}