{"id":159657,"date":"2024-08-16T08:38:31","date_gmt":"2024-08-16T11:38:31","guid":{"rendered":"https:\/\/corrientesdetarde.com\/?p=159657"},"modified":"2024-08-16T08:38:36","modified_gmt":"2024-08-16T11:38:36","slug":"san-roque-quien-fue-su-oracion-y-por-que-se-conmemora","status":"publish","type":"post","link":"https:\/\/corrientesdetarde.com\/index.php\/informacion-general\/san-roque-quien-fue-su-oracion-y-por-que-se-conmemora\/","title":{"rendered":"San Roque: qui\u00e9n fue, su oraci\u00f3n y por qu\u00e9 se conmemora"},"content":{"rendered":"\n<p>S<strong>an Roque\u00a0<\/strong>fue un peregrino franc\u00e9s que vivi\u00f3 entre los siglos XIV y XV. Naci\u00f3 en Montpellier, Francia, y se hizo famoso por su devoci\u00f3n a los enfermos, especialmente durante la plaga que asol\u00f3 Europa en su \u00e9poca. Aparentemente recorri\u00f3 Italia ayudando a los afectados por esta enfermedad, cur\u00e1ndolos y brind\u00e1ndoles consuelo.\u00a0<strong>Su figura se asoci\u00f3 r\u00e1pidamente con la protecci\u00f3n contra enfermedades y la sanaci\u00f3n.<\/strong><\/p>\n\n\n\n<h2 class=\"wp-block-heading\">\u00bfPor qu\u00e9 se lo conmemora cada 16 de agosto?<\/h2>\n\n\n\n<p>El 16 de agosto se celebra el d\u00eda de San Roque en honor a su vida dedicada al servicio de los dem\u00e1s. La Iglesia Cat\u00f3lica lo canoniz\u00f3 en reconocimiento a sus actos de caridad y su entrega a los enfermos. Su festividad se ha arraigado profundamente en la tradici\u00f3n popular, especialmente en regiones de Europa y Am\u00e9rica Latina.<\/p>\n\n\n\n<p>La asociaci\u00f3n de San Roque con los perros tiene su origen en una leyenda.<strong>&nbsp;Se cuenta que durante sus viajes, San Roque fue acompa\u00f1ado por un perro que lo proteg\u00eda y le llevaba comid<\/strong>a.<strong>&nbsp;Este canino se convirti\u00f3 en su fiel compa\u00f1ero y s\u00edmbolo de lealtad.<\/strong>&nbsp;Por esta raz\u00f3n, San Roque es invocado como protector de los animales, especialmente de los perros.<\/p>\n\n\n\n<h2 class=\"wp-block-heading\">Oraci\u00f3n a San Roque<\/h2>\n\n\n\n<p><em>San Roque, glorioso peregrino,<\/em><\/p>\n\n\n\n<p><em>que con tu amor sanaste a los enfermos,<\/em><\/p>\n\n\n\n<p><em>y con tu fe combatiste la peste,<\/em><\/p>\n\n\n\n<p><em>escucha nuestra humilde oraci\u00f3n.<\/em><\/p>\n\n\n\n<p><em>Protege a nuestros seres queridos,<\/em><\/p>\n\n\n\n<p><em>lib\u00e9ralos de toda enfermedad,<\/em><\/p>\n\n\n\n<p><em>y danos tu bendici\u00f3n.<\/em><\/p>\n\n\n\n<p><em>Concede salud a nuestros animales,<\/em><\/p>\n\n\n\n<p><em>especialmente a nuestros fieles perros,<\/em><\/p>\n\n\n\n<p><em>y gu\u00edanos por el camino de la caridad.<\/em><\/p>\n\n\n\n<p><em>Am\u00e9n.<\/em><\/p>\n\n\n\n<p><\/p>\n","protected":false},"excerpt":{"rendered":"<p>San Roque\u00a0fue un peregrino franc\u00e9s que vivi\u00f3 entre los siglos XIV y XV. Naci\u00f3 en Montpellier, Francia, y se hizo famoso por su devoci\u00f3n a los enfermos, especialmente durante la&hellip; <\/p>\n","protected":false},"author":1,"featured_media":159661,"comment_status":"closed","ping_status":"open","sticky":false,"template":"","format":"standard","meta":{"footnotes":""},"categories":[1],"tags":[],"class_list":["post-159657","post","type-post","status-publish","format-standard","has-post-thumbnail","hentry","category-informacion-general"],"_links":{"self":[{"href":"https:\/\/corrientesdetarde.com\/index.php\/wp-json\/wp\/v2\/posts\/159657","targetHints":{"allow":["GET"]}}],"collection":[{"href":"https:\/\/corrientesdetarde.com\/index.php\/wp-json\/wp\/v2\/posts"}],"about":[{"href":"https:\/\/corrientesdetarde.com\/index.php\/wp-json\/wp\/v2\/types\/post"}],"author":[{"embeddable":true,"href":"https:\/\/corrientesdetarde.com\/index.php\/wp-json\/wp\/v2\/users\/1"}],"replies":[{"embeddable":true,"href":"https:\/\/corrientesdetarde.com\/index.php\/wp-json\/wp\/v2\/comments?post=159657"}],"version-history":[{"count":1,"href":"https:\/\/corrientesdetarde.com\/index.php\/wp-json\/wp\/v2\/posts\/159657\/revisions"}],"predecessor-version":[{"id":159662,"href":"https:\/\/corrientesdetarde.com\/index.php\/wp-json\/wp\/v2\/posts\/159657\/revisions\/159662"}],"wp:featuredmedia":[{"embeddable":true,"href":"https:\/\/corrientesdetarde.com\/index.php\/wp-json\/wp\/v2\/media\/159661"}],"wp:attachment":[{"href":"https:\/\/corrientesdetarde.com\/index.php\/wp-json\/wp\/v2\/media?parent=159657"}],"wp:term":[{"taxonomy":"category","embeddable":true,"href":"https:\/\/corrientesdetarde.com\/index.php\/wp-json\/wp\/v2\/categories?post=159657"},{"taxonomy":"post_tag","embeddable":true,"href":"https:\/\/corrientesdetarde.com\/index.php\/wp-json\/wp\/v2\/tags?post=159657"}],"curies":[{"name":"wp","href":"https:\/\/api.w.org\/{rel}","templated":true}]}}