{"id":159689,"date":"2024-08-16T11:11:03","date_gmt":"2024-08-16T14:11:03","guid":{"rendered":"https:\/\/corrientesdetarde.com\/?p=159689"},"modified":"2024-08-16T11:11:14","modified_gmt":"2024-08-16T14:11:14","slug":"rescataron-a-una-familia-de-monos-caraya-que-eran-maltratados","status":"publish","type":"post","link":"https:\/\/corrientesdetarde.com\/index.php\/informacion-general\/rescataron-a-una-familia-de-monos-caraya-que-eran-maltratados\/","title":{"rendered":"Rescataron a una familia de monos caray\u00e1 que eran maltratados"},"content":{"rendered":"\n<p>La Polic\u00eda de Corrientes inform\u00f3 este viernes que\u00a0puso en resguardo a una familia de monos Caray\u00e1 que habr\u00edan sido v\u00edctimas de maltrato.<\/p>\n\n\n\n<p>El hecho tuvo lugar el&nbsp;d\u00eda jueves en cercan\u00edas del barrio Dr. Monta\u00f1a de la Capital correntina.&nbsp;<\/p>\n\n\n\n<p>Efectivos de la fuerza acudieron en relaci\u00f3n a una denuncia realizada por una mujer, por un caso de maltrato hacia una familia de monos caray\u00e1 que se hallaban en zonas del barrio correntino.&nbsp;<\/p>\n\n\n\n<p>Finalmente y tras un gran trabajo llevado a cabo lograron trasladar a los animales para su protecci\u00f3n y curaciones correspondientes, detallaron.&nbsp;<\/p>\n\n\n\n<p>Cabe se\u00f1alar, que adem\u00e1s por disposici\u00f3n de la Unidad Fiscal de Investigaci\u00f3n se dieron inicio a actuaciones judiciales.<\/p>\n","protected":false},"excerpt":{"rendered":"<p>La Polic\u00eda de Corrientes inform\u00f3 este viernes que\u00a0puso en resguardo a una familia de monos Caray\u00e1 que habr\u00edan sido v\u00edctimas de maltrato. El hecho tuvo lugar el&nbsp;d\u00eda jueves en cercan\u00edas&hellip; <\/p>\n","protected":false},"author":1,"featured_media":159699,"comment_status":"closed","ping_status":"open","sticky":false,"template":"","format":"standard","meta":{"footnotes":""},"categories":[1],"tags":[],"class_list":["post-159689","post","type-post","status-publish","format-standard","has-post-thumbnail","hentry","category-informacion-general"],"_links":{"self":[{"href":"https:\/\/corrientesdetarde.com\/index.php\/wp-json\/wp\/v2\/posts\/159689","targetHints":{"allow":["GET"]}}],"collection":[{"href":"https:\/\/corrientesdetarde.com\/index.php\/wp-json\/wp\/v2\/posts"}],"about":[{"href":"https:\/\/corrientesdetarde.com\/index.php\/wp-json\/wp\/v2\/types\/post"}],"author":[{"embeddable":true,"href":"https:\/\/corrientesdetarde.com\/index.php\/wp-json\/wp\/v2\/users\/1"}],"replies":[{"embeddable":true,"href":"https:\/\/corrientesdetarde.com\/index.php\/wp-json\/wp\/v2\/comments?post=159689"}],"version-history":[{"count":1,"href":"https:\/\/corrientesdetarde.com\/index.php\/wp-json\/wp\/v2\/posts\/159689\/revisions"}],"predecessor-version":[{"id":159700,"href":"https:\/\/corrientesdetarde.com\/index.php\/wp-json\/wp\/v2\/posts\/159689\/revisions\/159700"}],"wp:featuredmedia":[{"embeddable":true,"href":"https:\/\/corrientesdetarde.com\/index.php\/wp-json\/wp\/v2\/media\/159699"}],"wp:attachment":[{"href":"https:\/\/corrientesdetarde.com\/index.php\/wp-json\/wp\/v2\/media?parent=159689"}],"wp:term":[{"taxonomy":"category","embeddable":true,"href":"https:\/\/corrientesdetarde.com\/index.php\/wp-json\/wp\/v2\/categories?post=159689"},{"taxonomy":"post_tag","embeddable":true,"href":"https:\/\/corrientesdetarde.com\/index.php\/wp-json\/wp\/v2\/tags?post=159689"}],"curies":[{"name":"wp","href":"https:\/\/api.w.org\/{rel}","templated":true}]}}