{"id":159703,"date":"2024-08-16T11:48:25","date_gmt":"2024-08-16T14:48:25","guid":{"rendered":"https:\/\/corrientesdetarde.com\/?p=159703"},"modified":"2024-08-16T11:48:36","modified_gmt":"2024-08-16T14:48:36","slug":"emitieron-un-alerta-por-peligro-de-incendios-forestales-en-corrientes-y-otras-17-provincias","status":"publish","type":"post","link":"https:\/\/corrientesdetarde.com\/index.php\/medio-ambiente\/emitieron-un-alerta-por-peligro-de-incendios-forestales-en-corrientes-y-otras-17-provincias\/","title":{"rendered":"Emitieron un alerta por peligro de incendios forestales en Corrientes y otras 17 provincias"},"content":{"rendered":"\n<p>El Servicio Meteorol\u00f3gico Nacional (SMN) emiti\u00f3 un aviso en 18 provincias que se encuentran bajo alerta por peligro de incendio forestales durante todo el fin de semana. Durante la semana hubo focos \u00edgneos que se desataron en varias partes del pa\u00eds. El viernes ser\u00e1 el d\u00eda m\u00e1s cr\u00edtico.<\/p>\n\n\n\n<p>Los especialistas del organismo publicaron un informe sobre el \u00edndice de peligro de incendio que pronostic\u00f3 para los pr\u00f3ximos d\u00edas e indicaron que el \u00edndice &#8220;representa con facilidad con que puede generarse y propagarse el fuego&#8221;.<\/p>\n\n\n\n<p><br>A excepci\u00f3n de cuatro zonas, gran parte del pa\u00eds presenta condiciones altas para que se generen nuevos siniestros. Pero las provincias que est\u00e1n bajo alerta son Salta, Jujuy, Formosa, Chaco, Corrientes, Misiones, Santa Fe, el norte de Buenos Aires, C\u00f3rdoba, Santiago del Estero, Tucum\u00e1n, Catamarca, La Rioja, Mendoza, Neuqu\u00e9n, R\u00edo Negro, Chubut y Santa Cruz.<\/p>\n\n\n\n<p>Los especialistas indicaron que el nivel de peligrosidad menguar\u00e1 en el norte del pa\u00eds para el domingo. Mientras que el alerta no tendr\u00eda variaciones en la pataognia. Pero ya hab\u00edan alertado que en los pr\u00f3ximos tres meses en el noreste se iba a desarrollar una estaci\u00f3n seca y habr\u00e1 una disminuci\u00f3n de lluvias. Asimismo, en todo el territorio nacional se presentar\u00e1n temperaturas m\u00e1s altas de lo normal.<\/p>\n","protected":false},"excerpt":{"rendered":"<p>El Servicio Meteorol\u00f3gico Nacional (SMN) emiti\u00f3 un aviso en 18 provincias que se encuentran bajo alerta por peligro de incendio forestales durante todo el fin de semana. Durante la semana&hellip; <\/p>\n","protected":false},"author":1,"featured_media":159704,"comment_status":"closed","ping_status":"open","sticky":false,"template":"","format":"standard","meta":{"footnotes":""},"categories":[6],"tags":[],"class_list":["post-159703","post","type-post","status-publish","format-standard","has-post-thumbnail","hentry","category-medio-ambiente"],"_links":{"self":[{"href":"https:\/\/corrientesdetarde.com\/index.php\/wp-json\/wp\/v2\/posts\/159703","targetHints":{"allow":["GET"]}}],"collection":[{"href":"https:\/\/corrientesdetarde.com\/index.php\/wp-json\/wp\/v2\/posts"}],"about":[{"href":"https:\/\/corrientesdetarde.com\/index.php\/wp-json\/wp\/v2\/types\/post"}],"author":[{"embeddable":true,"href":"https:\/\/corrientesdetarde.com\/index.php\/wp-json\/wp\/v2\/users\/1"}],"replies":[{"embeddable":true,"href":"https:\/\/corrientesdetarde.com\/index.php\/wp-json\/wp\/v2\/comments?post=159703"}],"version-history":[{"count":1,"href":"https:\/\/corrientesdetarde.com\/index.php\/wp-json\/wp\/v2\/posts\/159703\/revisions"}],"predecessor-version":[{"id":159705,"href":"https:\/\/corrientesdetarde.com\/index.php\/wp-json\/wp\/v2\/posts\/159703\/revisions\/159705"}],"wp:featuredmedia":[{"embeddable":true,"href":"https:\/\/corrientesdetarde.com\/index.php\/wp-json\/wp\/v2\/media\/159704"}],"wp:attachment":[{"href":"https:\/\/corrientesdetarde.com\/index.php\/wp-json\/wp\/v2\/media?parent=159703"}],"wp:term":[{"taxonomy":"category","embeddable":true,"href":"https:\/\/corrientesdetarde.com\/index.php\/wp-json\/wp\/v2\/categories?post=159703"},{"taxonomy":"post_tag","embeddable":true,"href":"https:\/\/corrientesdetarde.com\/index.php\/wp-json\/wp\/v2\/tags?post=159703"}],"curies":[{"name":"wp","href":"https:\/\/api.w.org\/{rel}","templated":true}]}}