{"id":159716,"date":"2024-08-16T19:16:01","date_gmt":"2024-08-16T22:16:01","guid":{"rendered":"https:\/\/corrientesdetarde.com\/?p=159716"},"modified":"2024-08-16T19:16:02","modified_gmt":"2024-08-16T22:16:02","slug":"pobreza-y-mala-alimentacion-alertan-sobre-la-emergencia-nutricional-en-la-argentina","status":"publish","type":"post","link":"https:\/\/corrientesdetarde.com\/index.php\/economia\/pobreza-y-mala-alimentacion-alertan-sobre-la-emergencia-nutricional-en-la-argentina\/","title":{"rendered":"Pobreza y mala alimentaci\u00f3n: alertan sobre la emergencia nutricional en la Argentina"},"content":{"rendered":"\n<p>Un informe de la Sociedad Argentina de Pediatr\u00eda y el Observatorio de la Deuda Social Argentina alert\u00f3 sobre los principales desaf\u00edos que deben enfrentar los m\u00e1s chicos en su bienestar. Cu\u00e1les son los obst\u00e1culos en educaci\u00f3n y salud mental, seg\u00fan los expertos<a href=\"https:\/\/api.whatsapp.com\/send?text=Pobreza%20y%20mala%20alimentaci%C3%B3n:%20alertan%20sobre%20la%20emergencia%20nutricional%20en%20la%20Argentina%20-%20https:\/\/www.diarioepoca.com\/1329754-pobreza-y-mala-alimentacion-alertan-sobre-la-emergencia-nutricional-en-la-argentina?utm_source=WhatsApp%26utm_medium=WhatsApp%26utm_campaign=WhatsApp%26utm_term=WhatsApp\" target=\"_blank\" rel=\"noreferrer noopener\"><\/a><a href=\"https:\/\/www.diarioepoca.com\/1329754-pobreza-y-mala-alimentacion-alertan-sobre-la-emergencia-nutricional-en-la-argentina#\"><\/a><a href=\"https:\/\/www.diarioepoca.com\/1329754-pobreza-y-mala-alimentacion-alertan-sobre-la-emergencia-nutricional-en-la-argentina#\"><\/a><\/p>\n\n\n\n<p>La Sociedad Argentina de Pediatr\u00eda (SAP), en conjunto con el Observatorio de la Deuda Social Argentina de la UCA (ODSA) y el Observatorio de la Infancia y la Adolescencia, ha presentado un an\u00e1lisis detallado sobre las condiciones que afectan a los ni\u00f1os, ni\u00f1as y adolescentes (NNyA) en el pa\u00eds. Frente a las actuales dificultades econ\u00f3micas y sociales, el estudio pone de relieve el desaf\u00edo que representa la pobreza infantil y la emergencia alimentaria para la salud y bienestar de los m\u00e1s j\u00f3venes<\/p>\n\n\n\n<p>En el documento, realizado en el marco del D\u00eda de las Infancias, los expertos destacaron que &#8220;la crisis econ\u00f3mica, social y la pobreza, profundizadas en el \u00faltimo quinquenio, exponen inequidades toleradas hasta ahora por parte de nuestra sociedad, no solo en cuestiones sanitarias, sino tambi\u00e9n en el \u00e1mbito social, econ\u00f3mico y educativo, que han afectado a las poblaciones m\u00e1s vulnerables&#8221;.<\/p>\n\n\n\n<p>&nbsp;&#8220;Los preocupantes \u00edndices de pobreza y la emergencia alimentaria, entre otros par\u00e1metros, constituyen una realidad incontrastable -se\u00f1alaron-. Ser pobre implica ser invisible a toda la sociedad. Ser un ni\u00f1o pobre, es ser a\u00fan m\u00e1s invisible&#8221;.<\/p>\n\n\n\n<p>&nbsp;Los Objetivos de Desarrollo Sostenible (ODS) de la ONU, a los cuales Argentina adhiere, establecieron metas fundamentales para el a\u00f1o 2030 que impactan directamente en la ni\u00f1ez y adolescencia. Espec\u00edficamente, los objetivos de &#8220;Fin de la pobreza&#8221;, &#8220;Hambre cero&#8221;, &#8220;Salud y bienestar&#8221;,<\/p>\n\n\n\n<p>&#8220;Educaci\u00f3n de calidad&#8221; e &#8220;Igualdad de g\u00e9nero&#8221;, son clave para asegurar un desarrollo integral de los menores. En este contexto, la SAP alert\u00f3 sobre la persistente vulnerabilidad de los derechos de los ni\u00f1os, ni\u00f1as y adolescentes (NNyA) debido a la crisis econ\u00f3mica y social.<\/p>\n\n\n\n<p><strong>Alertan sobre la emergencia nutricional en la Argentina<\/strong><br>&nbsp;Una mala nutrici\u00f3n los primeros a\u00f1os de vida puede dejar secuelas permanentes que dificultan la adaptaci\u00f3n a la sociedad y el aprendizaje (Getty)<br>&nbsp;<br>Entre los puntos m\u00e1s destacados del documento, los especialistas remarcaron que la inseguridad alimentaria impacta al 64,5% de ni\u00f1os y adolescentes en Argentina, con cifras en aumento desde 2004.<\/p>\n\n\n\n<p>&nbsp;&#8220;Desde 2002, la emergencia alimentaria en nuestro pa\u00eds, establecida por el Decreto del Poder Ejecutivo Nacional 108\/2002, refleja de manera aguda la inequidad social, afectando especialmente a los sectores m\u00e1s desfavorecidos y a la infancia y adolescencia&#8221;, enfatizaron los pediatras, quienes remarcaron que &#8220;una alimentaci\u00f3n inadecuada impacta negativamente en el crecimiento, el desarrollo y la salud integral&#8221;.<\/p>\n\n\n\n<p>Seg\u00fan los expertos, &#8220;esta situaci\u00f3n demanda acciones urgentes y sostenibles a largo plazo. El hambre, especialmente en los ni\u00f1os, es inaceptable&#8221;.<\/p>\n\n\n\n<p><strong>Baja cobertura de vacunas<\/strong><br>Adem\u00e1s, los expertos indicaron que los ni\u00f1os de Argentina no est\u00e1n debidamente protegidos contra enfermedades que hab\u00edan sido controladas con las vacunas, al tiempo que alertaron que se registran casos nuevamente en el pa\u00eds, por ejemplo, de sarampi\u00f3n.<\/p>\n\n\n\n<p>En la mirada de los especialistas, es preocupante que, a pesar de la lenta recuperaci\u00f3n tras la pandemia, &#8220;las tasas de vacunaci\u00f3n en lactantes para completar el esquema primario sigan siendo igual o menores al 80%, 15 puntos por debajo del objetivo \u00f3ptimo del 95% necesario para lograr una cobertura universal o de reba\u00f1o&#8221;.<\/p>\n\n\n\n<p>Datos oficiales indican que, a finales de 2023, 112.000 ni\u00f1os de 0 a 5 a\u00f1os no hab\u00edan recibido ninguna vacuna, y 37.000 ten\u00edan su esquema incompleto. &#8220;Esta brecha supone un riesgo significativo para la salud p\u00fablica en general y para los ni\u00f1os en particular, con posibles consecuencias en el aumento de casos de enfermedades prevenibles por vacunaci\u00f3n, como la meningitis bacteriana&#8221;, advirtieron desde la SAP.<\/p>\n\n\n\n<p>&#8220;Es imperativo abordar esta situaci\u00f3n de manera urgente y prioritaria mediante pol\u00edticas p\u00fablicas que garanticen la cobertura completa para todos los ni\u00f1os y adolescentes en todas las jurisdicciones del pa\u00eds&#8221;, consideraron.<\/p>\n","protected":false},"excerpt":{"rendered":"<p>Un informe de la Sociedad Argentina de Pediatr\u00eda y el Observatorio de la Deuda Social Argentina alert\u00f3 sobre los principales desaf\u00edos que deben enfrentar los m\u00e1s chicos en su bienestar.&hellip; <\/p>\n","protected":false},"author":12,"featured_media":159741,"comment_status":"closed","ping_status":"open","sticky":false,"template":"","format":"standard","meta":{"footnotes":""},"categories":[23,20],"tags":[],"class_list":["post-159716","post","type-post","status-publish","format-standard","has-post-thumbnail","hentry","category-actualidad","category-economia"],"_links":{"self":[{"href":"https:\/\/corrientesdetarde.com\/index.php\/wp-json\/wp\/v2\/posts\/159716","targetHints":{"allow":["GET"]}}],"collection":[{"href":"https:\/\/corrientesdetarde.com\/index.php\/wp-json\/wp\/v2\/posts"}],"about":[{"href":"https:\/\/corrientesdetarde.com\/index.php\/wp-json\/wp\/v2\/types\/post"}],"author":[{"embeddable":true,"href":"https:\/\/corrientesdetarde.com\/index.php\/wp-json\/wp\/v2\/users\/12"}],"replies":[{"embeddable":true,"href":"https:\/\/corrientesdetarde.com\/index.php\/wp-json\/wp\/v2\/comments?post=159716"}],"version-history":[{"count":1,"href":"https:\/\/corrientesdetarde.com\/index.php\/wp-json\/wp\/v2\/posts\/159716\/revisions"}],"predecessor-version":[{"id":159742,"href":"https:\/\/corrientesdetarde.com\/index.php\/wp-json\/wp\/v2\/posts\/159716\/revisions\/159742"}],"wp:featuredmedia":[{"embeddable":true,"href":"https:\/\/corrientesdetarde.com\/index.php\/wp-json\/wp\/v2\/media\/159741"}],"wp:attachment":[{"href":"https:\/\/corrientesdetarde.com\/index.php\/wp-json\/wp\/v2\/media?parent=159716"}],"wp:term":[{"taxonomy":"category","embeddable":true,"href":"https:\/\/corrientesdetarde.com\/index.php\/wp-json\/wp\/v2\/categories?post=159716"},{"taxonomy":"post_tag","embeddable":true,"href":"https:\/\/corrientesdetarde.com\/index.php\/wp-json\/wp\/v2\/tags?post=159716"}],"curies":[{"name":"wp","href":"https:\/\/api.w.org\/{rel}","templated":true}]}}