{"id":159717,"date":"2024-08-16T19:15:05","date_gmt":"2024-08-16T22:15:05","guid":{"rendered":"https:\/\/corrientesdetarde.com\/?p=159717"},"modified":"2024-08-16T19:15:09","modified_gmt":"2024-08-16T22:15:09","slug":"el-gobernador-gustavo-valdes-entrego-notebooks-a-alumnos-de-yapeyu","status":"publish","type":"post","link":"https:\/\/corrientesdetarde.com\/index.php\/locales\/el-gobernador-gustavo-valdes-entrego-notebooks-a-alumnos-de-yapeyu\/","title":{"rendered":"El gobernador Gustavo Vald\u00e9s entreg\u00f3 notebooks a alumnos de Yapey\u00fa"},"content":{"rendered":"\n<p>Continuando su visita por el interior, el gobernador Gustavo Vald\u00e9s entreg\u00f3 este viernes 127 notebooks del programa Incluir Futuro en el colegio Maip\u00fa de Yapey\u00fa. El mandatario destac\u00f3 el esfuerzo provincial en modernizar la educaci\u00f3n y dotar de herramientas inform\u00e1ticas a los j\u00f3venes y tambi\u00e9n docentes.<a href=\"https:\/\/api.whatsapp.com\/send?text=El%20gobernador%20Gustavo%20Vald%C3%A9s%20entreg%C3%B3%20notebooks%20a%20alumnos%20de%20Yapey%C3%BA%20-%20https:\/\/www.diarioepoca.com\/1329752-el-gobernador-gustavo-valdes-entrego-notebooks-a-alumnos-de-yapeyu?utm_source=WhatsApp%26utm_medium=WhatsApp%26utm_campaign=WhatsApp%26utm_term=WhatsApp\" target=\"_blank\" rel=\"noreferrer noopener\"><\/a><a href=\"https:\/\/www.diarioepoca.com\/1329752-el-gobernador-gustavo-valdes-entrego-notebooks-a-alumnos-de-yapeyu#\"><\/a><a href=\"https:\/\/www.diarioepoca.com\/1329752-el-gobernador-gustavo-valdes-entrego-notebooks-a-alumnos-de-yapeyu#\"><\/a><\/p>\n\n\n\n<p>Cabe destacar que con estas computadoras los docentes y alumnos acceden a todos los contenidos de &#8220;Educa Play&#8221;, el programa de formaci\u00f3n digital disponible en la plataforma &#8220;Corrientes Play&#8221; que desarroll\u00f3 el Gobierno Provincial para complementar el proceso de ense\u00f1anza-aprendizaje de las aulas.<\/p>\n\n\n\n<p><strong>El mundo digital<\/strong><\/p>\n\n\n\n<p>Al momento de tomar la palabra, el gobernador destac\u00f3 la importancia de contar con los equipamientos tecnol\u00f3gicos en manos de los estudiantes del nivel secundario para posicionarnos en el mundo digital. &#8220;Incluir futuro implica destinar una acci\u00f3n donde nosotros armamos y trabajamos en el contenido&#8221;, remarc\u00f3 Vald\u00e9s donde asegur\u00f3 que &#8220;los que salgan de la educaci\u00f3n p\u00fablica si no cuentan con estas herramientas tendr\u00e1n dificultades de sumarse al mundo digital&#8221;.<\/p>\n\n\n\n<p>En la ocasi\u00f3n, el gobernador resalt\u00f3 que con dicha entrega de notebook se completaron todos los niveles del nivel secundario con computadoras en Yapey\u00fa lo cual implica que &#8220;estamos dando paso al conocimiento y dentro del sistema educativo&#8221;.<\/p>\n\n\n\n<figure class=\"wp-block-image\"><img decoding=\"async\" src=\"https:\/\/www.diarioepoca.com\/content\/bucket\/9\/1378949w790h526c.jpg.webp\" alt=\"\"\/><\/figure>\n\n\n\n<p>Finalmente, haciendo referencia a la ciudad del Libertador inst\u00f3 a los estudiantes presentes a formarse para que &#8220;seamos cada uno de nosotros un San Martin 2.0&#8221;.<\/p>\n\n\n\n<p><strong>Compromiso con la educaci\u00f3n<\/strong><\/p>\n\n\n\n<p>Al iniciar su discurso, la ministra de Educaci\u00f3n de la provincia, Pr\u00e1xedes L\u00f3pez remarc\u00f3 la importancia del Gobierno por la entrega de las notebooks y resalt\u00f3 que Incluir Futuro &#8220;es una iniciativa del Gobernador que quer\u00eda que cada alumno que ingrese a la escuela secundaria tenga una computadora y se est\u00e1 haciendo realidad&#8221;.<\/p>\n\n\n\n<p>Para cerrar, la ministra inst\u00f3 a que los alumnos y docentes saquen provecho del contenido audiovisual para interiorizarse de las nuevas formas de sumergirse en el mundo digital.<\/p>\n\n\n\n<figure class=\"wp-block-image\"><img decoding=\"async\" src=\"https:\/\/www.diarioepoca.com\/content\/bucket\/0\/1378950w790h537c.jpg.webp\" alt=\"\"\/><\/figure>\n\n\n\n<p><strong>Palabras de la intendenta y rector<\/strong><\/p>\n\n\n\n<p>&#8220;Hoy estamos felices por ustedes, porque cada uno de los alumnos accedan a la herramienta que es tan importante para el crecimiento de Yapey\u00fa y la provincia&#8221;, expres\u00f3 la intendenta de Yapey\u00fa, Marisol Fag\u00fandez en su discurso.<\/p>\n\n\n\n<p>Asimismo, remarc\u00f3 que &#8220;esta es una herramienta para crecer y le abrir\u00e1 muchas puertas grandes para el futuro&#8221;.<\/p>\n\n\n\n<p>Por su parte, el rector del Colegio Secundario, Jos\u00e9 Villalva dijo que &#8220;me es grato compartir este momento feliz de nuestros alumnos al recibir tan importante herramienta pedag\u00f3gica que tiene como meta mejorar el rendimiento de ense\u00f1anza y aprendizaje&#8221; luego agreg\u00f3 que &#8220;esta nueva herramienta que hoy est\u00e1n recibiendo los alumnos, implica mayor compromiso de todo el cuerpo docente, quienes deben aumentar a\u00fan m\u00e1s el compromiso de aprender y perfeccionarse en el uso de m\u00e1s aplicaciones did\u00e1cticas&#8221;.<\/p>\n\n\n\n<p>En la oportunidad, acompa\u00f1aron al &nbsp;gobernador la intendenta municipal, Marisol Fag\u00fandez; el vicepresidente &nbsp;primero del Senado, Henry Fick; la ministra de Educaci\u00f3n, Pr\u00e1xedes L\u00f3pez y los dem\u00e1s miembros del &nbsp;Ejecutivo; legisladores; intendentes de localidades vecinas; el Director de Educaci\u00f3n Secundaria, Sergio Guti\u00e9rrez; el rector del Colegio Secundaria Maip\u00fa, Jos\u00e9 Villalva y dem\u00e1s autoridades<\/p>\n","protected":false},"excerpt":{"rendered":"<p>Continuando su visita por el interior, el gobernador Gustavo Vald\u00e9s entreg\u00f3 este viernes 127 notebooks del programa Incluir Futuro en el colegio Maip\u00fa de Yapey\u00fa. El mandatario destac\u00f3 el esfuerzo&hellip; <\/p>\n","protected":false},"author":12,"featured_media":159739,"comment_status":"closed","ping_status":"open","sticky":false,"template":"","format":"standard","meta":{"footnotes":""},"categories":[32,8],"tags":[],"class_list":["post-159717","post","type-post","status-publish","format-standard","has-post-thumbnail","hentry","category-educacion","category-locales"],"_links":{"self":[{"href":"https:\/\/corrientesdetarde.com\/index.php\/wp-json\/wp\/v2\/posts\/159717","targetHints":{"allow":["GET"]}}],"collection":[{"href":"https:\/\/corrientesdetarde.com\/index.php\/wp-json\/wp\/v2\/posts"}],"about":[{"href":"https:\/\/corrientesdetarde.com\/index.php\/wp-json\/wp\/v2\/types\/post"}],"author":[{"embeddable":true,"href":"https:\/\/corrientesdetarde.com\/index.php\/wp-json\/wp\/v2\/users\/12"}],"replies":[{"embeddable":true,"href":"https:\/\/corrientesdetarde.com\/index.php\/wp-json\/wp\/v2\/comments?post=159717"}],"version-history":[{"count":1,"href":"https:\/\/corrientesdetarde.com\/index.php\/wp-json\/wp\/v2\/posts\/159717\/revisions"}],"predecessor-version":[{"id":159740,"href":"https:\/\/corrientesdetarde.com\/index.php\/wp-json\/wp\/v2\/posts\/159717\/revisions\/159740"}],"wp:featuredmedia":[{"embeddable":true,"href":"https:\/\/corrientesdetarde.com\/index.php\/wp-json\/wp\/v2\/media\/159739"}],"wp:attachment":[{"href":"https:\/\/corrientesdetarde.com\/index.php\/wp-json\/wp\/v2\/media?parent=159717"}],"wp:term":[{"taxonomy":"category","embeddable":true,"href":"https:\/\/corrientesdetarde.com\/index.php\/wp-json\/wp\/v2\/categories?post=159717"},{"taxonomy":"post_tag","embeddable":true,"href":"https:\/\/corrientesdetarde.com\/index.php\/wp-json\/wp\/v2\/tags?post=159717"}],"curies":[{"name":"wp","href":"https:\/\/api.w.org\/{rel}","templated":true}]}}