{"id":159720,"date":"2024-08-16T19:06:03","date_gmt":"2024-08-16T22:06:03","guid":{"rendered":"https:\/\/corrientesdetarde.com\/?p=159720"},"modified":"2024-08-16T19:06:07","modified_gmt":"2024-08-16T22:06:07","slug":"valdes-recibio-al-embajador-de-japon-en-argentina","status":"publish","type":"post","link":"https:\/\/corrientesdetarde.com\/index.php\/informacion-general\/valdes-recibio-al-embajador-de-japon-en-argentina\/","title":{"rendered":"Vald\u00e9s recibi\u00f3 al embajador de Jap\u00f3n en Argentina"},"content":{"rendered":"\n<p>El gobernador de Corrientes recibi\u00f3 esta ma\u00f1ana al embajador de Jap\u00f3n en Argentina, Hiroshi Yamauchi, en su despacho oficial del Centro Administrativo. El encuentro se dio en el marco de la visita del diplom\u00e1tico por&nbsp;Capital, oportunidad en la que don\u00f3 un equipamiento de \u00faltima generaci\u00f3n al Hospital Vidal local.<\/p>\n\n\n\n<p>\u201cHemos dialogado sobre la relaciones bilaterales entre ambas naciones, que se establecieron en 1898, as\u00ed como c\u00f3mo la provincia puede fortalecer su rol en el v\u00ednculo a partir de su producci\u00f3n\u201d, expres\u00f3 el mandatario, a trav\u00e9s de su cuenta de X.<\/p>\n\n\n\n<p>En este contexto, Vald\u00e9s, adem\u00e1s, agradeci\u00f3 p\u00fablicamente la donaci\u00f3n del&nbsp;analizador autom\u00e1tico de qu\u00edmica cl\u00ednica realizada&nbsp;por el pueblo japon\u00e9s al Laboratorio de Urgencias del hospital Juan Ram\u00f3n Vidal de la ciudad.<\/p>\n\n\n\n<p>&#8220;Este gesto, enmarcado en el Programa de Asistencia a Proyectos Comunitarios de Seguridad Humana que financia la Embajada de Jap\u00f3n en Argentina, permitir\u00e1 a los m\u00e9dicos, enfermeros y bioqu\u00edmicos obtener resultados m\u00e1s r\u00e1pidos y precisos, mejorando la eficiencia de su trabajo ante un emergencia\u201d, a\u00f1adi\u00f3 el mismo titular del Ejecutivo, a trav\u00e9s de la plataforma social.<\/p>\n\n\n\n<figure class=\"wp-block-gallery has-nested-images columns-default is-cropped wp-block-gallery-1 is-layout-flex wp-block-gallery-is-layout-flex\">\n<figure class=\"wp-block-image size-large\"><img loading=\"lazy\" decoding=\"async\" width=\"680\" height=\"454\" data-id=\"159729\" src=\"https:\/\/corrientesdetarde.com\/wp-content\/uploads\/2024\/08\/imagen-89629.jpg\" alt=\"\" class=\"wp-image-159729\" srcset=\"https:\/\/corrientesdetarde.com\/wp-content\/uploads\/2024\/08\/imagen-89629.jpg 680w, https:\/\/corrientesdetarde.com\/wp-content\/uploads\/2024\/08\/imagen-89629-300x200.jpg 300w\" sizes=\"auto, (max-width: 680px) 100vw, 680px\" \/><\/figure>\n<\/figure>\n","protected":false},"excerpt":{"rendered":"<p>El gobernador de Corrientes recibi\u00f3 esta ma\u00f1ana al embajador de Jap\u00f3n en Argentina, Hiroshi Yamauchi, en su despacho oficial del Centro Administrativo. El encuentro se dio en el marco de&hellip; <\/p>\n","protected":false},"author":12,"featured_media":159730,"comment_status":"closed","ping_status":"open","sticky":false,"template":"","format":"standard","meta":{"footnotes":""},"categories":[1],"tags":[],"class_list":["post-159720","post","type-post","status-publish","format-standard","has-post-thumbnail","hentry","category-informacion-general"],"_links":{"self":[{"href":"https:\/\/corrientesdetarde.com\/index.php\/wp-json\/wp\/v2\/posts\/159720","targetHints":{"allow":["GET"]}}],"collection":[{"href":"https:\/\/corrientesdetarde.com\/index.php\/wp-json\/wp\/v2\/posts"}],"about":[{"href":"https:\/\/corrientesdetarde.com\/index.php\/wp-json\/wp\/v2\/types\/post"}],"author":[{"embeddable":true,"href":"https:\/\/corrientesdetarde.com\/index.php\/wp-json\/wp\/v2\/users\/12"}],"replies":[{"embeddable":true,"href":"https:\/\/corrientesdetarde.com\/index.php\/wp-json\/wp\/v2\/comments?post=159720"}],"version-history":[{"count":1,"href":"https:\/\/corrientesdetarde.com\/index.php\/wp-json\/wp\/v2\/posts\/159720\/revisions"}],"predecessor-version":[{"id":159731,"href":"https:\/\/corrientesdetarde.com\/index.php\/wp-json\/wp\/v2\/posts\/159720\/revisions\/159731"}],"wp:featuredmedia":[{"embeddable":true,"href":"https:\/\/corrientesdetarde.com\/index.php\/wp-json\/wp\/v2\/media\/159730"}],"wp:attachment":[{"href":"https:\/\/corrientesdetarde.com\/index.php\/wp-json\/wp\/v2\/media?parent=159720"}],"wp:term":[{"taxonomy":"category","embeddable":true,"href":"https:\/\/corrientesdetarde.com\/index.php\/wp-json\/wp\/v2\/categories?post=159720"},{"taxonomy":"post_tag","embeddable":true,"href":"https:\/\/corrientesdetarde.com\/index.php\/wp-json\/wp\/v2\/tags?post=159720"}],"curies":[{"name":"wp","href":"https:\/\/api.w.org\/{rel}","templated":true}]}}