{"id":159743,"date":"2024-08-16T20:05:51","date_gmt":"2024-08-16T23:05:51","guid":{"rendered":"https:\/\/corrientesdetarde.com\/?p=159743"},"modified":"2024-08-16T20:05:55","modified_gmt":"2024-08-16T23:05:55","slug":"la-corte-suprema-de-chile-ordeno-liberar-a-jones-huala-y-podra-volver-a-la-argentina","status":"publish","type":"post","link":"https:\/\/corrientesdetarde.com\/index.php\/politica\/la-corte-suprema-de-chile-ordeno-liberar-a-jones-huala-y-podra-volver-a-la-argentina\/","title":{"rendered":"La Corte Suprema de Chile orden\u00f3 liberar a Jones Huala y podr\u00e1 volver a la Argentina"},"content":{"rendered":"\n<h3 class=\"wp-block-heading\">Cumpl\u00eda su pena en el pa\u00eds lim\u00edtrofe tras haber sido extraditado. Fue condenado por delitos de incendio y porte ilegal de armas de fuego cometidos en 2013.<\/h3>\n\n\n\n<p><strong>Facundo Jones Huala<\/strong>, el exl\u00edder de la Resistencia Ancestral Mapuche (RAM), ser\u00e1 liberado por la Corte Suprema de<strong>\u00a0Chile<\/strong>. La Justicia de ese pa\u00eds consider\u00f3 que estaba\u00a0<strong>\u201cilegalmente privado de su libertad\u201d\u00a0<\/strong>y manifest\u00f3 que los tiempos de su sentencia ya se cumplieron el 14 de junio.<\/p>\n\n\n\n<p>El fallo del m\u00e1ximo tribunal trasandino hizo lugar a un recurso de amparo que present\u00f3 la defensa de Jones Huala y orden\u00f3 la libertad inmediata del condenado por&nbsp;<strong>delitos de incendio y porte ilegal de armas de fuego,<\/strong>&nbsp;cometidos en 2013.<\/p>\n\n\n\n<p>La Justicia sostuvo que la privaci\u00f3n de la libertad de Jones Huala se extendi\u00f3 y que no es posible invocar una normativa interna para desconocer que ya cumpli\u00f3 su condena:<strong>\u00a0\u201cHacerlo no solo configura un incumplimiento a tratados internacionales, sino que en el ordenamiento interno deviene en ilegal\u201d.<\/strong><\/p>\n\n\n\n<p>Jones Huala obtuvo la libertad porque la Corte Suprema sostuvo que el saldo de la condena que deb\u00eda cumplir en Chile, luego de su extradici\u00f3n, era de un a\u00f1o, cuatro meses y 17 d\u00edas. Pero, a este lapso de tiempo tambi\u00e9n&nbsp;<strong>se le deben sumar los d\u00edas que Huala estuvo privado de su libertad en Argentina,<\/strong>&nbsp;correspondientes a 11 meses y cinco d\u00edas.<\/p>\n\n\n\n<p>El amparo tambi\u00e9n explica que al referente mapuche le faltan cumplir cinco meses y medio en prisi\u00f3n. Pero, como reingres\u00f3 a cumplir el saldo de pena el 4 de enero del 2024, la pena se cumpli\u00f3 el 14 de junio de 2024 y por eso<strong>\u00a0la Justicia sostiene que es ilegal que siga en prisi\u00f3n.<\/strong><\/p>\n\n\n\n<p>Jones Huala fue&nbsp;<strong>acusado en Chile por participar de un incendio en 2013 contra una finca en Pisu Pisu\u00e9, en la Comuna de R\u00edo Bueno.<\/strong>&nbsp;En ese momento se escap\u00f3 a la Argentina, pero la Justicia chilena le dio dos condenas. Una de ellas fue a seis a\u00f1os de c\u00e1rcel y la otra a tres a\u00f1os. La sentencia fue dictada el 21 de diciembre de 2018.<\/p>\n\n\n\n<figure class=\"wp-block-image\"><img decoding=\"async\" src=\"https:\/\/tn.com.ar\/resizer\/v2\/el-lider-de-la-revolucion-ancestral-mapuche-fue-liberado-por-la-justicia-de-chile-por-que-foto-tn-LCLQFWWASBD6NALL4ZEW77CUTE.jpg?auth=bc17b42dec152209cc31ea9c8a8a1ba796190bd6499c391c99a1af5ba1698f4f&amp;width=767\" alt=\"El l\u00edder de la Revoluci\u00f3n Ancestral Mapuche fue liberado por la Justicia de Chile. Por qu\u00e9. (foto: TN).\"\/><\/figure>\n\n\n\n<p>Cuando fue extraditado a Chile se le otorg\u00f3 la libertad vigilada el 21 de enero de 2022. A pesar de ello, el beneficio fue revocado cuando el referente&nbsp;<strong>mapuche se dio a la fuga en el mismo a\u00f1o<\/strong>. En 2023 la polic\u00eda de R\u00edo Negro encontr\u00f3 a Jones Huala en El Bols\u00f3n, donde estaba pr\u00f3fugo de la Justicia de Chile.<\/p>\n\n\n\n<p>El 6 de febrero de 2023 la Corte de Apelaciones de Valdivia acept\u00f3 la solicitud de extradici\u00f3n para que Jones&nbsp;<strong>cumpliera sus \u00faltimos seis meses de prisi\u00f3n en Chile.&nbsp;<\/strong>Argentina acept\u00f3 el proceso, a pesar de la huelga de hambre que hizo Jones Huala, que quer\u00eda quedarse en su pa\u00eds.<\/p>\n","protected":false},"excerpt":{"rendered":"<p>Cumpl\u00eda su pena en el pa\u00eds lim\u00edtrofe tras haber sido extraditado. Fue condenado por delitos de incendio y porte ilegal de armas de fuego cometidos en 2013. Facundo Jones Huala,&hellip; <\/p>\n","protected":false},"author":12,"featured_media":159778,"comment_status":"closed","ping_status":"open","sticky":false,"template":"","format":"standard","meta":{"footnotes":""},"categories":[3],"tags":[],"class_list":["post-159743","post","type-post","status-publish","format-standard","has-post-thumbnail","hentry","category-politica"],"_links":{"self":[{"href":"https:\/\/corrientesdetarde.com\/index.php\/wp-json\/wp\/v2\/posts\/159743","targetHints":{"allow":["GET"]}}],"collection":[{"href":"https:\/\/corrientesdetarde.com\/index.php\/wp-json\/wp\/v2\/posts"}],"about":[{"href":"https:\/\/corrientesdetarde.com\/index.php\/wp-json\/wp\/v2\/types\/post"}],"author":[{"embeddable":true,"href":"https:\/\/corrientesdetarde.com\/index.php\/wp-json\/wp\/v2\/users\/12"}],"replies":[{"embeddable":true,"href":"https:\/\/corrientesdetarde.com\/index.php\/wp-json\/wp\/v2\/comments?post=159743"}],"version-history":[{"count":2,"href":"https:\/\/corrientesdetarde.com\/index.php\/wp-json\/wp\/v2\/posts\/159743\/revisions"}],"predecessor-version":[{"id":159780,"href":"https:\/\/corrientesdetarde.com\/index.php\/wp-json\/wp\/v2\/posts\/159743\/revisions\/159780"}],"wp:featuredmedia":[{"embeddable":true,"href":"https:\/\/corrientesdetarde.com\/index.php\/wp-json\/wp\/v2\/media\/159778"}],"wp:attachment":[{"href":"https:\/\/corrientesdetarde.com\/index.php\/wp-json\/wp\/v2\/media?parent=159743"}],"wp:term":[{"taxonomy":"category","embeddable":true,"href":"https:\/\/corrientesdetarde.com\/index.php\/wp-json\/wp\/v2\/categories?post=159743"},{"taxonomy":"post_tag","embeddable":true,"href":"https:\/\/corrientesdetarde.com\/index.php\/wp-json\/wp\/v2\/tags?post=159743"}],"curies":[{"name":"wp","href":"https:\/\/api.w.org\/{rel}","templated":true}]}}