{"id":159777,"date":"2024-08-16T20:15:26","date_gmt":"2024-08-16T23:15:26","guid":{"rendered":"https:\/\/corrientesdetarde.com\/?p=159777"},"modified":"2024-08-17T09:47:58","modified_gmt":"2024-08-17T12:47:58","slug":"nuevo-cruce-villarruel-aseguro-que-no-fue-invitada-al-acto-en-el-ministerio-de-defensa-que-encabezo-milei","status":"publish","type":"post","link":"https:\/\/corrientesdetarde.com\/index.php\/informacion-general\/nuevo-cruce-villarruel-aseguro-que-no-fue-invitada-al-acto-en-el-ministerio-de-defensa-que-encabezo-milei\/","title":{"rendered":"Nuevo cruce: Villarruel asegur\u00f3 que no fue invitada al acto en el Ministerio de Defensa que encabez\u00f3 Milei"},"content":{"rendered":"\n<h3 class=\"wp-block-heading\">Se esperaba que ambos estuvieran en el tradicional evento de la entrega de los despachos y sables a los nuevos generales, almirantes y brigadieres de las Fuerzas Armadas.<\/h3>\n\n\n\n<p><strong>Victoria Villarruel<\/strong>&nbsp;no estuvo en el acto de las Fuerzas Armadas de este viernes, donde<strong>&nbsp;Javier Milei<\/strong>&nbsp;entreg\u00f3 sables y despachos a generales y brigadieres, por no haber sido invitada. As\u00ed se lo confirmaron a<strong>&nbsp;TN&nbsp;<\/strong>fuentes cercanas a la vicepresidenta, que agregaron que el&nbsp;<strong>llamado para ir estaba a cargo de la Secretar\u00eda General, manejada por Karina Milei.<\/strong><\/p>\n\n\n\n<p>\u201cElla lamenta no estar presente. Conoce a todos ah\u00ed y le hubiera encantado participar de la actividad.<strong>&nbsp;Pero Victoria no tiene la costumbre de ir a d\u00f3nde no la invitan\u201d,&nbsp;<\/strong>explicaron desde su entorno. Seg\u00fan una fuente de la organizaci\u00f3n del evento, la vicepresidenta avis\u00f3 que<strong>&nbsp;no ir\u00eda 15 minutos antes del arranque del acto, estipulado para las 18.<\/strong><\/p>\n\n\n\n<p>En la sede del Ministerio de Defensa y del Estado Mayor Conjunto de las Fuerzas Armadas donde se realiz\u00f3 el evento tambi\u00e9n estuvieron Guillermo Francos (jefe de Gabinete), Luis Petri (ministro de Defensa) y Karina (secretaria General de la Presidencia y hermana de Milei).<\/p>\n\n\n\n<p>Desde la campa\u00f1a presidencial,&nbsp;<strong>Villarruel se mostr\u00f3 muy interesada por manejar los sectores de Defensa y Seguridad<\/strong>&nbsp;con los que se encuentra relacionada desde hace a\u00f1os. A pesar de ello, cuando Milei asumi\u00f3 el poder, le cedi\u00f3 una de las carteras a Petri y otra a Patricia Bullrich,&nbsp;<strong>dejando afuera a la vicepresidenta<\/strong>&nbsp;del funcionamiento de esas \u00e1reas.<\/p>\n\n\n\n<h2 class=\"wp-block-heading\">La relaci\u00f3n entre Milei y Villarruel<\/h2>\n\n\n\n<p>El v\u00ednculo entre Milei y Villarruel<strong>&nbsp;sigue siendo distante.<\/strong>&nbsp;Desde hace tiempo que la Casa Rosada se despega de los dichos y acciones de la vicepresidenta, que mantiene una agenda propia, lejos del c\u00edrculo \u00edntimo del Presidente.<\/p>\n\n\n\n<p>La \u00faltima pol\u00e9mica ocurri\u00f3 cuando la presidenta del Senado&nbsp;<strong>escribi\u00f3 en redes que Francia \u201cera un pa\u00eds colonialista\u201d<\/strong>. Su reacci\u00f3n fue para defender a la Selecci\u00f3n Argentina, que hab\u00eda sido cuestionada por una canci\u00f3n racista en los festejos de la Copa Am\u00e9rica. El episodio desencaden\u00f3 un pedido de disculpas por parte del Gobierno hacia la Embajada de Francia:&nbsp;<strong>Karina Milei fue la encargada de transmitir ese mensaje.<\/strong><\/p>\n\n\n\n<p>Por otro lado<strong>, Villarruel tampoco estar\u00e1 el s\u00e1bado en Buenos Aires, para el traspaso de la llama votiva que se realiza todos los 17 de agosto.&nbsp;<\/strong>La vicepresidenta festejar\u00e1 el Paso a la Inmortalidad del General Jos\u00e9 de San Mart\u00edn en Mendoza, donde tendr\u00e1 una actividad con el gobernador Alfredo Cornejo en el Campo Hist\u00f3rico del Plumerillo.<\/p>\n\n\n\n<h2 class=\"wp-block-heading\">C\u00f3mo fue el acto que encabez\u00f3 Milei sin la presencia de Villarruel<\/h2>\n\n\n\n<p>La entrega de sables y despachos a las nuevas autoridades de las&nbsp;<strong>Fuerzas Armadas se realiza todos los a\u00f1os por parte del Gobierno,<\/strong>&nbsp;que les otorga las armas blancas a los oficiales que alcanzaron el&nbsp;<strong>grado de general, almirante y brigadier en el Ej\u00e9rcito.<\/strong>&nbsp;Los s<strong>ables son entregados con sus nombres grabados en la hoja y con la firma del Presidente<\/strong>. Para este evento, los sables son fabricados id\u00e9nticos a los que us\u00f3 el General Jos\u00e9 de San Mart\u00edn.<\/p>\n\n\n\n<figure class=\"wp-block-image\"><img decoding=\"async\" src=\"https:\/\/tn.com.ar\/resizer\/v2\/la-vicepresidenta-victoria-villarruel-se-encuentra-cada-vez-mas-lejos-de-la-casa-rosada-por-que-no-asistio-al-evento-de-las-fuerzas-armadas-foto-efe-franco-trovato-fuoco-GB26D6PLGBA7FGFHCVS7XVAY4U.jfif?auth=01a4b7b9f0fc59ff2ace1aca9a0c6897d4fe44e801e107dc6e4f980785d6c347&amp;width=767\" alt=\"La vicepresidenta Victoria Villarruel se encuentra cada vez m\u00e1s lejos de la Casa Rosada. Por qu\u00e9 no asisti\u00f3 al evento de las Fuerzas Armadas.   (Foto: EFE\/ Franco Trovato Fuoco)\"\/><figcaption class=\"wp-element-caption\">La vicepresidenta Victoria Villarruel se encuentra cada vez m\u00e1s lejos de la Casa Rosada. Por qu\u00e9 no asisti\u00f3 al evento de las Fuerzas Armadas. (Foto: EFE\/ Franco Trovato Fuoco)<\/figcaption><\/figure>\n\n\n\n<p>En esta oportunidad fueron<strong>&nbsp;honrados los nuevos jefes del Ej\u00e9rcito<\/strong>,Carlos Alberto Presti, Carlos Mar\u00eda Allievi y Fernando Luis Mengo, quienes fueron elegidos por el Poder Ejecutivo tras el cambio de Gobierno y nombrados formalmente por el Senado en julio. Adem\u00e1s<strong>, 300 uniformados de las tres fuerzas pasaron a un grado superior.<\/strong><\/p>\n","protected":false},"excerpt":{"rendered":"<p>Se esperaba que ambos estuvieran en el tradicional evento de la entrega de los despachos y sables a los nuevos generales, almirantes y brigadieres de las Fuerzas Armadas. Victoria Villarruel&nbsp;no&hellip; <\/p>\n","protected":false},"author":12,"featured_media":154974,"comment_status":"closed","ping_status":"open","sticky":false,"template":"","format":"standard","meta":{"footnotes":""},"categories":[1],"tags":[],"class_list":["post-159777","post","type-post","status-publish","format-standard","has-post-thumbnail","hentry","category-informacion-general"],"_links":{"self":[{"href":"https:\/\/corrientesdetarde.com\/index.php\/wp-json\/wp\/v2\/posts\/159777","targetHints":{"allow":["GET"]}}],"collection":[{"href":"https:\/\/corrientesdetarde.com\/index.php\/wp-json\/wp\/v2\/posts"}],"about":[{"href":"https:\/\/corrientesdetarde.com\/index.php\/wp-json\/wp\/v2\/types\/post"}],"author":[{"embeddable":true,"href":"https:\/\/corrientesdetarde.com\/index.php\/wp-json\/wp\/v2\/users\/12"}],"replies":[{"embeddable":true,"href":"https:\/\/corrientesdetarde.com\/index.php\/wp-json\/wp\/v2\/comments?post=159777"}],"version-history":[{"count":2,"href":"https:\/\/corrientesdetarde.com\/index.php\/wp-json\/wp\/v2\/posts\/159777\/revisions"}],"predecessor-version":[{"id":159892,"href":"https:\/\/corrientesdetarde.com\/index.php\/wp-json\/wp\/v2\/posts\/159777\/revisions\/159892"}],"wp:featuredmedia":[{"embeddable":true,"href":"https:\/\/corrientesdetarde.com\/index.php\/wp-json\/wp\/v2\/media\/154974"}],"wp:attachment":[{"href":"https:\/\/corrientesdetarde.com\/index.php\/wp-json\/wp\/v2\/media?parent=159777"}],"wp:term":[{"taxonomy":"category","embeddable":true,"href":"https:\/\/corrientesdetarde.com\/index.php\/wp-json\/wp\/v2\/categories?post=159777"},{"taxonomy":"post_tag","embeddable":true,"href":"https:\/\/corrientesdetarde.com\/index.php\/wp-json\/wp\/v2\/tags?post=159777"}],"curies":[{"name":"wp","href":"https:\/\/api.w.org\/{rel}","templated":true}]}}