{"id":159782,"date":"2024-08-16T22:32:42","date_gmt":"2024-08-17T01:32:42","guid":{"rendered":"https:\/\/corrientesdetarde.com\/?p=159782"},"modified":"2024-08-16T22:32:54","modified_gmt":"2024-08-17T01:32:54","slug":"un-exjugador-de-velez-acusado-de-abuso-sexual-fue-presentado-como-refuerzo-de-un-club-de-la-liga-profesional","status":"publish","type":"post","link":"https:\/\/corrientesdetarde.com\/index.php\/deportes\/un-exjugador-de-velez-acusado-de-abuso-sexual-fue-presentado-como-refuerzo-de-un-club-de-la-liga-profesional\/","title":{"rendered":"Un exjugador de V\u00e9lez acusado de abuso sexual fue presentado como refuerzo de un club de la Liga Profesional"},"content":{"rendered":"\n<h3 class=\"wp-block-heading\">Se trata del futbolista paraguayo Jos\u00e9 Florent\u00edn. \u00c9l ten\u00eda avanzada su llegada a un club de su pa\u00eds, pero la Justicia le rechaz\u00f3 el pedido por \u201criesgo de fuga\u201d.<\/h3>\n\n\n\n<p>En las \u00faltimas horas,\u00a0<strong>Jos\u00e9 Florentin\u00a0lleg\u00f3 a un preacuerdo para ser nuevo jugador de Central C\u00f3rdoba de Santiago del Estero<\/strong>\u00a0de la<strong>Liga Profesional<\/strong>. El exjugador de V\u00e9lez est\u00e1 imputado en\u00a0<strong>la causa por abuso sexual\u00a0contra una periodista en Tucum\u00e1n<\/strong>.<\/p>\n\n\n\n<p>El futbolista paraguayo es el \u00faltimo de los implicados en la causa que consigui\u00f3 nuevo club:&nbsp;<strong>Sebasti\u00e1n Sosa est\u00e1 en Deportivo Maip\u00fa, Abiel Osorio y Brian Cufr\u00e9 en Defensa y Justicia.<\/strong><\/p>\n\n\n\n<figure class=\"wp-block-image\"><img decoding=\"async\" src=\"https:\/\/tn.com.ar\/resizer\/v2\/florentin-es-uno-de-los-jugadores-de-velez-imputado-por-abuso-sexual-con-acceso-carnal-agravado-por-la-participacion-de-dos-o-mas-personas-foto-tn-7FEWI22K7BCYDDP4NUVXJCHEEU.jpg?auth=6e1c1ba2603dc042a54d032dca76ca44c8b627395de4d00d001e92f2c40bda5f&amp;width=767\" alt=\"Florent\u00edn es uno de los jugadores de V\u00e9lez imputado por abuso sexual con acceso carnal agravado por la participaci\u00f3n de dos o m\u00e1s personas. (Foto: TN).\"\/><figcaption class=\"wp-element-caption\">Florent\u00edn es uno de los jugadores de V\u00e9lez imputado por abuso sexual con acceso carnal agravado por la participaci\u00f3n de dos o m\u00e1s personas. (Foto: TN).<\/figcaption><\/figure>\n\n\n\n<p>Esta informaci\u00f3n fue confirmada por&nbsp;<strong>C\u00e9sar Luis Merlo<\/strong>&nbsp;a trav\u00e9s de sus redes sociales. Adem\u00e1s, revel\u00f3 que \u201c<strong>llega como agente libre y con un contrato hasta diciembre de 2025<\/strong>\u2033. Por el momento, desde la cuenta oficial del equipo de Santiago del Estero no dieron informaci\u00f3n al respecto y no fue presentado.<\/p>\n\n\n\n<p>De esta manera, Florent\u00edn pudo solucionar un fuerte rev\u00e9s judicial luego de que la Justicia le neg\u00f3 la salida del pa\u00eds cuando ten\u00eda muy avanzada su llegada al Club Guaran\u00ed de la Primera Divisi\u00f3n de Paraguay. Los motivos para esta determinaci\u00f3n fue por \u201criesgo de fuga\u201d.<\/p>\n\n\n\n<h2 class=\"wp-block-heading\">La prueba que complica a los exjugadores de V\u00e9lez implicados en la causa de abuso sexual<\/h2>\n\n\n\n<p>El resultado de las pericias realizadas a los elementos secuestrados en la habitaci\u00f3n donde habr\u00eda ocurrido el abuso sexual denunciado en Tucum\u00e1n, determin\u00f3 que hay material gen\u00e9tico compatible<strong>&nbsp;con dos exjugadores de V\u00e9lez y con la denunciante<\/strong>.<\/p>\n\n\n\n<p>El informe que se incluy\u00f3 en la causa indica que el material gen\u00e9tico recolectado es compatible con&nbsp;<strong>Jos\u00e9 Florent\u00edn y Abiel Osorio,<\/strong>&nbsp;dos de los futbolistas involucrados en el caso que investiga el presunto abuso sexual.<\/p>\n\n\n\n<p>La abogada de la denunciante le confirm\u00f3 a&nbsp;<strong>TN&nbsp;<\/strong>que los dos exjugadores de V\u00e9lez quedaron notablemente comprometidos en la causa: \u201cDe las veintitr\u00e9s muestras analizadas,&nbsp;<strong>en diez se encontr\u00f3 material gen\u00e9tico de la v\u00edctima y tambi\u00e9n se encontr\u00f3 perfil gen\u00e9tico de los dos jugadores\u201d.<\/strong><\/p>\n\n\n\n<p>Tambi\u00e9n detall\u00f3 que la sangre encontrada en la habitaci\u00f3n del hotel tucumano que corresponde a la joven \u201c<strong>no es compatible con la menstruaci\u00f3n\u201d<\/strong>, lo que ratificar\u00eda la versi\u00f3n de que sufri\u00f3 una agresi\u00f3n sexual.<\/p>\n\n\n\n<p>\u201cEsto le da fortaleza a la denuncia porque&nbsp;<strong>queda en evidencia que no hab\u00eda un consentimiento,<\/strong>&nbsp;que no ha sido sangre menstrual, que la sangre es de ella y que, efectivamente, dos de las muestras gen\u00e9ticas pertenecen a dos jugadores imputados\u201d, se\u00f1al\u00f3 Patricia Neme.<\/p>\n\n\n\n<p>Para la abogada,&nbsp;<strong>\u201cla falta de consentimiento es lo que produce la lesi\u00f3n\u201d,<\/strong>&nbsp;y la aparici\u00f3n de sangre de la v\u00edctima en los distintos elementos secuestrados \u201clo que hace es fortalecer la denuncia por abuso sexual\u201d.<\/p>\n","protected":false},"excerpt":{"rendered":"<p>Se trata del futbolista paraguayo Jos\u00e9 Florent\u00edn. \u00c9l ten\u00eda avanzada su llegada a un club de su pa\u00eds, pero la Justicia le rechaz\u00f3 el pedido por \u201criesgo de fuga\u201d. En&hellip; <\/p>\n","protected":false},"author":12,"featured_media":159812,"comment_status":"closed","ping_status":"open","sticky":false,"template":"","format":"standard","meta":{"footnotes":""},"categories":[4],"tags":[],"class_list":["post-159782","post","type-post","status-publish","format-standard","has-post-thumbnail","hentry","category-deportes"],"_links":{"self":[{"href":"https:\/\/corrientesdetarde.com\/index.php\/wp-json\/wp\/v2\/posts\/159782","targetHints":{"allow":["GET"]}}],"collection":[{"href":"https:\/\/corrientesdetarde.com\/index.php\/wp-json\/wp\/v2\/posts"}],"about":[{"href":"https:\/\/corrientesdetarde.com\/index.php\/wp-json\/wp\/v2\/types\/post"}],"author":[{"embeddable":true,"href":"https:\/\/corrientesdetarde.com\/index.php\/wp-json\/wp\/v2\/users\/12"}],"replies":[{"embeddable":true,"href":"https:\/\/corrientesdetarde.com\/index.php\/wp-json\/wp\/v2\/comments?post=159782"}],"version-history":[{"count":1,"href":"https:\/\/corrientesdetarde.com\/index.php\/wp-json\/wp\/v2\/posts\/159782\/revisions"}],"predecessor-version":[{"id":159813,"href":"https:\/\/corrientesdetarde.com\/index.php\/wp-json\/wp\/v2\/posts\/159782\/revisions\/159813"}],"wp:featuredmedia":[{"embeddable":true,"href":"https:\/\/corrientesdetarde.com\/index.php\/wp-json\/wp\/v2\/media\/159812"}],"wp:attachment":[{"href":"https:\/\/corrientesdetarde.com\/index.php\/wp-json\/wp\/v2\/media?parent=159782"}],"wp:term":[{"taxonomy":"category","embeddable":true,"href":"https:\/\/corrientesdetarde.com\/index.php\/wp-json\/wp\/v2\/categories?post=159782"},{"taxonomy":"post_tag","embeddable":true,"href":"https:\/\/corrientesdetarde.com\/index.php\/wp-json\/wp\/v2\/tags?post=159782"}],"curies":[{"name":"wp","href":"https:\/\/api.w.org\/{rel}","templated":true}]}}