{"id":159783,"date":"2024-08-16T22:34:02","date_gmt":"2024-08-17T01:34:02","guid":{"rendered":"https:\/\/corrientesdetarde.com\/?p=159783"},"modified":"2024-08-16T22:34:14","modified_gmt":"2024-08-17T01:34:14","slug":"esmeralda-mitre-publico-un-comunicado-en-medio-de-la-preocupacion-por-su-salud","status":"publish","type":"post","link":"https:\/\/corrientesdetarde.com\/index.php\/espectaculos\/esmeralda-mitre-publico-un-comunicado-en-medio-de-la-preocupacion-por-su-salud\/","title":{"rendered":"Esmeralda Mitre public\u00f3 un comunicado en medio de la preocupaci\u00f3n por su salud"},"content":{"rendered":"\n<h3 class=\"wp-block-heading\">En su cuenta de Instagram, la medi\u00e1tica comparti\u00f3 un texto que aclara su situaci\u00f3n actual.<\/h3>\n\n\n\n<p>Durante la noche del jueves, en\u00a0<em>LAM\u00a0<\/em>(<em>Am\u00e9rica<\/em>) se dijo que\u00a0<strong>Esmeralda Mitre<\/strong>\u00a0hab\u00eda sido internada\u00a0<strong>de emergencia en una cl\u00ednica de la Ciudad de Buenos Aires.\u00a0<\/strong>Hoy por la ma\u00f1ana, la actriz public\u00f3 un video en el que<strong>\u00a0desminti\u00f3 esto por completo.<\/strong><\/p>\n\n\n\n<p><strong>Ahora, la medi\u00e1tica public\u00f3 un comunicado en las redes sociales que indica que se dict\u00f3 una sentencia judicial que proh\u00edbe hablar de determinadas cuestiones de su vida.<\/strong><\/p>\n\n\n\n<p><strong>La resoluci\u00f3n del Juzgado Civil 7 reza:&nbsp;<\/strong>\u201cHacer saber a las partes involucradas en el presente que deber\u00e1n&nbsp;<strong>guardar estricta confidencialidad del contenido de las actuaciones judiciales<\/strong>&nbsp;y abstenerse de publicar en cualquiera de sus formas, situaciones relativas a la vida privada de la Sra. Esmeralda Mitre en cualquier red social como Facebook, Instagram, YouTube, etc. y dem\u00e1s que dispongan, salvo conformidad expresa de \u00e9sta, bajo apercibimiento de incurrir en delito de desobediencia\u201d.<\/p>\n\n\n\n<figure class=\"wp-block-image\"><img decoding=\"async\" src=\"https:\/\/tn.com.ar\/resizer\/v2\/el-comunicado-de-esmeralda-mitre-foto-captura-instagramesmeraldamitreok-MMQHNTF5GRFFZADPV5VSJI6FAI.png?auth=2429d283bab7debaaa4c081e92327ccf2dd6230ce1ef690b233f5ce363d9203b&amp;width=767\" alt=\"El comunicado de Esmeralda Mitre (Foto: captura Instagram\/esmeraldamitreok)\"\/><figcaption class=\"wp-element-caption\">El comunicado de Esmeralda Mitre (Foto: captura Instagram\/esmeraldamitreok)<\/figcaption><\/figure>\n\n\n\n<p>\u201cEl contenido de actuaciones judiciales de derecho de familia son reservadas, y no pueden ser divulgadas p\u00fablicamente; quedando expeditas las acciones de da\u00f1os y perjuicios correspondientes, en caso de incumplimiento\u201d, cierra el texto.<\/p>\n\n\n\n<h2 class=\"wp-block-heading\">Qu\u00e9 dijo Esmeralda Mitre sobre su situaci\u00f3n de salud<\/h2>\n\n\n\n<p>En un texto que comparti\u00f3 en su Instagram, la actriz expres\u00f3 que no pod\u00eda decir<strong>\u00a0\u201cmucho m\u00e1s\u201d<\/strong>\u00a0porque sus abogados estaba trabajando en el tema. \u201cQu\u00e9dense tranquilos que estoy muy bien\u201d, expres\u00f3<\/p>\n\n\n\n<p>Adem\u00e1s, sostuvo: \u201cFue todo mentira lo que se habl\u00f3 de m\u00ed en el d\u00eda de ayer, en casi todos los medios de comunicaci\u00f3n.&nbsp;<strong>Durante el d\u00eda de hoy les voy a ir informando m\u00e1s del tema.<\/strong>&nbsp;Saludos a todos mis amigos, colegas y seguidores\u201d.<\/p>\n\n\n\n<figure class=\"wp-block-image\"><img decoding=\"async\" src=\"https:\/\/tn.com.ar\/resizer\/v2\/esmeralda-mitre-hizo-un-descargo-en-sus-redes-foto-instagramesmeraldamitreok-LYJ7U3C22FGITJDP3QWYOVFINE.JPG?auth=c515a2a48b9b4f1278cf0abb01eef8b2126fccbe5e5edf5cd6883bfd62af4eec&amp;width=767\" alt=\"Esmeralda Mitre hizo un descargo en sus redes. (Foto: Instagram\/esmeraldamitreok)\"\/><figcaption class=\"wp-element-caption\">Esmeralda Mitre hizo un descargo en sus redes. (Foto: Instagram\/esmeraldamitreok)<\/figcaption><\/figure>\n\n\n\n<p>En el video, que dura casi un minuto, Mitre profundiz\u00f3 su testimonio y ampli\u00f3 su declaraci\u00f3n hacia lo que pasa&nbsp;<strong>con la pelea familiar&nbsp;<\/strong>que tiene dentro del diario&nbsp;<em>La Naci\u00f3n.<\/em><\/p>\n\n\n\n<p>\u201cFui v\u00edctima de una maniobra para desprestigiarme por haber denunciado que la venta de una parte de las acciones de mi padre se hizo con firmas falsificadas que, por supuesto, est\u00e1 comprobado que eso ha sido as\u00ed; y&nbsp;<strong>por haber pedido la citaci\u00f3n a juicio de Julio Saguier<\/strong>, mi primo\u201d, lanz\u00f3.<\/p>\n\n\n\n<p>Adem\u00e1s, Mitre insisti\u00f3 en que no fue a internarse. \u201cEstoy en mi casa con mi novio y mis amigos.<strong>&nbsp;Solamente fui a hacerme mis an\u00e1lisis cl\u00ednicos anuales\u201d<\/strong>, expres\u00f3 en el video que public\u00f3.<\/p>\n","protected":false},"excerpt":{"rendered":"<p>En su cuenta de Instagram, la medi\u00e1tica comparti\u00f3 un texto que aclara su situaci\u00f3n actual. Durante la noche del jueves, en\u00a0LAM\u00a0(Am\u00e9rica) se dijo que\u00a0Esmeralda Mitre\u00a0hab\u00eda sido internada\u00a0de emergencia en una&hellip; <\/p>\n","protected":false},"author":12,"featured_media":159814,"comment_status":"closed","ping_status":"open","sticky":false,"template":"","format":"standard","meta":{"footnotes":""},"categories":[19],"tags":[],"class_list":["post-159783","post","type-post","status-publish","format-standard","has-post-thumbnail","hentry","category-espectaculos"],"_links":{"self":[{"href":"https:\/\/corrientesdetarde.com\/index.php\/wp-json\/wp\/v2\/posts\/159783","targetHints":{"allow":["GET"]}}],"collection":[{"href":"https:\/\/corrientesdetarde.com\/index.php\/wp-json\/wp\/v2\/posts"}],"about":[{"href":"https:\/\/corrientesdetarde.com\/index.php\/wp-json\/wp\/v2\/types\/post"}],"author":[{"embeddable":true,"href":"https:\/\/corrientesdetarde.com\/index.php\/wp-json\/wp\/v2\/users\/12"}],"replies":[{"embeddable":true,"href":"https:\/\/corrientesdetarde.com\/index.php\/wp-json\/wp\/v2\/comments?post=159783"}],"version-history":[{"count":1,"href":"https:\/\/corrientesdetarde.com\/index.php\/wp-json\/wp\/v2\/posts\/159783\/revisions"}],"predecessor-version":[{"id":159815,"href":"https:\/\/corrientesdetarde.com\/index.php\/wp-json\/wp\/v2\/posts\/159783\/revisions\/159815"}],"wp:featuredmedia":[{"embeddable":true,"href":"https:\/\/corrientesdetarde.com\/index.php\/wp-json\/wp\/v2\/media\/159814"}],"wp:attachment":[{"href":"https:\/\/corrientesdetarde.com\/index.php\/wp-json\/wp\/v2\/media?parent=159783"}],"wp:term":[{"taxonomy":"category","embeddable":true,"href":"https:\/\/corrientesdetarde.com\/index.php\/wp-json\/wp\/v2\/categories?post=159783"},{"taxonomy":"post_tag","embeddable":true,"href":"https:\/\/corrientesdetarde.com\/index.php\/wp-json\/wp\/v2\/tags?post=159783"}],"curies":[{"name":"wp","href":"https:\/\/api.w.org\/{rel}","templated":true}]}}