{"id":159784,"date":"2024-08-16T22:35:44","date_gmt":"2024-08-17T01:35:44","guid":{"rendered":"https:\/\/corrientesdetarde.com\/?p=159784"},"modified":"2024-08-16T22:35:56","modified_gmt":"2024-08-17T01:35:56","slug":"abusos-sexuales-graves-maltratos-y-degradacion-los-fundamentos-de-la-condena-contra-alperovich","status":"publish","type":"post","link":"https:\/\/corrientesdetarde.com\/index.php\/politica\/abusos-sexuales-graves-maltratos-y-degradacion-los-fundamentos-de-la-condena-contra-alperovich\/","title":{"rendered":"Abusos sexuales graves, maltratos y degradaci\u00f3n: los fundamentos de la condena contra Alperovich"},"content":{"rendered":"\n<h3 class=\"wp-block-heading\">El exgobernador de Tucum\u00e1n fue sentenciado a 16 a\u00f1os de prisi\u00f3n por haber violado a su sobrina y exsecretaria.<\/h3>\n\n\n\n<p>Dos meses despu\u00e9s de haber sido condenado a\u00a0<strong>16 a\u00f1os de\u00a0prisi\u00f3n\u00a0por abusar sexualmente de su sobrina<\/strong>, el Tribunal Oral en lo Criminal N\u00b029de la Ciudad de Buenos Aires dio a conocer los fundamentos de la sentencia contra\u00a0<strong>Jos\u00e9 Alperovich<\/strong>.<\/p>\n\n\n\n<p>El juez Juan Ramos Padilla detall\u00f3 una por una las pruebas contra el exgobernador de Tucum\u00e1n, que fue considerado \u201cautor penalmente responsable del delito de<strong>\u00a0abuso sexual simple<\/strong>\u00a0reiterado en tres oportunidades, m\u00e1s dos hechos en grado de tentativa y otros<strong>\u00a0seis hechos con\u00a0acceso carnal<\/strong>,mediando intimidaci\u00f3n, abuso de una relaci\u00f3n de dependencia, de poder y de autoridad\u201d.<\/p>\n\n\n\n<p>Alperovich est\u00e1 preso en el pabell\u00f3n de abusadores sexuales del penal de Ezeiza. Seg\u00fan pudo saber&nbsp;<strong>TN<\/strong>, durante su detenci\u00f3n, la defensa del exsenador apel\u00f3 la prisi\u00f3n preventiva. Sin embargo, la c\u00e1mara de casaci\u00f3n la confirm\u00f3 y contra esa resoluci\u00f3n, nuevamente su abogado defensor present\u00f3 un recurso extraordinario ante la Corte Suprema de Justicia.<\/p>\n\n\n\n<figure class=\"wp-block-image\"><img decoding=\"async\" src=\"https:\/\/tn.com.ar\/resizer\/v2\/jose-alperovich-quedo-detenido-despues-de-la-condena-foto-nicolas-gonzalez-tn-Z7DV7U4JVBCATBYSWACRCT2BRU.JPG?auth=8076d91b5dcad915b698d5c517d5bd996521604c128e0ba9f48833ac0fcba7f7&amp;width=767\" alt=\"Jos\u00e9 Alperovich qued\u00f3 detenido despu\u00e9s de la condena. (Foto: Nicol\u00e1s Gonz\u00e1lez \/ TN).\"\/><figcaption class=\"wp-element-caption\">Jos\u00e9 Alperovich qued\u00f3 detenido despu\u00e9s de la condena. (Foto: Nicol\u00e1s Gonz\u00e1lez \/ TN).<\/figcaption><\/figure>\n\n\n\n<h2 class=\"wp-block-heading\">Los fundamentos de la condena a Alperovich<\/h2>\n\n\n\n<p>Seg\u00fan el documento al que tuvo acceso&nbsp;<strong>TN<\/strong>, los hechos comprobados por la Justicia ocurrieron entre diciembre de 2017 y marzo de 2018 en Buenos Aires y Tucum\u00e1n, y hablan de&nbsp;<strong>\u201cabusos sexuales graves, maltratos y degradaci\u00f3n\u201d.<\/strong><\/p>\n\n\n\n<p>El juez<strong>&nbsp;Ramos Padilla<\/strong>&nbsp;destac\u00f3 en su fallo la importancia del testimonio de la denunciante, que fue \u201c<strong>pormenorizado y corroborado por pruebas directas<\/strong>, como pericias f\u00edsicas y psicol\u00f3gicas, y m\u00faltiples testimonios que le dieron un sustento probatorio contundente\u201d.<\/p>\n\n\n\n<p>El magistrado tambi\u00e9n subray\u00f3 las circunstancias en las que ocurrieron los delitos, describiendo c\u00f3mo estos se repitieron en distintas locaciones y en un contexto de<strong>&nbsp;\u201cabuso de poder\u201d<\/strong>&nbsp;y vulnerabilidad de la v\u00edctima. En relaci\u00f3n con el hecho m\u00e1s grave, sucedido en la casa de Mart\u00edn Fierro en Tucum\u00e1n, Ramos Padilla se\u00f1al\u00f3 que \u201cel turno con su ginec\u00f3loga ocurri\u00f3 al d\u00eda siguiente de uno de los abusos con penetraci\u00f3n,&nbsp;<strong>cuyas secuelas fueron constatadas y registradas en la historia cl\u00ednica de la v\u00edctima<\/strong>\u201d.<\/p>\n\n\n\n<figure class=\"wp-block-image\"><img decoding=\"async\" src=\"https:\/\/tn.com.ar\/resizer\/v2\/juan-ramos-padilla-condeno-e-inhabilito-de-por-vida-a-alperovich-para-ejercer-cargos-publicos-foto-nicolas-gonzalez-tn-GQCUUMQ53NDSJKI7JWDM2GBXMQ.jpeg?auth=b3edbaf818a7a07e03beba3502a5655da5afb06c873e6b1c0a4afc2a949453f9&amp;width=767\" alt=\"Juan Ramos Padilla conden\u00f3 e inhabilit\u00f3 de por vida a Alperovich para ejercer cargos p\u00fablicos. (Foto: Nicol\u00e1s Gonz\u00e1lez \/ TN).\"\/><figcaption class=\"wp-element-caption\">Juan Ramos Padilla conden\u00f3 e inhabilit\u00f3 de por vida a Alperovich para ejercer cargos p\u00fablicos. (Foto: Nicol\u00e1s Gonz\u00e1lez \/ TN).<\/figcaption><\/figure>\n\n\n\n<p>Asimismo, detall\u00f3 los abusos cometidos dentro del veh\u00edculo de Alperovich, en situaciones donde el imputado estaba rodeado de personas de su confianza que no pudieran delatarlo. \u201cEsto se relaciona directamente con la metodolog\u00eda del agresor para<strong>&nbsp;paralizar y cosificar<\/strong>&nbsp;a la v\u00edctima:<strong>&nbsp;degradaci\u00f3n, asimetr\u00eda de poder<\/strong>, diferencia de edad, poder pol\u00edtico, social y econ\u00f3mico,<strong>&nbsp;maltrato, desprecio<\/strong>, ataques a la autoestima y, finalmente, abusos sexuales graves\u201d, argument\u00f3 el juez.<\/p>\n\n\n\n<p>Ramos Padilla tambi\u00e9n destac\u00f3 el \u201cdesequilibrio de poder\u201d entre Alperovich y la v\u00edctima, refutando los intentos de la defensa por desacreditarla. Se\u00f1al\u00f3 que la denunciante no busc\u00f3 ning\u00fan tipo de r\u00e9dito, sino que se limit\u00f3 a narrar minuciosamente los hechos.<strong>\u00a0\u201cSu relato fue pormenorizado y ajeno a cualquier pretensi\u00f3n espuria, lo que le otorg\u00f3 gran credibilidad\u201d<\/strong>, subray\u00f3.<\/p>\n\n\n\n<p>Las pruebas forenses, incluyendo ex\u00e1menes m\u00e9dicos y psicol\u00f3gicos, corroboraron el relato de la v\u00edctima, confirmando que sufri\u00f3 un<strong>&nbsp;\u201cda\u00f1o ps\u00edquico\u201d y un \u201ctrauma cristalizado\u201d<\/strong>,una condici\u00f3n que, seg\u00fan el juez, se debi\u00f3 al abuso de poder y a la situaci\u00f3n de dependencia generada por Alperovich, un hombre con una fuerte influencia pol\u00edtica y econ\u00f3mica.<\/p>\n\n\n\n<p>\u201c<strong>Recordemos que Alperovich criticaba el cuerpo de la v\u00edctima dici\u00e9ndole que estaba gorda o chueca<\/strong>&nbsp;-entre otras cosas-, y la somet\u00eda a situaciones impropias, como ocurri\u00f3 luego del primer hecho, cuando le dej\u00f3 dinero para que ella interpretara que era una suerte de compensaci\u00f3n que, al mismo tiempo, menoscababa su autoestima\u201d, sostuvo.<\/p>\n\n\n\n<p>Tambi\u00e9n, mencion\u00f3 \u201c<strong>las reprimendas p\u00fablicas y degradantes que atentaban contra su autoestima, haci\u00e9ndola cada vez m\u00e1s vulnerable<\/strong>, al tiempo que, contradictoriamente, le explicaba la conveniencia de mantenerse a su lado, puesto que as\u00ed ser\u00eda cuidada y crecer\u00eda, tambi\u00e9n someti\u00e9ndola a actividades que no son propias de quien en la pir\u00e1mide de mando\u201d.<\/p>\n\n\n\n<p>En cuanto a los testigos, Ramos Padilla fue contundente al descalificar a quienes declararon a favor del imputado, algunos de los cuales fueron denunciados por falso testimonio. \u201cEstos testigos, ofrecidos por la defensa, aunque<strong>&nbsp;vinieron a mentir, terminaron corroborando los hechos denunciados<\/strong>\u201d, afirm\u00f3 el juez.<\/p>\n\n\n\n<figure class=\"wp-block-image\"><img decoding=\"async\" src=\"https:\/\/tn.com.ar\/resizer\/v2\/alperovich-lloro-en-una-de-las-audiencias-cuando-leyeron-la-denuncia-por-violencia-sexual-foto-captura-de-tn-FTDIPYNREBDEXF232ZSOBRXEMI.jpg?auth=3cffadc77b4721fec4eefdb14727e39bfcfc1cb7895d439cdce77153482842c6&amp;width=767\" alt=\"Alperovich llor\u00f3 en una de las audiencias, cuando leyeron la denuncia por violencia sexual. (Foto: captura de TN)\"\/><figcaption class=\"wp-element-caption\">Alperovich llor\u00f3 en una de las audiencias, cuando leyeron la denuncia por violencia sexual. (Foto: captura de TN)<\/figcaption><\/figure>\n\n\n\n<p>El fallo tambi\u00e9n hace referencia a las manifestaciones f\u00edsicas y psicol\u00f3gicas de la v\u00edctima. \u201c<strong>Adelgaz\u00f3, perdi\u00f3 cabello, sus u\u00f1as se partieron, exhib\u00eda un grave estado de angustia, temblaba y lloraba<\/strong>, entre otras tantas manifestaciones que su cuerpo expres\u00f3. Sobre esto, fueron numerosos los testigos y peritos que lo confirmaron. Hasta se dio una situaci\u00f3n de incontrastable valor probatorio\u201d, detall\u00f3.<\/p>\n\n\n\n<p>\u201c<strong>Alperovich utiliz\u00f3 la marcada relaci\u00f3n asim\u00e9trica de poder y jerarqu\u00eda&nbsp;<\/strong>que ten\u00eda sobre la v\u00edctima\u201d, consider\u00f3 Ramos Padilla, y esto \u201c<strong>incide desfavorablemente en la sanci\u00f3n a imponer<\/strong>, dada la magnitud de su figura, alguien que ha sido gobernador de la Provincia de Tucum\u00e1n durante tres per\u00edodos, candidato a volver a serlo, senador de la Naci\u00f3n, legislador por esa provincia y due\u00f1o de diversas empresas\u201d.<\/p>\n\n\n\n<p>En este sentido, afirm\u00f3: \u201cNo puedo pasar por alto el aprovechamiento de esa situaci\u00f3n por parte de Alperovich. Porque a partir de la confianza que tanto en el \u00e1mbito laboral como familiar le dio a la v\u00edctima,<strong>&nbsp;traicion\u00f3 ese lazo de afinidad<\/strong>\u201d.<\/p>\n\n\n\n<p>Por \u00faltimo, sostuvo, \u201c<strong>la pena tambi\u00e9n se agrava por la conducta que Alperovich mantuvo tanto antes, como despu\u00e9s de la formalizaci\u00f3n de la denuncia\u201d<\/strong>, ya que&nbsp;<strong>\u201cpretendi\u00f3 evitar un proceso penal a partir del ofrecimiento de dinero o cualquier otra clase de prebenda<\/strong>; m\u00e1s a\u00fan cuando tambi\u00e9n fue la conducta procesal que exhibi\u00f3 durante el debate, culpando a su v\u00edctima, coloc\u00e1ndola como miembro de un<strong>&nbsp;complot ileg\u00edtimo para perjudicarlo,<\/strong>&nbsp;e intentando invertir los roles entre agredido y agresor\u201d.<\/p>\n","protected":false},"excerpt":{"rendered":"<p>El exgobernador de Tucum\u00e1n fue sentenciado a 16 a\u00f1os de prisi\u00f3n por haber violado a su sobrina y exsecretaria. Dos meses despu\u00e9s de haber sido condenado a\u00a016 a\u00f1os de\u00a0prisi\u00f3n\u00a0por abusar&hellip; <\/p>\n","protected":false},"author":12,"featured_media":159816,"comment_status":"closed","ping_status":"open","sticky":false,"template":"","format":"standard","meta":{"footnotes":""},"categories":[3],"tags":[],"class_list":["post-159784","post","type-post","status-publish","format-standard","has-post-thumbnail","hentry","category-politica"],"_links":{"self":[{"href":"https:\/\/corrientesdetarde.com\/index.php\/wp-json\/wp\/v2\/posts\/159784","targetHints":{"allow":["GET"]}}],"collection":[{"href":"https:\/\/corrientesdetarde.com\/index.php\/wp-json\/wp\/v2\/posts"}],"about":[{"href":"https:\/\/corrientesdetarde.com\/index.php\/wp-json\/wp\/v2\/types\/post"}],"author":[{"embeddable":true,"href":"https:\/\/corrientesdetarde.com\/index.php\/wp-json\/wp\/v2\/users\/12"}],"replies":[{"embeddable":true,"href":"https:\/\/corrientesdetarde.com\/index.php\/wp-json\/wp\/v2\/comments?post=159784"}],"version-history":[{"count":1,"href":"https:\/\/corrientesdetarde.com\/index.php\/wp-json\/wp\/v2\/posts\/159784\/revisions"}],"predecessor-version":[{"id":159817,"href":"https:\/\/corrientesdetarde.com\/index.php\/wp-json\/wp\/v2\/posts\/159784\/revisions\/159817"}],"wp:featuredmedia":[{"embeddable":true,"href":"https:\/\/corrientesdetarde.com\/index.php\/wp-json\/wp\/v2\/media\/159816"}],"wp:attachment":[{"href":"https:\/\/corrientesdetarde.com\/index.php\/wp-json\/wp\/v2\/media?parent=159784"}],"wp:term":[{"taxonomy":"category","embeddable":true,"href":"https:\/\/corrientesdetarde.com\/index.php\/wp-json\/wp\/v2\/categories?post=159784"},{"taxonomy":"post_tag","embeddable":true,"href":"https:\/\/corrientesdetarde.com\/index.php\/wp-json\/wp\/v2\/tags?post=159784"}],"curies":[{"name":"wp","href":"https:\/\/api.w.org\/{rel}","templated":true}]}}