{"id":159785,"date":"2024-08-16T22:36:55","date_gmt":"2024-08-17T01:36:55","guid":{"rendered":"https:\/\/corrientesdetarde.com\/?p=159785"},"modified":"2024-08-16T22:37:07","modified_gmt":"2024-08-17T01:37:07","slug":"el-ultimo-adios-a-tadeo-el-joven-que-murio-al-quedar-atrapado-toda-la-noche-debajo-de-una-camioneta","status":"publish","type":"post","link":"https:\/\/corrientesdetarde.com\/index.php\/informacion-general\/el-ultimo-adios-a-tadeo-el-joven-que-murio-al-quedar-atrapado-toda-la-noche-debajo-de-una-camioneta\/","title":{"rendered":"El \u00faltimo adi\u00f3s a Tadeo, el joven que muri\u00f3 al quedar atrapado toda la noche debajo de una camioneta"},"content":{"rendered":"\n<h3 class=\"wp-block-heading\">El chico de 28 a\u00f1os sufri\u00f3 un accidente en un camino rural de Laprida, provincia de Buenos Aires. El conductor del veh\u00edculo en el que viajaban logr\u00f3 salir para pedir ayuda, pero la familia de la v\u00edctima asegura que hubo \u201cabandono de persona\u201d.<\/h3>\n\n\n\n<p>La tr\u00e1gica muerte de Tadeo Vidal,\u00a0<strong>el joven que muri\u00f3 al quedar atrapado toda la noche debajo de una camioneta despu\u00e9s de un accidente<\/strong>, provoc\u00f3 una profunda conmoci\u00f3n entre sus seres queridos. Su hermana F\u00e1tima le dedic\u00f3 unas\u00a0palabras de despedida.<\/p>\n\n\n\n<p>\u201cEs algo injusta tu partida, hermanito.\u00a0<strong>Hubiese preferido que te agarre un cami\u00f3n de frente y te mate enseguida a que pases toda una noche, as\u00ed solo<\/strong>, con hipotermia, pensando tantas cosas, llamando a todos y esa ayuda nunca lleg\u00f3\u201d, escribi\u00f3 la mujer en su cuenta de Facebook.<\/p>\n\n\n\n<p>En la publicaci\u00f3n, la hermana de Tadeo comparti\u00f3 una foto en la que se puede ver al chico atrapado debajo de la camioneta que volc\u00f3 en la ruta.<\/p>\n\n\n\n<figure class=\"wp-block-image\"><img decoding=\"async\" src=\"https:\/\/tn.com.ar\/resizer\/v2\/tadeo-vidal-quedo-atrapado-debajo-de-una-camioneta-despues-de-volcar-en-la-ruta-en-un-accidente-de-transito-foto-facebook-fatii-vidal-F5XA5Y7T7VERTCEEBDBHFW64BQ.png?auth=d8210a03df805752818645e7c1a4080c3daa2a00578079e8ad6795f66688936d&amp;width=767\" alt=\"Tadeo Vidal qued\u00f3 atrapado debajo de una camioneta despu\u00e9s de volcar en la ruta en un accidente de tr\u00e1nsito. (Foto: Facebook \/ Fatii Vidal).\"\/><figcaption class=\"wp-element-caption\">Tadeo Vidal qued\u00f3 atrapado debajo de una camioneta despu\u00e9s de volcar en la ruta en un accidente de tr\u00e1nsito. (Foto: Facebook \/ Fatii Vidal).<\/figcaption><\/figure>\n\n\n\n<p>\u201cYa la foto es de p\u00fablico conocimiento. Y agradezco a todos los que la comparten, difunden. No es nada lindo verlo as\u00ed, pero&nbsp;<strong>es necesario exponer lo que le hicieron<\/strong>\u201d, expres\u00f3 la chica.<\/p>\n\n\n\n<p>Y concluy\u00f3: \u201cVos sab\u00e9s ruso que voy por todos y hasta lo \u00faltimo.&nbsp;<strong>Yo enterr\u00e9 mi alma gemela, pero ellos se van a enterrar solos todos. Vos est\u00e1s descansando en paz, ellos nunca lo van a lograr<\/strong>. Te amo hermano\u201d.<\/p>\n\n\n\n<figure class=\"wp-block-image\"><img decoding=\"async\" src=\"https:\/\/tn.com.ar\/resizer\/v2\/la-desgarradora-despedida-de-la-hermana-de-tadeo-vidal-el-joven-que-murio-al-quedar-atrapado-debajo-de-una-camioneta-foto-facebook-fatii-vidal-SZACMYK6Y5GUTLIENR3SJTXJ2I.png?auth=d44106ab7a128a8f5b28f6723fc3a914e4872ac9314d1f94cd9408ff309b71ca&amp;width=767\" alt=\"La desgarradora despedida de la hermana de Tadeo Vidal, el joven que muri\u00f3 al quedar atrapado debajo de una camioneta. (Foto: Facebook \/ Fatii Vidal).\"\/><figcaption class=\"wp-element-caption\">La desgarradora despedida de la hermana de Tadeo Vidal, el joven que muri\u00f3 al quedar atrapado debajo de una camioneta. (Foto: Facebook \/ Fatii Vidal).<\/figcaption><\/figure>\n\n\n\n<h2 class=\"wp-block-heading\">C\u00f3mo fue el accidente y por qu\u00e9 la familia cree que fue un caso de \u201cabandono de persona\u201d<\/h2>\n\n\n\n<p>El vuelco ocurri\u00f3 pasadas las 22 del viernes, cerca del Paraje Los Pitufos.&nbsp;<strong>El conductor de la camioneta logr\u00f3 salir del veh\u00edculo para pedir ayuda<\/strong>, pero Tadeo, que iba como acompa\u00f1ante, qued\u00f3 atrapado debajo de la camioneta.<\/p>\n\n\n\n<p>De acuerdo al relato del hombre que sali\u00f3 ileso,&nbsp;<strong>no ten\u00eda se\u00f1al de celular y tuvo que caminar por un campo durante toda la noche para pedir auxilio<\/strong>. El chico de 28 a\u00f1os fue rescatado por los bomberos y una ambulanciareci\u00e9n a las 9 del s\u00e1bado.<\/p>\n\n\n\n<p>A pesar de que Vidal estaba internado en el Hospital Municipal \u201cDr. H\u00e9ctor M. Cura\u201d de la ciudad de Olavarr\u00eda,\u00a0<strong>muri\u00f3 el martes, tres d\u00edas despu\u00e9s del\u00a0accidente.<\/strong>\u00a0El resultado de la autopsia indic\u00f3 que \u201cla causa de muerte fue por una\u00a0<strong>compresi\u00f3n muscular sostenida<\/strong>, que genera t\u00f3xicos en el organismo\u201d.<\/p>\n\n\n\n<figure class=\"wp-block-image\"><img decoding=\"async\" src=\"https:\/\/tn.com.ar\/resizer\/v2\/el-hombre-de-28-anos-estuvo-doce-horas-atrapado-debajo-de-la-camioneta-en-medio-de-la-helada-del-campo-y-murio-tres-dias-despues-en-el-hospital-foto-gentileza-laprida-noticias-KCXT7KEPR5C6DM4VHWNXOCC6KA.jpg?auth=ff608a98884124485eb9602b30643371cc3e339d48e939392c401ff63346d089&amp;width=767\" alt=\"El hombre de 28 a\u00f1os estuvo doce horas atrapado debajo de la camioneta, en medio de la helada del campo, y muri\u00f3 tres d\u00edas despu\u00e9s en el hospital. (Foto: Gentileza Laprida Noticias).\"\/><figcaption class=\"wp-element-caption\">El hombre de 28 a\u00f1os estuvo doce horas atrapado debajo de la camioneta, en medio de la helada del campo, y muri\u00f3 tres d\u00edas despu\u00e9s en el hospital. (Foto: Gentileza Laprida Noticias).<\/figcaption><\/figure>\n\n\n\n<p>Los familiares denunciaron por \u201c<strong>abandono de persona\u201d\u00a0<\/strong>al conductor de la Ford F100,\u00a0<strong>William Lastra.\u00a0<\/strong>Lo acusan de no haber pedido ayuda despu\u00e9s de haber salido de la camioneta por sus propios medios, hecho que es investigado por la Justicia.<\/p>\n\n\n\n<p>Gast\u00f3n Rivero, t\u00edo del chico fallecido, dijo al portal&nbsp;<em>En L\u00ednea Noticias<\/em>: \u201cVen\u00edan de trabajar en un campo.&nbsp;<strong>El conductor le avis\u00f3 a otro, ni siquiera avis\u00f3 en el hospital. Desapareci\u00f3 12 horas.<\/strong>&nbsp;Mi sobrino estuvo toda la noche con esa helada, tirado debajo de la camioneta<em>\u201d.<\/em><\/p>\n\n\n\n<p>\u201c\u00c9l dice que sali\u00f3 en busca de ayuda, pero que no pudo encontrarla. La verdad que es algo il\u00f3gico, porque vos entr\u00e1s a cualquier campo y encontr\u00e1s ayuda.&nbsp;<strong>Queremos saber la verdad sobre lo que pas\u00f3 esa noche<\/strong>. No puede ser que una persona quede atrapada debajo de una camioneta y est\u00e9 12 horas tirada.&nbsp;<strong>\u00a1Ni a un perro se lo deja as\u00ed!\u201d, denunci\u00f3.<\/strong><\/p>\n","protected":false},"excerpt":{"rendered":"<p>El chico de 28 a\u00f1os sufri\u00f3 un accidente en un camino rural de Laprida, provincia de Buenos Aires. El conductor del veh\u00edculo en el que viajaban logr\u00f3 salir para pedir&hellip; <\/p>\n","protected":false},"author":12,"featured_media":159818,"comment_status":"closed","ping_status":"open","sticky":false,"template":"","format":"standard","meta":{"footnotes":""},"categories":[1],"tags":[],"class_list":["post-159785","post","type-post","status-publish","format-standard","has-post-thumbnail","hentry","category-informacion-general"],"_links":{"self":[{"href":"https:\/\/corrientesdetarde.com\/index.php\/wp-json\/wp\/v2\/posts\/159785","targetHints":{"allow":["GET"]}}],"collection":[{"href":"https:\/\/corrientesdetarde.com\/index.php\/wp-json\/wp\/v2\/posts"}],"about":[{"href":"https:\/\/corrientesdetarde.com\/index.php\/wp-json\/wp\/v2\/types\/post"}],"author":[{"embeddable":true,"href":"https:\/\/corrientesdetarde.com\/index.php\/wp-json\/wp\/v2\/users\/12"}],"replies":[{"embeddable":true,"href":"https:\/\/corrientesdetarde.com\/index.php\/wp-json\/wp\/v2\/comments?post=159785"}],"version-history":[{"count":1,"href":"https:\/\/corrientesdetarde.com\/index.php\/wp-json\/wp\/v2\/posts\/159785\/revisions"}],"predecessor-version":[{"id":159819,"href":"https:\/\/corrientesdetarde.com\/index.php\/wp-json\/wp\/v2\/posts\/159785\/revisions\/159819"}],"wp:featuredmedia":[{"embeddable":true,"href":"https:\/\/corrientesdetarde.com\/index.php\/wp-json\/wp\/v2\/media\/159818"}],"wp:attachment":[{"href":"https:\/\/corrientesdetarde.com\/index.php\/wp-json\/wp\/v2\/media?parent=159785"}],"wp:term":[{"taxonomy":"category","embeddable":true,"href":"https:\/\/corrientesdetarde.com\/index.php\/wp-json\/wp\/v2\/categories?post=159785"},{"taxonomy":"post_tag","embeddable":true,"href":"https:\/\/corrientesdetarde.com\/index.php\/wp-json\/wp\/v2\/tags?post=159785"}],"curies":[{"name":"wp","href":"https:\/\/api.w.org\/{rel}","templated":true}]}}