{"id":159786,"date":"2024-08-16T22:22:16","date_gmt":"2024-08-17T01:22:16","guid":{"rendered":"https:\/\/corrientesdetarde.com\/?p=159786"},"modified":"2024-08-16T22:22:28","modified_gmt":"2024-08-17T01:22:28","slug":"tras-separarse-de-emilia-attias-el-turco-naim-aposto-a-un-osado-cambio-de-look-las-fotos","status":"publish","type":"post","link":"https:\/\/corrientesdetarde.com\/index.php\/espectaculos\/tras-separarse-de-emilia-attias-el-turco-naim-aposto-a-un-osado-cambio-de-look-las-fotos\/","title":{"rendered":"Tras separarse de Emilia Attias, el Turco Naim apost\u00f3 a un osado cambio de look: las fotos"},"content":{"rendered":"\n<h3 class=\"wp-block-heading\">A pesar de que el actor no es muy activo en las redes sociales, sorprendi\u00f3 a sus seguidores con un impresionante nuevo aspecto.<\/h3>\n\n\n\n<figure class=\"wp-block-image\"><img decoding=\"async\" src=\"https:\/\/tn.com.ar\/resizer\/v2\/el-actor-se-refugio-en-un-tenebroso-lugar-tras-separarse-de-emilia-attias-FA5RBMNABVBCFK2NH6MQEB362I.jpg?auth=65fef1d9fe9518c9eb5a21b8efe84cbdc41717266270b52113ecfba9ee595a2b&amp;width=767\" alt=\"El actor se refugi\u00f3 en un tenebroso lugar tras separarse de Emilia Attias.\"\/><figcaption class=\"wp-element-caption\">A pesar de que el actor no es muy activo en redes, sorprendi\u00f3 a sus seguidores desde Ecuador, donde cumple con varios compromisos por trabajo. (Foto: Instagram \/ turconaimok)Por:&nbsp;<strong>instagram<\/strong><\/figcaption><\/figure>\n\n\n\n<p><strong>Las \u00faltimas semanas\u00a0Emilia Attias<\/strong>\u00a0disfrut\u00f3 su viaje a Francia durante la celebraci\u00f3n de los Juegos Ol\u00edmpicos Par\u00eds 2024. Sin embargo, este viernes quien sorprendi\u00f3 en las redes fue su expareja, el\u00a0<strong>Turco Naim<\/strong>.<\/p>\n\n\n\n<p>Si bien no suele ser muy activo en redes,&nbsp;<strong>el actor subi\u00f3 dos fotos en su perfil de Instagram que evidencian su nueva transformaci\u00f3n despu\u00e9s de la pol\u00e9mica separaci\u00f3n.<\/strong><\/p>\n\n\n\n<p>En una de las im\u00e1genes, el actor se retrat\u00f3 con el torso desnudo para exhibir su nuevo tatuaje de inspiraci\u00f3n tribal, que ubic\u00f3 en el medio del pecho. Para acompa\u00f1ar su publicaci\u00f3n, el actor escribi\u00f3:\u00a0<strong>\u201cGracias Marlon (el artista) por el nuevo tattoo unalome. Cuando te encontr\u00e1s, el camino es una recta sin obst\u00e1culos\u201d.<\/strong><\/p>\n\n\n\n<figure class=\"wp-block-image\"><img decoding=\"async\" src=\"https:\/\/tn.com.ar\/resizer\/v2\/el-turco-naim-mostro-su-radical-cambio-de-look-y-recibio-elogios-por-parte-de-sus-seguidores-foto-instagram-turconaimok-BA4EOQJHP5E75NWRX2K62VFCLA.jpg?auth=7e1518fd1dc1b5cf1216b1f7781e6b480210768d64d46b0016c6830407b1e16d&amp;width=767\" alt=\"El Turco Naim mostr\u00f3 su radical cambio de look y recibi\u00f3 elogios por parte de sus seguidores. (Foto: Instagram \/ turconaimok)\"\/><figcaption class=\"wp-element-caption\">El Turco Naim mostr\u00f3 su radical cambio de look y recibi\u00f3 elogios por parte de sus seguidores. (Foto: Instagram \/ turconaimok)<\/figcaption><\/figure>\n\n\n\n<p>Pero sin duda, el cambio m\u00e1s radical y a simple vista fue el que luci\u00f3 en otra postal, donde se lo puede ver de rubio platinado, dejando atr\u00e1s su tono gris natural. Muy sonriente y relajado, el humorista se mostr\u00f3 junto a un amigo, a quien dedic\u00f3 unas palabras: \u201c<strong>Con mi hermano Nico Febres Cordero, compa\u00f1ero de tantas olas y gran anfitri\u00f3n, en su caleta de Olon Beach. 17,<\/strong>&nbsp;<strong>vida eterna<\/strong>\u201d.<\/p>\n\n\n\n<p>Actualmente,&nbsp;<strong>Naim se encuentra en Ecuador<\/strong>, donde cumple con varios compromisos profesionales, aunque no ser\u00e1 por tiempo indefinido. Tal como coment\u00f3 en una anterior oportunidad,<strong>&nbsp;no vendr\u00e1 pronto a la Argentina, ya que a\u00fan debe cumplir con un \u00faltimo destino, que seg\u00fan adelant\u00f3 ser\u00e1 la ciudad de Miami.<\/strong><\/p>\n\n\n\n<h2 class=\"wp-block-heading\">As\u00ed disfrut\u00f3 sus d\u00edas de soltera Emilia Attias tras la separaci\u00f3n del Turco Naim<\/h2>\n\n\n\n<p>Transcurridos casi tres meses desde que se anunci\u00f3 la separaci\u00f3n entre<strong>\u00a0Emilia Attias\u00a0<\/strong>y el\u00a0<strong>Turco Naim<\/strong>, la actriz contin\u00faa alejada del espectro p\u00fablico. Sin embargo,a\u00fan se mantiene muy activa en sus redes sociales, y desde all\u00ed,\u00a0<strong>comparti\u00f3 fotos y videos de su nueva aventura fuera del pa\u00eds.<\/strong><\/p>\n\n\n\n<p>Fue as\u00ed como<strong>&nbsp;la blonda document\u00f3 su paso por Par\u00eds, donde comparte a diario con sus excompa\u00f1eros de&nbsp;<\/strong><em><strong>Casi \u00c1ngeles<\/strong><\/em><em>,<\/em><strong>Victorio D\u2019Alessandro y Roc\u00edo Igarzabal.<\/strong>&nbsp;En realidad, este viaje es de car\u00e1cter promocional, ya que una reconocida marca de cerveza los llev\u00f3 a vivir esta experiencia. Tal como se puede ver en video, Emilia aprovecha cada instante y adem\u00e1s de sacar su lado m\u00e1s influencer,&nbsp;<strong>se la ve bailando a full en la Ciudad de las Luces.<\/strong><\/p>\n\n\n\n<figure class=\"wp-block-image\"><img decoding=\"async\" src=\"https:\/\/tn.com.ar\/resizer\/v2\/emilia-attias-disfruta-sus-dias-de-solteria-en-la-ciudad-de-paris-junto-a-victorio-dalessandro-y-rocio-igarzabal-foto-instagram-emiliaatt-FVAWCZZTDNDYTM64NSDM3FBDFI.JPG?auth=3029011b6eb18afef6b824d220828c0907d181b34975c610cee53b4edc223c74&amp;width=767\" alt=\"Emilia Attias disfruta sus d\u00edas de solter\u00eda en la ciudad de Par\u00eds junto a Victorio D\u2019Alessandro y Roc\u00edo Igarzabal (Foto: Instagram \/ emilia_att)\"\/><figcaption class=\"wp-element-caption\">Emilia Attias disfruta sus d\u00edas de solter\u00eda en la ciudad de Par\u00eds junto a Victorio D\u2019Alessandro y Roc\u00edo Igarzabal (Foto: Instagram \/ emilia_att)Por:&nbsp;<strong>Mayerkis Campos<\/strong><\/figcaption><\/figure>\n\n\n\n<p>El divertido momento entre Emilia y Rochi fue grabado este viernes, cuando asistieron a una fiesta privada con motivo de los Juegos Ol\u00edmpicos, y cuya tem\u00e1tica era de playa. All\u00ed estuvieron rodeadas de arena y palmeras, con la ic\u00f3nica torre Eiffel de fondo.&nbsp;<strong>\u201cEl 8\/8 llegamos a Par\u00eds, se abri\u00f3 el portal del le\u00f3n y nos encontr\u00f3 as\u00ed&#8230; nada mal, \u00bfno?\u201d,<\/strong>&nbsp;coment\u00f3 la ex del Turco Naim en su cuenta de m\u00e1s de un mill\u00f3n de seguidores.<\/p>\n\n\n\n<p>El \u00e1nimo de celebraci\u00f3n sigui\u00f3 en la noche, y por medio de sus historias en Instagram, las amigas grabaron algunos momentos compartidos en un popular boliche, con el curioso nombre de&nbsp;<em>Silencio club.&nbsp;<\/em>All\u00ed,<strong>&nbsp;se reunieron con varios amigos para bailar y disfrutaron a pleno la noche parisina.<\/strong><\/p>\n","protected":false},"excerpt":{"rendered":"<p>A pesar de que el actor no es muy activo en las redes sociales, sorprendi\u00f3 a sus seguidores con un impresionante nuevo aspecto. Las \u00faltimas semanas\u00a0Emilia Attias\u00a0disfrut\u00f3 su viaje a&hellip; <\/p>\n","protected":false},"author":12,"featured_media":159798,"comment_status":"closed","ping_status":"open","sticky":false,"template":"","format":"standard","meta":{"footnotes":""},"categories":[19],"tags":[],"class_list":["post-159786","post","type-post","status-publish","format-standard","has-post-thumbnail","hentry","category-espectaculos"],"_links":{"self":[{"href":"https:\/\/corrientesdetarde.com\/index.php\/wp-json\/wp\/v2\/posts\/159786","targetHints":{"allow":["GET"]}}],"collection":[{"href":"https:\/\/corrientesdetarde.com\/index.php\/wp-json\/wp\/v2\/posts"}],"about":[{"href":"https:\/\/corrientesdetarde.com\/index.php\/wp-json\/wp\/v2\/types\/post"}],"author":[{"embeddable":true,"href":"https:\/\/corrientesdetarde.com\/index.php\/wp-json\/wp\/v2\/users\/12"}],"replies":[{"embeddable":true,"href":"https:\/\/corrientesdetarde.com\/index.php\/wp-json\/wp\/v2\/comments?post=159786"}],"version-history":[{"count":1,"href":"https:\/\/corrientesdetarde.com\/index.php\/wp-json\/wp\/v2\/posts\/159786\/revisions"}],"predecessor-version":[{"id":159799,"href":"https:\/\/corrientesdetarde.com\/index.php\/wp-json\/wp\/v2\/posts\/159786\/revisions\/159799"}],"wp:featuredmedia":[{"embeddable":true,"href":"https:\/\/corrientesdetarde.com\/index.php\/wp-json\/wp\/v2\/media\/159798"}],"wp:attachment":[{"href":"https:\/\/corrientesdetarde.com\/index.php\/wp-json\/wp\/v2\/media?parent=159786"}],"wp:term":[{"taxonomy":"category","embeddable":true,"href":"https:\/\/corrientesdetarde.com\/index.php\/wp-json\/wp\/v2\/categories?post=159786"},{"taxonomy":"post_tag","embeddable":true,"href":"https:\/\/corrientesdetarde.com\/index.php\/wp-json\/wp\/v2\/tags?post=159786"}],"curies":[{"name":"wp","href":"https:\/\/api.w.org\/{rel}","templated":true}]}}