{"id":159806,"date":"2024-08-16T22:29:39","date_gmt":"2024-08-17T01:29:39","guid":{"rendered":"https:\/\/corrientesdetarde.com\/?p=159806"},"modified":"2024-08-16T22:29:51","modified_gmt":"2024-08-17T01:29:51","slug":"julian-alvarez-marco-una-fuerte-diferencia-entre-guardiola-y-simeone","status":"publish","type":"post","link":"https:\/\/corrientesdetarde.com\/index.php\/deportes\/julian-alvarez-marco-una-fuerte-diferencia-entre-guardiola-y-simeone\/","title":{"rendered":"Juli\u00e1n \u00c1lvarez marc\u00f3 una fuerte diferencia entre Guardiola y Simeone"},"content":{"rendered":"\n<h3 class=\"wp-block-heading\">El delantero argentino fue presentado como refuerzo del Atl\u00e9tico de Madrid y en la conferencia de prensa compar\u00f3 a Pep Guardiola con el Cholo Simeone.<\/h3>\n\n\n\n<p>Oficialmente, el campe\u00f3n argentino&nbsp;<strong>Juli\u00e1n \u00c1lvarez es nuevo jugador del Atl\u00e9tico de Madrid.<\/strong>&nbsp;En la bienvenida le preguntaron por su paso por el Manchester City, c\u00f3mo se prepara para afrontar un nuevo desaf\u00edo y su opini\u00f3n<strong>&nbsp;sobre Pep Guardiola y Cholo Simeone<\/strong>.<\/p>\n\n\n\n<p>\u201cHe aprendido mucho en estos dos a\u00f1os. Cada uno tiene sus cosas,\u00a0<strong>son dos de los mejores entrenadores de la historia\u00a0<\/strong>y siento que puedo seguir mejorando en muchas cosas.\u00a0<strong>Estoy muy ilusionado de conocer a un entrenador como el Cholo,<\/strong>\u00a0por lo que significa para este club, para La Liga y por todo lo que le dio al f\u00fatbol mundial\u201d,\u00a0<strong>afirm\u00f3 la Ara\u00f1a.<\/strong><\/p>\n\n\n\n<figure class=\"wp-block-image\"><img decoding=\"async\" src=\"https:\/\/tn.com.ar\/resizer\/v2\/julian-alvarez-y-pep-guardiola-en-un-entrenamineto-del-manchester-city-fotoreuters-PDZ6VLBTRRB5NNHRQ4OSIGKW7I.jfif?auth=85bd2fd67435a55095c31af3dbdd30e6d8f943cbfba9de4655f145ccbec53fa7&amp;width=767\" alt=\"Juli\u00e1n \u00c1lvarez y Pep Guardiola en un entrenamineto del Manchester City. (Foto:Reuters)\"\/><figcaption class=\"wp-element-caption\">Juli\u00e1n \u00c1lvarez y Pep Guardiola en un entrenamineto del Manchester City. (Foto:Reuters)<\/figcaption><\/figure>\n\n\n\n<p><strong>El equipo de los Colchonero pag\u00f3<\/strong>&nbsp;75 millones de euros fijos m\u00e1s 20 millones en variables por objetivos,&nbsp;<strong>un total de 95 millones.<\/strong><\/p>\n\n\n\n<p>Juli\u00e1n se mostr\u00f3 agradecido y entusiasmado por el recibimiento que le dieron los hinchas: \u201cSent\u00ed bastante el cari\u00f1o de la gente de este club por redes sociales y mensaje. Va a ser un lindo momento el mi\u00e9rcoles para conocer a toda la afici\u00f3n. Mucha gente sigui\u00f3 mi vuelo y eso a uno lo pone muy feliz\u201d, expres\u00f3.<\/p>\n\n\n\n<p>Adem\u00e1s, el nuevo refuerzo del Atl\u00e9tico de Madrid dijo: \u201cNo me siento un superh\u00e9roe por haber ganado el mundial. Vengo a aportar lo m\u00edo y luchar en todas las competiciones\u201d.<\/p>\n\n\n\n<p>El delantero aclar\u00f3 que&nbsp;<strong>Simeone influy\u00f3 en su decisi\u00f3n&nbsp;<\/strong>ya que le dijo que \u00e9l pod\u00eda ayudar y&nbsp;<strong>aportarle mucho al Atleti&nbsp;<\/strong>y, agreg\u00f3 que ellos lo iban a colaborar con \u00e9l para&nbsp;<strong>mejorar sus virtudes<\/strong>.<\/p>\n\n\n\n<figure class=\"wp-block-image\"><img decoding=\"async\" src=\"https:\/\/tn.com.ar\/resizer\/v2\/simeone-le-dijo-a-julian-alvarez-que-puede-aportarle-mucho-al-atletico-de-madrid-foto-reutersisabel-infantes-5SUOFWDWFSPCOU7I64U6RGFEPY.jpg?auth=d5611609795d385734167f2c7d3e98a2a4bb5d399da86f26ecacaea5fd711a57&amp;width=767\" alt=\"Simeone le dijo a Juli\u00e1n \u00c1lvarez que puede aportarle mucho al Atl\u00e9tico de Madrid. Foto: (REUTERS\/Isabel Infantes)\"\/><figcaption class=\"wp-element-caption\">Simeone le dijo a Juli\u00e1n \u00c1lvarez que puede aportarle mucho al Atl\u00e9tico de Madrid.<\/figcaption><\/figure>\n","protected":false},"excerpt":{"rendered":"<p>El delantero argentino fue presentado como refuerzo del Atl\u00e9tico de Madrid y en la conferencia de prensa compar\u00f3 a Pep Guardiola con el Cholo Simeone. Oficialmente, el campe\u00f3n argentino&nbsp;Juli\u00e1n \u00c1lvarez&hellip; <\/p>\n","protected":false},"author":12,"featured_media":159808,"comment_status":"closed","ping_status":"open","sticky":false,"template":"","format":"standard","meta":{"footnotes":""},"categories":[4],"tags":[],"class_list":["post-159806","post","type-post","status-publish","format-standard","has-post-thumbnail","hentry","category-deportes"],"_links":{"self":[{"href":"https:\/\/corrientesdetarde.com\/index.php\/wp-json\/wp\/v2\/posts\/159806","targetHints":{"allow":["GET"]}}],"collection":[{"href":"https:\/\/corrientesdetarde.com\/index.php\/wp-json\/wp\/v2\/posts"}],"about":[{"href":"https:\/\/corrientesdetarde.com\/index.php\/wp-json\/wp\/v2\/types\/post"}],"author":[{"embeddable":true,"href":"https:\/\/corrientesdetarde.com\/index.php\/wp-json\/wp\/v2\/users\/12"}],"replies":[{"embeddable":true,"href":"https:\/\/corrientesdetarde.com\/index.php\/wp-json\/wp\/v2\/comments?post=159806"}],"version-history":[{"count":1,"href":"https:\/\/corrientesdetarde.com\/index.php\/wp-json\/wp\/v2\/posts\/159806\/revisions"}],"predecessor-version":[{"id":159809,"href":"https:\/\/corrientesdetarde.com\/index.php\/wp-json\/wp\/v2\/posts\/159806\/revisions\/159809"}],"wp:featuredmedia":[{"embeddable":true,"href":"https:\/\/corrientesdetarde.com\/index.php\/wp-json\/wp\/v2\/media\/159808"}],"wp:attachment":[{"href":"https:\/\/corrientesdetarde.com\/index.php\/wp-json\/wp\/v2\/media?parent=159806"}],"wp:term":[{"taxonomy":"category","embeddable":true,"href":"https:\/\/corrientesdetarde.com\/index.php\/wp-json\/wp\/v2\/categories?post=159806"},{"taxonomy":"post_tag","embeddable":true,"href":"https:\/\/corrientesdetarde.com\/index.php\/wp-json\/wp\/v2\/tags?post=159806"}],"curies":[{"name":"wp","href":"https:\/\/api.w.org\/{rel}","templated":true}]}}