{"id":159807,"date":"2024-08-16T22:30:43","date_gmt":"2024-08-17T01:30:43","guid":{"rendered":"https:\/\/corrientesdetarde.com\/?p=159807"},"modified":"2024-08-16T22:30:44","modified_gmt":"2024-08-17T01:30:44","slug":"cinthia-fernandez-fulmino-a-fabiola-yanez-y-recordo-la-fiesta-en-olivos-ahora-es-la-madre-teresa","status":"publish","type":"post","link":"https:\/\/corrientesdetarde.com\/index.php\/espectaculos\/cinthia-fernandez-fulmino-a-fabiola-yanez-y-recordo-la-fiesta-en-olivos-ahora-es-la-madre-teresa\/","title":{"rendered":"Cinthia Fern\u00e1ndez fulmin\u00f3 a Fabiola Ya\u00f1ez y record\u00f3 la fiesta en Olivos: \u201cAhora es la Madre Teresa\u201d"},"content":{"rendered":"\n<h3 class=\"wp-block-heading\">La panelista volvi\u00f3 de Miami y no dud\u00f3 en lanzar dur\u00edsimas cr\u00edticas contra la ex primera dama y Tamara Pettinato.<\/h3>\n\n\n\n<figure class=\"wp-block-image\"><img decoding=\"async\" src=\"https:\/\/tn.com.ar\/resizer\/v2\/cinthia-fernandez-destrozo-a-fabiola-yanez-foto-captura-eltrece-instagram-fabiolaoficialok-YQPDYY6W5ZEARMS4FJ4TUDFAQE.jpg?auth=b86fc28ec54781a815910e043c481cda762611165da0b5468ca23fa28f8268f1&amp;width=767\" alt=\"Cinthia Fern\u00e1ndez destroz\u00f3 a Fabiola Ya\u00f1ez (Foto: Captura eltrece - Instagram \/ fabiolaoficialok)\"\/><figcaption class=\"wp-element-caption\">Cinthia Fern\u00e1ndez destroz\u00f3 a Fabiola Ya\u00f1ez (Foto: Captura eltrece &#8211; Instagram \/ fabiolaoficialok)<\/figcaption><\/figure>\n\n\n\n<p><strong>Cinthia Fern\u00e1ndez<\/strong>\u00a0regres\u00f3 de su viaje por Miami y ni bien lleg\u00f3 al pa\u00eds\u00a0<strong>se pronunci\u00f3 en sus redes sobre\u00a0Fabiola Ya\u00f1ez<\/strong>. En varias historias de Instagram, la panelista se despach\u00f3 con filosas opiniones. Sin embargo,\u00a0<strong>insisti\u00f3 en separar la denuncia por violencia de g\u00e9nero que inici\u00f3 la esposa de Alberto Fern\u00e1ndez de la participaci\u00f3n que tuvo en las cuestionadas fiestas que ofreci\u00f3 en la Quinta de Olivos<\/strong>\u00a0durante la pandemia.<\/p>\n\n\n\n<p>En su descargo, la ex de Mat\u00edas Defederico expuso: \u201c<strong>Yo no tengo nada bueno para decir<\/strong>, a m\u00ed no me sorprende la hipocres\u00eda ante el dolor de muchas personas.\u00a0<strong>Por lo \u00fanico que es pobre y que es v\u00edctima, es por ser v\u00edctima de violencia de g\u00e9nero<\/strong>\u201d. Luego, muy incisiva, ironiz\u00f3: \u201cAhora parece que Fabiola es la madre Teresa de Calcuta\u201d.<\/p>\n\n\n\n<figure class=\"wp-block-image\"><img decoding=\"async\" src=\"https:\/\/tn.com.ar\/resizer\/v2\/https%3A%2F%2Fthumbs.vodgc.net%2F1-14-MnSTov1723846386327-1723846777.jpg?auth=128e24659bc3360f86c2fdb40eec7f2af029c70161b3886d13abd4149cda9d94&amp;width=767\" alt=\"Video Placeholder\"\/><\/figure>\n\n\n\n<p>Cinthia Fern\u00e1ndez opin\u00f3 sin filtros sobre el caso de Fabiola Y\u00e1\u00f1ez y los videos de Tamara Pettinato (Foto: Captura eltrece)<\/p>\n\n\n\n<p>Bajo esta l\u00ednea, la bailarina explic\u00f3 por qu\u00e9 no logra empatizar del todo con Fabiola: \u201cNos estamos olvidando de que<strong>&nbsp;ella hizo una fiestita cuando todos nos est\u00e1bamos fundiendo<\/strong>. Nos estamos olvidando que<strong>&nbsp;ella y \u00e9l (Alberto Fern\u00e1ndez) son responsables<\/strong>\u201d.<\/p>\n\n\n\n<p>Inmediatamente, Cinthia procedi\u00f3 a enumerar varios casos que indignaron a la opini\u00f3n p\u00fablica: \u201c<strong>Yo no me olvido de que a una mujer que estaba tomando sol la sacaron como una delincuente, del pap\u00e1 que tuvo que sacar en andas a su hija con c\u00e1ncer porque no lo dejaban pasar\u201d.<\/strong><\/p>\n\n\n\n<p>En cuanto a Tamara Pettinato, Cinthia tambi\u00e9n le dedic\u00f3 unas fuertes opiniones en medio de sus dichos: \u201c<strong>A nosotros se nos cag&#8230; de risa; \u00e9l, ella,\u00a0Tamara Pettinato, todos y tienen que pagar<\/strong>\u00a0(&#8230;) qu\u00e9 linda nos va a salir esta jodita, \u00bfeh?\u201d. Por \u00faltimo, coment\u00f3: \u201c<strong>Que pague Tamara Pettinato.\u00a0<\/strong>Mientras hac\u00edan chin-chin la gente estaba sin poder darle el \u00faltimo beso a cualquier familiar<strong>, todos deber\u00edan ser cancelados, que se haga un poquito de justicia para nosotros<\/strong>\u201d.<\/p>\n\n\n\n<h2 class=\"wp-block-heading\">Cinthia Fern\u00e1ndez destroz\u00f3 a Tamara Pettinato por su encuentro con Alberto Fern\u00e1ndez: \u201cTe re\u00edste de nosotros\u201d<\/h2>\n\n\n\n<p><strong>Tamara Pettinato y Alberto Fern\u00e1ndez\u00a0<\/strong>quedaron en el ojo de la tormenta despu\u00e9s de que se viralizara un video de la periodista en la Quinta de Olivos, en plena cuarentena,\u00a0<strong>tomando cerveza con el expresidente en su despacho. Ante de esta inesperada filtraci\u00f3n,\u00a0Cinthia Fern\u00e1ndez\u00a0arremeti\u00f3 contra su colega.<\/strong><\/p>\n\n\n\n<p>\u201c\u00bfQui\u00e9n ten\u00eda raz\u00f3n, eh? \u00a1Mamita! Se hizo la canchera en \u2018Bendita\u2019 y, cuando le respond\u00ed con esto, neg\u00f3 todo, canchereando.&nbsp;<strong>\u00a1C\u00f3mo te cagaste de risa de todos nosotros en pandemia, como te cagaste en los enfermos, en los fallecidos y sus familiares!\u201d<\/strong>, lanz\u00f3 la medi\u00e1tica en su cuenta de Twitter.<\/p>\n\n\n\n<figure class=\"wp-block-image\"><img decoding=\"async\" src=\"https:\/\/tn.com.ar\/resizer\/v2\/cinthia-fernandez-destrozo-a-tamara-pettinato-tras-la-filtracion-del-video-de-su-encuentro-con-alberto-fernandez-foto-captura-america-instagram-tamarapettinato-G5EG5IR3L5AYJO5GLU4ESG7BQI.jpg?auth=7a16adae8361b8ebd26273bbdcf7f2a082aeb615058574fd26acc9d1d5731273&amp;width=767\" alt=\"Cinthia Fern\u00e1ndez destroz\u00f3 a Tamara Pettinato tras la filtraci\u00f3n del video de su encuentro con Alberto Fern\u00e1ndez. (Foto: Captura Am\u00e9rica \/ Instagram tamarapettinato)\"\/><figcaption class=\"wp-element-caption\">Cinthia Fern\u00e1ndez destroz\u00f3 a Tamara Pettinato tras la filtraci\u00f3n del video de su encuentro con Alberto Fern\u00e1ndez. (Foto: Captura Am\u00e9rica \/ Instagram tamarapettinato)<\/figcaption><\/figure>\n\n\n\n<p>Y remat\u00f3:&nbsp;<strong>\u201cMientras la gente perd\u00eda seres queridos y sus negocios de toda la vida, esta lacra entraba a las 22:30 a tener \u2018reuniones\u2019 con esta lacra\u201d.<\/strong><\/p>\n\n\n\n<p>Los seguidores de la panelista reaccionaron a la publicaci\u00f3n y suscribieron a sus palabras.&nbsp;<strong>\u201cNo tienen perd\u00f3n de Dios\u201d<\/strong>,&nbsp;<strong>\u201cNo me sorprende, me da asco\u201d<\/strong>,&nbsp;<strong>\u201c\u00a1Los videos que deben faltar!\u201d,<\/strong>&nbsp;<strong>\u201cEsta vez ten\u00e9s toda la raz\u00f3n\u201d<\/strong>, fueron algunos de los comentarios que recibi\u00f3 el tuit.<\/p>\n","protected":false},"excerpt":{"rendered":"<p>La panelista volvi\u00f3 de Miami y no dud\u00f3 en lanzar dur\u00edsimas cr\u00edticas contra la ex primera dama y Tamara Pettinato. Cinthia Fern\u00e1ndez\u00a0regres\u00f3 de su viaje por Miami y ni bien&hellip; <\/p>\n","protected":false},"author":12,"featured_media":159810,"comment_status":"closed","ping_status":"open","sticky":false,"template":"","format":"standard","meta":{"footnotes":""},"categories":[19],"tags":[],"class_list":["post-159807","post","type-post","status-publish","format-standard","has-post-thumbnail","hentry","category-espectaculos"],"_links":{"self":[{"href":"https:\/\/corrientesdetarde.com\/index.php\/wp-json\/wp\/v2\/posts\/159807","targetHints":{"allow":["GET"]}}],"collection":[{"href":"https:\/\/corrientesdetarde.com\/index.php\/wp-json\/wp\/v2\/posts"}],"about":[{"href":"https:\/\/corrientesdetarde.com\/index.php\/wp-json\/wp\/v2\/types\/post"}],"author":[{"embeddable":true,"href":"https:\/\/corrientesdetarde.com\/index.php\/wp-json\/wp\/v2\/users\/12"}],"replies":[{"embeddable":true,"href":"https:\/\/corrientesdetarde.com\/index.php\/wp-json\/wp\/v2\/comments?post=159807"}],"version-history":[{"count":1,"href":"https:\/\/corrientesdetarde.com\/index.php\/wp-json\/wp\/v2\/posts\/159807\/revisions"}],"predecessor-version":[{"id":159811,"href":"https:\/\/corrientesdetarde.com\/index.php\/wp-json\/wp\/v2\/posts\/159807\/revisions\/159811"}],"wp:featuredmedia":[{"embeddable":true,"href":"https:\/\/corrientesdetarde.com\/index.php\/wp-json\/wp\/v2\/media\/159810"}],"wp:attachment":[{"href":"https:\/\/corrientesdetarde.com\/index.php\/wp-json\/wp\/v2\/media?parent=159807"}],"wp:term":[{"taxonomy":"category","embeddable":true,"href":"https:\/\/corrientesdetarde.com\/index.php\/wp-json\/wp\/v2\/categories?post=159807"},{"taxonomy":"post_tag","embeddable":true,"href":"https:\/\/corrientesdetarde.com\/index.php\/wp-json\/wp\/v2\/tags?post=159807"}],"curies":[{"name":"wp","href":"https:\/\/api.w.org\/{rel}","templated":true}]}}