{"id":15982,"date":"2022-10-31T17:16:39","date_gmt":"2022-10-31T20:16:39","guid":{"rendered":"https:\/\/corrientesdetarde.com\/?p=15982"},"modified":"2022-10-31T17:16:42","modified_gmt":"2022-10-31T20:16:42","slug":"tassano-en-jornadas-de-articulacion-entre-universidad-gobiernoy-sector-privado-continuamos-trabajando-de-forma-conjunta","status":"publish","type":"post","link":"https:\/\/corrientesdetarde.com\/index.php\/destacados\/tassano-en-jornadas-de-articulacion-entre-universidad-gobiernoy-sector-privado-continuamos-trabajando-de-forma-conjunta\/","title":{"rendered":"<strong>Tassano, en jornadas de articulaci\u00f3n entre universidad, gobierno<br>y sector privado: \u201cContinuamos trabajando de forma conjunta\u201d<\/strong>"},"content":{"rendered":"\n<p><em>\u201cEste encuentro ampl\u00eda la tradici\u00f3n que tiene Corrientes de reunirse, debatir y tener un proyecto conjunto para pol\u00edticas de Estado, sintetizado en el Pacto Correntino\u201d, dijo el intendente al participar de la apertura del encuentro de los tres sectores, junto con autoridades del Gobierno provincial y de la UNNE. A trav\u00e9s de diversas mesas tem\u00e1ticas, el objetivo fue definir una agenda com\u00fan y trabajar articuladamente con el medio para encarar acciones transformadoras.<\/em><\/p>\n\n\n\n<p>El intendente Eduardo Tassano particip\u00f3 este lunes del inicio de las Jornadas de Articulaci\u00f3n y Vinculaci\u00f3n Universidad-Gobierno-Sector Privado bajo el t\u00edtulo \u201cBases para un desarrollo integral y prospectivo\u201d. Se trata de un encuentro en el que, a trav\u00e9s de debates en mesas tem\u00e1ticas, se busca definir una agenda com\u00fan y trabajar articuladamente entre los sectores para encarar acciones transformadoras en la ciudad y la provincia, en el marco del recientemente firmado Pacto Correntino para el Crecimiento Econ\u00f3mico y Desarrollo Social.<br>El acto inicial y las deliberaciones se llevaron a cabo en el sal\u00f3n principal de la sede de la Facultad de Medicina de la Universidad Nacional del Nordeste (UNNE), ubicada por Sargento Cabral al 1900.<br>Adem\u00e1s de Tassano, encabezaron la ceremonia de apertura de las jornadas el anfitri\u00f3n rector de la UNNE, Omar Larroza; el ministro secretario general de la Gobernaci\u00f3n, Carlos Vignolo (en representaci\u00f3n del gobernador Gustavo Vald\u00e9s); el presidente de la C\u00e1mara de Diputados, Pedro Cassani; el secretario general de Relaciones Interinstitucionales de la UNNE, Sebasti\u00e1n Slobayen, adem\u00e1s de integrantes de equipos de trabajo de la Municipalidad y funcionarios como el secretario de Desarrollo Econ\u00f3mico municipal, Juan Esteban Maldonado Yonna.<br>\u201cAsistimos a una convocatoria para entidades gubernamentales -provinciales y municipales-, el sector privado y la Universidad con el fin de articular pol\u00edticas a partir de proyectos conjuntos, en este contexto de cambio permanente que estamos viviendo\u201d, indic\u00f3 Tassano.<br>\u201cRealmente, este encuentro ampl\u00eda la tradici\u00f3n que tiene Corrientes de reunirse, debatir y tener un proyecto conjunto para pol\u00edticas de Estado, sintetizado en el Pacto Correntino para el Crecimiento y el Desarrollo, firmado recientemente en una segunda edici\u00f3n\u201d, record\u00f3.<br>Con relaci\u00f3n a los principales desaf\u00edos de desarrollo en la ciudad en el marco de esta planificaci\u00f3n conjunta, el intendente se\u00f1al\u00f3 que \u201clas ciudades enfrentan hoy desaf\u00edos in\u00e9ditos\u201d, sobre lo cual ejemplific\u00f3: \u201cEstamos, por ejemplo, en la organizaci\u00f3n de todos los aspectos de urbanizaci\u00f3n de la ciudad, que es un tema complejo en un contexto de sustentabilidad ambiental, porque las ciudades a\u00fan no est\u00e1n preparadas para el cambio clim\u00e1tico. Y esa transici\u00f3n debemos liderarla desde la ciudad, lo cual es tambi\u00e9n un tema de exposici\u00f3n en este encuentro\u201d.<br><br>COOPERACI\u00d3N Y ARTICULACI\u00d3N<br>El rector de la UNNE hizo hincapi\u00e9 en la importancia del encuentro y el rol de la Universidad en este sentido. \u201cFundamentalmente es dar respuesta a una dimensi\u00f3n del desarrollo a partir del rol protag\u00f3nico que asumimos con la firma del Pacto Correntino, de disponer que las universidades puedan tener los planes estrat\u00e9gicos locales como referencia\u201d, sostuvo.<br>\u201cTambi\u00e9n, los objetivos de desarrollo sustentable del nuevo milenio hacen que en la Universidad podamos poner a todos nuestros talentos, investigadores e infraestructura en este espacio, que implica un lenguaje de cooperaci\u00f3n, de articulaci\u00f3n y de sinergia de pol\u00edticas p\u00fablicas que determinen esta palabra que entre todos tenemos que definirla, que es el desarrollo\u201d, explic\u00f3 Larroza.<br>En este contexto, mencion\u00f3 que la labor universitaria consistir\u00e1 en \u201ctrabajar en estos espacios de coordinaci\u00f3n de pol\u00edticas p\u00fablicas, en la identificaci\u00f3n de las demandas que aparezcan en el sector productivo privado; y tambi\u00e9n en aquellas acciones que en la dimensi\u00f3n del Estado requieran una fuerte articulaci\u00f3n del desarrollo: all\u00ed las universidades tienen que estar presentes\u201d, subray\u00f3.<br><br>AGENDA COM\u00daN Y VISI\u00d3N DE FUTURO<br>Por su parte, el secretario de Desarrollo Econ\u00f3mico de la Municipalidad resalt\u00f3 que \u201ceste encuentro busca trabajar en distintas tem\u00e1ticas con visi\u00f3n de futuro y dise\u00f1ar una agenda de trabajo entre las distintas instituciones y actores, que permita y apunte al desarrollo de la ciudad y la provincia en conjunto con la Universidad\u201d.<br>Asimismo, Maldonado Yonna destac\u00f3 \u201cla importancia de este tipo de espacios, en donde se puede compartir y debatir tambi\u00e9n sobre la agenda que llevamos adelante entre las distintas instituciones y -obviamente- buscar los puntos en com\u00fan y la articulaci\u00f3n para potenciar esas l\u00edneas de trabajo que venimos llevando a cabo\u201d.<br>\u201cDe esa manera, podremos tener un mayor impacto en la ciudad y la provincia, y tambi\u00e9n, que sea un aporte de Corrientes al pa\u00eds\u201d, concluy\u00f3.<br><\/p>\n","protected":false},"excerpt":{"rendered":"<p>\u201cEste encuentro ampl\u00eda la tradici\u00f3n que tiene Corrientes de reunirse, debatir y tener un proyecto conjunto para pol\u00edticas de Estado, sintetizado en el Pacto Correntino\u201d, dijo el intendente al participar&hellip; <\/p>\n","protected":false},"author":1,"featured_media":15983,"comment_status":"closed","ping_status":"open","sticky":false,"template":"","format":"standard","meta":{"footnotes":""},"categories":[26],"tags":[],"class_list":["post-15982","post","type-post","status-publish","format-standard","has-post-thumbnail","hentry","category-destacados"],"_links":{"self":[{"href":"https:\/\/corrientesdetarde.com\/index.php\/wp-json\/wp\/v2\/posts\/15982","targetHints":{"allow":["GET"]}}],"collection":[{"href":"https:\/\/corrientesdetarde.com\/index.php\/wp-json\/wp\/v2\/posts"}],"about":[{"href":"https:\/\/corrientesdetarde.com\/index.php\/wp-json\/wp\/v2\/types\/post"}],"author":[{"embeddable":true,"href":"https:\/\/corrientesdetarde.com\/index.php\/wp-json\/wp\/v2\/users\/1"}],"replies":[{"embeddable":true,"href":"https:\/\/corrientesdetarde.com\/index.php\/wp-json\/wp\/v2\/comments?post=15982"}],"version-history":[{"count":1,"href":"https:\/\/corrientesdetarde.com\/index.php\/wp-json\/wp\/v2\/posts\/15982\/revisions"}],"predecessor-version":[{"id":15984,"href":"https:\/\/corrientesdetarde.com\/index.php\/wp-json\/wp\/v2\/posts\/15982\/revisions\/15984"}],"wp:featuredmedia":[{"embeddable":true,"href":"https:\/\/corrientesdetarde.com\/index.php\/wp-json\/wp\/v2\/media\/15983"}],"wp:attachment":[{"href":"https:\/\/corrientesdetarde.com\/index.php\/wp-json\/wp\/v2\/media?parent=15982"}],"wp:term":[{"taxonomy":"category","embeddable":true,"href":"https:\/\/corrientesdetarde.com\/index.php\/wp-json\/wp\/v2\/categories?post=15982"},{"taxonomy":"post_tag","embeddable":true,"href":"https:\/\/corrientesdetarde.com\/index.php\/wp-json\/wp\/v2\/tags?post=15982"}],"curies":[{"name":"wp","href":"https:\/\/api.w.org\/{rel}","templated":true}]}}