{"id":159821,"date":"2024-08-17T08:00:20","date_gmt":"2024-08-17T11:00:20","guid":{"rendered":"https:\/\/corrientesdetarde.com\/?p=159821"},"modified":"2024-08-17T08:00:28","modified_gmt":"2024-08-17T11:00:28","slug":"braillard-poccard-destaco-los-logros-del-sector-arrocero-y-aseguro-el-acompanamiento-del-gobierno-provincial-2","status":"publish","type":"post","link":"https:\/\/corrientesdetarde.com\/index.php\/economia\/braillard-poccard-destaco-los-logros-del-sector-arrocero-y-aseguro-el-acompanamiento-del-gobierno-provincial-2\/","title":{"rendered":"Braillard Poccard destac\u00f3 los logros del sector arrocero y asegur\u00f3 el acompa\u00f1amiento del Gobierno provincial"},"content":{"rendered":"\n<p>En el marco de la 88\u00aa Exposici\u00f3n de Ganader\u00eda, Agricultura, Granja, Industria y Comercio, que tienen lugar en el predio de la Sociedad Rural en Riachuelo, se desarrollaron las XVII Jornadas de Arroz, que ofrecieron informaci\u00f3n valiosa sobre la situaci\u00f3n actual del sector, perspectivas, nuevas tecnolog\u00edas, y la importancia de nuevas variedades del principal cultivo de la provincia.<\/p>\n\n\n\n<p>El vicegobernador, Pedro Braillard Poccard, se interioriz\u00f3 sobre los temas atinentes al sector, y asegur\u00f3 el acompa\u00f1amiento del Gobierno provincial: \u201cVenimos a acompa\u00f1ar y ofrecer nuestra colaboraci\u00f3n en todo lo que sea posible. El compromiso del Gobierno se mantiene siempre en la actividad productiva\u201d, expres\u00f3. \u201cEl arroz es el cultivo que posiciona a Corrientes en el pa\u00eds. Ustedes son los que tienen el r\u00e9dito de eso y nosotros venimos a acompa\u00f1ar ese trabajo\u201d, afirm\u00f3.<\/p>\n\n\n\n<p>Al mismo tiempo, Braillard Poccard augur\u00f3 \u00e9xito a las Jornadas en las que estuvieron presentes el presidente de la Rural de Corrientes, Francisco Velar, el Ministro de la Producci\u00f3n, Claudio Anselmo, el presidente de la Asociaci\u00f3n Correntina de Plantadores de Arroz,&nbsp;Jorge Borsatto, funcionarios, productores, y empresas del sector.<\/p>\n\n\n\n<p>Jorge Borsatto, titular de la Asociaci\u00f3n Correntina de Plantadores de Arroz, agradeci\u00f3 la presencia de representantes del Gobierno provincial, por un lado, y a la Sociedad Rural: \u201cCreemos que es una excelente idea abrir la exposici\u00f3n e integrar a todas las actividades de la provincia. Me parece fundamental porque todo forma parte del \u00e1mbito rural. Nosotros desde el a\u00f1o 2018 no organiz\u00e1bamos una jornada arrocera, sufrimos un proceso organizativo, vino la pandemia y hoy estamos en condiciones de organizarla, uni\u00e9ndonos a la Exposici\u00f3n Rural\u201d.<\/p>\n\n\n\n<p>Con relaci\u00f3n a la situaci\u00f3n del sector, el presidente de ACPA dijo: \u201cHoy el sector est\u00e1 en un buen momento en cuanto a precios internacionales y mercado interno. No sobra arroz porque venimos de a\u00f1os con muchos problemas. En el a\u00f1o \u00faltimo tuvimos la creciente del r\u00edo Corrientes, donde se perdieron miles de hect\u00e1reas, el a\u00f1o anterior la sequ\u00eda. Para esta campa\u00f1a las perspectivas son muy buenas con relaci\u00f3n a las hect\u00e1reas y al precio, y a la disponibilidad de agua, se proyecta un crecimiento en el \u00e1rea de prensa y se podr\u00eda hablar de un r\u00e9cord para la provincia, calculando alrededor de 110 mil hect\u00e1reas y normalmente est\u00e1bamos por debajo de las 100 mil\u201d, finaliz\u00f3.<\/p>\n","protected":false},"excerpt":{"rendered":"<p>En el marco de la 88\u00aa Exposici\u00f3n de Ganader\u00eda, Agricultura, Granja, Industria y Comercio, que tienen lugar en el predio de la Sociedad Rural en Riachuelo, se desarrollaron las XVII&hellip; <\/p>\n","protected":false},"author":3,"featured_media":159832,"comment_status":"closed","ping_status":"open","sticky":false,"template":"","format":"standard","meta":{"footnotes":""},"categories":[20],"tags":[],"class_list":["post-159821","post","type-post","status-publish","format-standard","has-post-thumbnail","hentry","category-economia"],"_links":{"self":[{"href":"https:\/\/corrientesdetarde.com\/index.php\/wp-json\/wp\/v2\/posts\/159821","targetHints":{"allow":["GET"]}}],"collection":[{"href":"https:\/\/corrientesdetarde.com\/index.php\/wp-json\/wp\/v2\/posts"}],"about":[{"href":"https:\/\/corrientesdetarde.com\/index.php\/wp-json\/wp\/v2\/types\/post"}],"author":[{"embeddable":true,"href":"https:\/\/corrientesdetarde.com\/index.php\/wp-json\/wp\/v2\/users\/3"}],"replies":[{"embeddable":true,"href":"https:\/\/corrientesdetarde.com\/index.php\/wp-json\/wp\/v2\/comments?post=159821"}],"version-history":[{"count":1,"href":"https:\/\/corrientesdetarde.com\/index.php\/wp-json\/wp\/v2\/posts\/159821\/revisions"}],"predecessor-version":[{"id":159840,"href":"https:\/\/corrientesdetarde.com\/index.php\/wp-json\/wp\/v2\/posts\/159821\/revisions\/159840"}],"wp:featuredmedia":[{"embeddable":true,"href":"https:\/\/corrientesdetarde.com\/index.php\/wp-json\/wp\/v2\/media\/159832"}],"wp:attachment":[{"href":"https:\/\/corrientesdetarde.com\/index.php\/wp-json\/wp\/v2\/media?parent=159821"}],"wp:term":[{"taxonomy":"category","embeddable":true,"href":"https:\/\/corrientesdetarde.com\/index.php\/wp-json\/wp\/v2\/categories?post=159821"},{"taxonomy":"post_tag","embeddable":true,"href":"https:\/\/corrientesdetarde.com\/index.php\/wp-json\/wp\/v2\/tags?post=159821"}],"curies":[{"name":"wp","href":"https:\/\/api.w.org\/{rel}","templated":true}]}}