{"id":159823,"date":"2024-08-17T08:00:31","date_gmt":"2024-08-17T11:00:31","guid":{"rendered":"https:\/\/corrientesdetarde.com\/?p=159823"},"modified":"2024-08-17T08:00:32","modified_gmt":"2024-08-17T11:00:32","slug":"en-corrientes-la-colecta-anual-de-caritas-recaudo-18-millones","status":"publish","type":"post","link":"https:\/\/corrientesdetarde.com\/index.php\/informacion-general\/en-corrientes-la-colecta-anual-de-caritas-recaudo-18-millones\/","title":{"rendered":"En Corrientes, la Colecta Anual de C\u00e1ritas recaud\u00f3 $18 millones"},"content":{"rendered":"\n<p>Desde la di\u00f3cesis local destacaron el aporte solidario hecho por la comunidad. Ese monto ser\u00e1 repartido en partes iguales entre C\u00e1ritas Central, la unidad local y C\u00e1ritas Parroquiales. Ese dinero es usado en programas para la promoci\u00f3n humana de ni\u00f1os, j\u00f3venes y adultos.<\/p>\n\n\n\n<p>C\u00e1ritas desarroll\u00f3 durante todo el mes de junio su colecta anual 2024 bajo el lema &#8220;Tu solidaridad es esperanza&#8221;. Desde C\u00e1ritas Di\u00f3cesis Corrientes informaron ayer que gracias al aporte solidario de la comunidad recaudaron bajo esa convocatoria 18.210.979,29 pesos.<\/p>\n\n\n\n<p>La referente local, Malvina Medina, explic\u00f3 a \u00e9poca: &#8220;Estamos muy felices porque el dinero donado super\u00f3 lo esperado, teniendo en cuenta que el a\u00f1o pasado estuvimos en una cifra menor a los $4.000.000&#8221;.<\/p>\n\n\n\n<p>En ese sentido, la mencionada explic\u00f3 que el mont\u00f3 ser\u00e1 distribuido un tercio a C\u00e1ritas Nacional ($6.070.326,43), igual cifra para C\u00e1ritas Diocesana y lo mismo para C\u00e1ritas Parroquiales.<\/p>\n\n\n\n<p>&#8220;Estamos muy felices porque las comunidades le pusieron muchas ganas a las actividades de semaforeo, en todas las parroquias hubo personas que recorrieron sus barrios con las urnas para promover la donaci\u00f3n voluntaria. De igual modo, la respuesta tambi\u00e9n fue excelente y llena de solidaridad&#8221;, enfatiz\u00f3.<\/p>\n\n\n\n<h2 class=\"wp-block-heading\">Signo de esperanza<\/h2>\n\n\n\n<p>Siempre de acuerdo a lo comunicado oficialmente, la colecta de C\u00e1ritas quiere ser un signo de esperanza solidaria sobre todo en estos tiempos.<\/p>\n\n\n\n<p>Con el dinero recaudado, la ONG cat\u00f3lica sostiene y desarrolla durante todo el a\u00f1o numerosos programas para la promoci\u00f3n humana de ni\u00f1os, j\u00f3venes y adultos, que brindan oportunidades para impulsar la educaci\u00f3n, el trabajo, la alimentaci\u00f3n sana, el cuidado de la primera infancia, el mejoramiento habitacional, el acceso a la vivienda, el acompa\u00f1amiento de personas con adicciones, el cuidado de los m\u00e1s vulnerables y la organizaci\u00f3n comunitaria para la resoluci\u00f3n de necesidades barriales.<\/p>\n\n\n\n<p>&#8220;C\u00e1ritas Argentina agradece a todos los que brindaron su compromiso y su tiempo personal para llevar adelante esta colecta. Y a quienes colaboraron econ\u00f3micamente: donantes particulares, negocios, empresas e instituciones. Entre todos hacen posible que la solidaridad se transforme en esperanza para tantas familias que sufren postergaciones a causa de la pobreza&#8221;, dijeron por medio de un comunicado emitido desde la sede central.<\/p>\n\n\n\n<p>Vale consignar que C\u00e1ritas es una organizaci\u00f3n de la Iglesia Cat\u00f3lica que trabaja para dar respuesta a las problem\u00e1ticas sociales, su misi\u00f3n y servicio es estar junto a las personas, generando v\u00ednculos fraternos, favoreciendo la cultura del trabajo, la solidaridad y el bien com\u00fan.<\/p>\n","protected":false},"excerpt":{"rendered":"<p>Desde la di\u00f3cesis local destacaron el aporte solidario hecho por la comunidad. Ese monto ser\u00e1 repartido en partes iguales entre C\u00e1ritas Central, la unidad local y C\u00e1ritas Parroquiales. Ese dinero&hellip; <\/p>\n","protected":false},"author":3,"featured_media":159837,"comment_status":"closed","ping_status":"open","sticky":false,"template":"","format":"standard","meta":{"footnotes":""},"categories":[1],"tags":[],"class_list":["post-159823","post","type-post","status-publish","format-standard","has-post-thumbnail","hentry","category-informacion-general"],"_links":{"self":[{"href":"https:\/\/corrientesdetarde.com\/index.php\/wp-json\/wp\/v2\/posts\/159823","targetHints":{"allow":["GET"]}}],"collection":[{"href":"https:\/\/corrientesdetarde.com\/index.php\/wp-json\/wp\/v2\/posts"}],"about":[{"href":"https:\/\/corrientesdetarde.com\/index.php\/wp-json\/wp\/v2\/types\/post"}],"author":[{"embeddable":true,"href":"https:\/\/corrientesdetarde.com\/index.php\/wp-json\/wp\/v2\/users\/3"}],"replies":[{"embeddable":true,"href":"https:\/\/corrientesdetarde.com\/index.php\/wp-json\/wp\/v2\/comments?post=159823"}],"version-history":[{"count":1,"href":"https:\/\/corrientesdetarde.com\/index.php\/wp-json\/wp\/v2\/posts\/159823\/revisions"}],"predecessor-version":[{"id":159843,"href":"https:\/\/corrientesdetarde.com\/index.php\/wp-json\/wp\/v2\/posts\/159823\/revisions\/159843"}],"wp:featuredmedia":[{"embeddable":true,"href":"https:\/\/corrientesdetarde.com\/index.php\/wp-json\/wp\/v2\/media\/159837"}],"wp:attachment":[{"href":"https:\/\/corrientesdetarde.com\/index.php\/wp-json\/wp\/v2\/media?parent=159823"}],"wp:term":[{"taxonomy":"category","embeddable":true,"href":"https:\/\/corrientesdetarde.com\/index.php\/wp-json\/wp\/v2\/categories?post=159823"},{"taxonomy":"post_tag","embeddable":true,"href":"https:\/\/corrientesdetarde.com\/index.php\/wp-json\/wp\/v2\/tags?post=159823"}],"curies":[{"name":"wp","href":"https:\/\/api.w.org\/{rel}","templated":true}]}}