{"id":159825,"date":"2024-08-17T08:00:29","date_gmt":"2024-08-17T11:00:29","guid":{"rendered":"https:\/\/corrientesdetarde.com\/?p=159825"},"modified":"2024-08-17T08:00:30","modified_gmt":"2024-08-17T11:00:30","slug":"el-hospital-vidal-inauguro-un-autoanalizador-donado-por-japon","status":"publish","type":"post","link":"https:\/\/corrientesdetarde.com\/index.php\/bienestar-y-salud\/el-hospital-vidal-inauguro-un-autoanalizador-donado-por-japon\/","title":{"rendered":"El hospital Vidal inaugur\u00f3 un autoanalizador donado por Jap\u00f3n"},"content":{"rendered":"\n<p>El pueblo nip\u00f3n realiz\u00f3 la entrega a trav\u00e9s de su embajador en Argentina, Yamauchi Hiroshi. El equipo est\u00e1 altamente automatizado para maximizar el rendimiento con la posibilidad de realizar 230 pruebas y 48 tipos de an\u00e1lisis.<\/p>\n\n\n\n<p>La Embajada de Jap\u00f3n en Argentina, encabezada por Yamauchi Hiroshi, don\u00f3 un equipo autoanalizador de qu\u00edmica cl\u00ednica al hospital Jos\u00e9 Ram\u00f3n Vidal como s\u00edmbolo de amistad y cooperaci\u00f3n. Acompa\u00f1aron al representante nip\u00f3n el ministro de Salud P\u00fablica, Ricardo Cardozo, el intendente Eduardo Tassano y funcionarios correntinos y japoneses.<\/p>\n\n\n\n<p>Las gestiones para el equipo estuvieron a cargo de la sociedad cooperadora del hospital Jos\u00e9 Ram\u00f3n Vidal, presidida por Lidia Sol\u00eds de Piragine, en forma conjunta con la direcci\u00f3n de la instituci\u00f3n a cargo de Horacio Sotelo.<\/p>\n\n\n\n<p>Un autoanalizador es un instrumento que ejecuta ensayos en muestras cl\u00ednicas como suero sangu\u00edneo, plasma, orina y l\u00edquido cefalorraqu\u00eddeo para detectar la presencia de analitos relacionados con enfermedades. Est\u00e1 altamente automatizado para maximizar el rendimiento con la posibilidad de realizar 230 testeos (an\u00e1lisis por hora) y 48 tipos de an\u00e1lisis, mejorar la seguridad del usuario frente a peligros biol\u00f3gicos y disminuir el riesgo de contaminaci\u00f3n cruzada.<\/p>\n\n\n\n<p>Tras agradecer la donaci\u00f3n del equipamiento, el ministro de Salud Ricardo Cardozo coment\u00f3: &#8220;No es la primera vez que el pueblo japon\u00e9s nos otorga una donaci\u00f3n para fortalecer nuestra salud, lo que habla a las claras de la solidaridad para con Corrientes&#8221;. Y no dud\u00f3 en afirmar: &#8220;Sabemos que quienes manejen este moderno aparato lo van a hacer de manera eficiente y lo van a cuidar para beneficio de todos los correntinos&#8221;. Y cerr\u00f3: &#8220;En un mundo de tensiones y conflictos, estos gestos nos reconcilian con la condici\u00f3n humana y acrecientan el valor de los argentinos respecto al pueblo japon\u00e9s&#8221;.<\/p>\n\n\n\n<p>A su turno, el embajador de Jap\u00f3n mencion\u00f3: &#8220;Este hospital brinda atenci\u00f3n no solamente a los correntinos, sino a pacientes de diferentes provincias de la regi\u00f3n NEA e incluso de pa\u00edses lim\u00edtrofes&#8221;, se\u00f1alando que los profesionales que se desempe\u00f1an en la instituci\u00f3n &#8220;muestran gran vocaci\u00f3n de servicio y contribuyen al mejoramiento de la salud&#8221;, y destac\u00f3 la profunda amistad y lazos que existen entre Jap\u00f3n y Argentina &#8220;desde hace m\u00e1s de 125 a\u00f1os&#8221;, aseverando que &#8220;vamos a seguir cooperando con el pueblo correntino para mejorar la calidad de vida de sus habitantes&#8221;.<\/p>\n\n\n\n<p>Al tomar la palabra, el intendente de la ciudad de Corrientes, Eduardo Tassano, agradeci\u00f3 en nombre de los correntinos al pueblo japon\u00e9s, por otorgar este equipamiento que va a &#8220;permitir contar con los an\u00e1lisis de los pacientes al momento, en uno de los centros de salud m\u00e1s importantes y prestigiosos que tiene la provincia&#8221;.<\/p>\n\n\n\n<p>Seguidamente, Tassano valor\u00f3 las relaciones diplom\u00e1ticas entre Argentina y Jap\u00f3n, que datan desde &#8220;hace m\u00e1s de 125 a\u00f1os, y, por supuesto, los lazos de cooperaci\u00f3n y amistad con Corrientes&#8221;.<\/p>\n\n\n\n<p>Asimismo, el jefe comunal capitalino ponder\u00f3 el trabajo conjunto de todo el equipo del Hospital Vidal y la Cooperadora para poder cumplimentar los requisitos y calificar, lo que posibilit\u00f3 acceder al moderno equipamiento.<\/p>\n\n\n\n<p>En tanto que el director del Hospital Vidal, Horacio Sotelo remarc\u00f3 que &#8220;celebramos este acto de generosidad y solidaridad que refuerza los lazos de amistad entre Jap\u00f3n y Argentina&#8221;, expresando su &#8220;m\u00e1s profundo agradecimiento al embajador del Jap\u00f3n por la donaci\u00f3n del equipamiento m\u00e9dico&#8221;, que refleja el &#8220;compromiso de ese pa\u00eds con la Argentina y, en este caso, con Corrientes&#8221;.<\/p>\n\n\n\n<p>En su car\u00e1cter de presidente de la cooperadora del hospital Vidal, Lidia Sol\u00eds de Piragine, agradeci\u00f3 al pueblo japon\u00e9s por la confianza depositada en el proyecto que hizo posible esta donaci\u00f3n, que se dio para &#8220;apoyar las necesidades planteadas por la direcci\u00f3n del hospital a fin de optimizar la atenci\u00f3n de los pacientes&#8221;.<\/p>\n\n\n\n<p>La titular de la cooperadora resalt\u00f3 en su discurso la respuesta inmediata de la embajada del Jap\u00f3n al proyecto puesto a consideraci\u00f3n que permiti\u00f3 la donaci\u00f3n del autoanalizador de qu\u00edmica cl\u00ednica, acotando: &#8220;Admiramos al pueblo japon\u00e9s por su compromiso con el trabajo y su solidaridad, la misma que hoy tiende su mano generosa a Corrientes&#8221;.<\/p>\n\n\n\n<p>Cabe mencionar que en el marco del acto se llev\u00f3 a cabo el descubrimiento de placa, tradicional corte de cinta y recorrida por el laboratorio del hospital.<\/p>\n\n\n\n<h2 class=\"wp-block-heading\">Semana Mundial de la Lactancia Materna, con balance positivo<\/h2>\n\n\n\n<figure class=\"wp-block-image\"><img decoding=\"async\" src=\"https:\/\/www.diarioepoca.com\/content\/bucket\/0\/1379000w380h313c.jpg.webp\" alt=\"\"\/><\/figure>\n\n\n\n<p>En el marco de la Semana Mundial de la Lactancia Materna, se llev\u00f3 a cabo ayer el acto de cierre en el sal\u00f3n del Bicentenario del barrio San Ger\u00f3nimo de la ciudad de Corrientes, donde se destacaron las actividades realizadas durante el mes de agosto para promover esta pr\u00e1ctica saludable para los beb\u00e9s y sus madres.<\/p>\n\n\n\n<p>Gladis Vallejo Jara, directora general de Promoci\u00f3n y Prevenci\u00f3n de la Salud de la Municipalidad de Corrientes, subray\u00f3 la relevancia de esta semana y el trabajo continuo que se realiza a lo largo del a\u00f1o.<\/p>\n\n\n\n<p>&#8220;Estamos en el sal\u00f3n del Bicentenario realizando el acto central de la Semana Mundial de la Lactancia Materna. Este tema lo venimos trabajando durante todo el a\u00f1o, y siempre paramos en esta fecha para hacer un recordatorio y transmitir la importancia de la lactancia materna&#8221;, expres\u00f3 Vallejo Jara.<\/p>\n\n\n\n<p>Destac\u00f3 adem\u00e1s la labor interdisciplinaria que se realiza en las 37 Salas de Atenci\u00f3n Primaria de la Salud (SAPS) de la ciudad, involucrando al equipo de maternidad, infancia y salud de la mujer, as\u00ed como a los agentes sanitarios que promueven esta pr\u00e1ctica vital para la salud de los ni\u00f1os.<\/p>\n\n\n\n<p>La promoci\u00f3n de la lactancia se realiz\u00f3 durante toda la semana en las salas, tanto a la ma\u00f1ana como a la tarde, en forma de charlas, presentaciones de folletos y actividades con las madres y los ni\u00f1os, &#8220;con muy buena respuesta&#8221;, destac\u00f3 la funcionaria.<\/p>\n","protected":false},"excerpt":{"rendered":"<p>El pueblo nip\u00f3n realiz\u00f3 la entrega a trav\u00e9s de su embajador en Argentina, Yamauchi Hiroshi. El equipo est\u00e1 altamente automatizado para maximizar el rendimiento con la posibilidad de realizar 230&hellip; <\/p>\n","protected":false},"author":3,"featured_media":159836,"comment_status":"closed","ping_status":"open","sticky":false,"template":"","format":"standard","meta":{"footnotes":""},"categories":[16],"tags":[],"class_list":["post-159825","post","type-post","status-publish","format-standard","has-post-thumbnail","hentry","category-bienestar-y-salud"],"_links":{"self":[{"href":"https:\/\/corrientesdetarde.com\/index.php\/wp-json\/wp\/v2\/posts\/159825","targetHints":{"allow":["GET"]}}],"collection":[{"href":"https:\/\/corrientesdetarde.com\/index.php\/wp-json\/wp\/v2\/posts"}],"about":[{"href":"https:\/\/corrientesdetarde.com\/index.php\/wp-json\/wp\/v2\/types\/post"}],"author":[{"embeddable":true,"href":"https:\/\/corrientesdetarde.com\/index.php\/wp-json\/wp\/v2\/users\/3"}],"replies":[{"embeddable":true,"href":"https:\/\/corrientesdetarde.com\/index.php\/wp-json\/wp\/v2\/comments?post=159825"}],"version-history":[{"count":1,"href":"https:\/\/corrientesdetarde.com\/index.php\/wp-json\/wp\/v2\/posts\/159825\/revisions"}],"predecessor-version":[{"id":159842,"href":"https:\/\/corrientesdetarde.com\/index.php\/wp-json\/wp\/v2\/posts\/159825\/revisions\/159842"}],"wp:featuredmedia":[{"embeddable":true,"href":"https:\/\/corrientesdetarde.com\/index.php\/wp-json\/wp\/v2\/media\/159836"}],"wp:attachment":[{"href":"https:\/\/corrientesdetarde.com\/index.php\/wp-json\/wp\/v2\/media?parent=159825"}],"wp:term":[{"taxonomy":"category","embeddable":true,"href":"https:\/\/corrientesdetarde.com\/index.php\/wp-json\/wp\/v2\/categories?post=159825"},{"taxonomy":"post_tag","embeddable":true,"href":"https:\/\/corrientesdetarde.com\/index.php\/wp-json\/wp\/v2\/tags?post=159825"}],"curies":[{"name":"wp","href":"https:\/\/api.w.org\/{rel}","templated":true}]}}