{"id":159827,"date":"2024-08-17T08:00:28","date_gmt":"2024-08-17T11:00:28","guid":{"rendered":"https:\/\/corrientesdetarde.com\/?p=159827"},"modified":"2024-08-17T08:00:29","modified_gmt":"2024-08-17T11:00:29","slug":"alumnos-de-todos-los-niveles-rindieron-homenaje-a-san-martin","status":"publish","type":"post","link":"https:\/\/corrientesdetarde.com\/index.php\/informacion-general\/alumnos-de-todos-los-niveles-rindieron-homenaje-a-san-martin\/","title":{"rendered":"Alumnos de todos los niveles rindieron homenaje a San Mart\u00edn"},"content":{"rendered":"\n<p>Las escuelas de Capital y del interior de Corrientes se vistieron con los colores patrios para recordar al libertador de Am\u00e9rica. Los ni\u00f1os del nivel inicial y primario dieron colorido en la celebraci\u00f3n, que en su mayor\u00eda se realiz\u00f3 ayer. Hoy ser\u00e1 el turno de los actos oficiales.<\/p>\n\n\n\n<p>El Padre de la Patria tendr\u00e1, luego de muchos a\u00f1os, el feriado nacional el mismo 17 de agosto. En las escuelas de toda la provincia los actos en su gran mayor\u00eda se realizaron ayer. Hoy ser\u00e1 el turno de los oficiales en todo el territorio nacional y especialmente en la localidad que vio nacer a San Mart\u00edn.<\/p>\n\n\n\n<p>Por muchos a\u00f1os, el feriado nacional por el aniversario del General San Mart\u00edn se encontraba en la grilla de los movibles y por esta raz\u00f3n pasaba a la lista de los denominados puente.<\/p>\n\n\n\n<p>Este a\u00f1o, por decisi\u00f3n del Ejecutivo Nacional, el feriado se concretar\u00e1 hoy. Por esta raz\u00f3n, muchos establecimientos educativos resolvieron realizar los actos en conmemoraci\u00f3n del aniversario 174 del fallecimiento del General San Mart\u00edn.<\/p>\n\n\n\n<figure class=\"wp-block-image\"><img decoding=\"async\" src=\"https:\/\/www.diarioepoca.com\/content\/bucket\/8\/1379008w380h132c.jpg.webp\" alt=\"\"\/><\/figure>\n\n\n\n<p>Los chicos del nivel inicial y los de la primaria dieron el colorido en ambos turnos. Durante la semana, los padres de los alumnos recorrieron las librer\u00edas para tratar de conseguir los tradicionales trajes de cart\u00f3n para los varones y las ni\u00f1as buscando los vestidos de dama antigua para participar de los actos.<\/p>\n\n\n\n<p>Los costos de los materiales en la actualidad son elevados y los tutores buscaron la forma de cumplir con la demanda de los docentes. Siempre, los actos de estas caracter\u00edsticas son especiales para los chicos, sobre todo los que concurren en las salas de 4 o 5 en el nivel inicial y los que cursan los primeros a\u00f1os de la primaria.<\/p>\n\n\n\n<p>Los familiares acompa\u00f1aron los actos y eso se not\u00f3 en la ma\u00f1ana y la tarde de ayer. Los patios y salas de las distintas escuelas y colegios de la capital estuvieron repletos para homenajear al Padre de la Patria.<\/p>\n\n\n\n<figure class=\"wp-block-image\"><img decoding=\"async\" src=\"https:\/\/www.diarioepoca.com\/content\/bucket\/6\/1379006w380h227c.jpg.webp\" alt=\"\"\/><\/figure>\n\n\n\n<p>En las calles del centro y de la periferia, el colorido del viernes fue distinto ya que muchos estudiantes recorrieron la ciudad luciendo sus trajes.<\/p>\n\n\n\n<h2 class=\"wp-block-heading\">Actos para hoy<\/h2>\n\n\n\n<p>Para hoy ser\u00e1 el turno de algunos alumnos de la secundaria que ser\u00e1n convocados para los actos oficiales que se har\u00e1n en distintas localidades de la provincia.<\/p>\n\n\n\n<p>En ciudad Capital, el intendente Eduardo Tassano encabezar\u00e1 el acto que se realizar\u00e1 en la plaza 25 de Mayo y comenzar\u00e1 a las 14:45.<\/p>\n\n\n\n<p>En la localidad de Yapey\u00fa, el acto tambi\u00e9n comenz\u00f3 15 minutos antes de las 15. Es que por tradici\u00f3n la celebraci\u00f3n del 17 de agosto se hace a la hora que se apagaron las luces de San Mart\u00edn hace 174 a\u00f1os. El gobernador Gustavo Vald\u00e9s, junto a su gabinete, estar\u00e1 presente en la localidad distante a unos 397 kil\u00f3metros de la ciudad de Corrientes.<\/p>\n\n\n\n<figure class=\"wp-block-image\"><img decoding=\"async\" src=\"https:\/\/www.diarioepoca.com\/content\/bucket\/9\/1379009w380h132c.jpg.webp\" alt=\"\"\/><\/figure>\n\n\n\n<p>La intendente de Yapey\u00fa, Marisol Fag\u00fandez, en comunicaci\u00f3n con \u00e9poca inform\u00f3 que en esta oportunidad no habr\u00e1 presencia de funcionarios nacionales. Vale recordar que en febrero del presente a\u00f1o, para el natalicio del General San Mart\u00edn, estuvo presente la vicepresidente de la Naci\u00f3n, Victoria Villarruel. Para el acto de hoy solo habr\u00e1 presencia de funcionarios del Ejecutivo Provincial, legisladores y los de la Comuna anfitriona.<\/p>\n\n\n\n<figure class=\"wp-block-image\"><img decoding=\"async\" src=\"https:\/\/www.diarioepoca.com\/content\/bucket\/7\/1379007w380h216c.jpg.webp\" alt=\"\"\/><\/figure>\n\n\n\n<h2 class=\"wp-block-heading\">Agenda de actividades<\/h2>\n\n\n\n<p>Luego del acto central que se comenzar\u00e1 a las 14: 45, se proceder\u00e1 a la recorrida por el templete y luego se realizar\u00e1 un desfile c\u00edvico militar.<\/p>\n\n\n\n<p>Como en los \u00faltimos a\u00f1os, en el camping municipal se realiz\u00f3 un acto en la previa del 17 de agosto. Por tal raz\u00f3n, el viernes desde las 21 se concret\u00f3 un festival en el que estuvieron presentes varios conjuntos en vivo de la talla de Ambo\u00e9, Joaqu\u00edn Sosa, Sin L\u00edmite Cumbia, Carlos y Los Foras, entre otros.<\/p>\n","protected":false},"excerpt":{"rendered":"<p>Las escuelas de Capital y del interior de Corrientes se vistieron con los colores patrios para recordar al libertador de Am\u00e9rica. Los ni\u00f1os del nivel inicial y primario dieron colorido&hellip; <\/p>\n","protected":false},"author":3,"featured_media":159835,"comment_status":"closed","ping_status":"open","sticky":false,"template":"","format":"standard","meta":{"footnotes":""},"categories":[1],"tags":[],"class_list":["post-159827","post","type-post","status-publish","format-standard","has-post-thumbnail","hentry","category-informacion-general"],"_links":{"self":[{"href":"https:\/\/corrientesdetarde.com\/index.php\/wp-json\/wp\/v2\/posts\/159827","targetHints":{"allow":["GET"]}}],"collection":[{"href":"https:\/\/corrientesdetarde.com\/index.php\/wp-json\/wp\/v2\/posts"}],"about":[{"href":"https:\/\/corrientesdetarde.com\/index.php\/wp-json\/wp\/v2\/types\/post"}],"author":[{"embeddable":true,"href":"https:\/\/corrientesdetarde.com\/index.php\/wp-json\/wp\/v2\/users\/3"}],"replies":[{"embeddable":true,"href":"https:\/\/corrientesdetarde.com\/index.php\/wp-json\/wp\/v2\/comments?post=159827"}],"version-history":[{"count":1,"href":"https:\/\/corrientesdetarde.com\/index.php\/wp-json\/wp\/v2\/posts\/159827\/revisions"}],"predecessor-version":[{"id":159841,"href":"https:\/\/corrientesdetarde.com\/index.php\/wp-json\/wp\/v2\/posts\/159827\/revisions\/159841"}],"wp:featuredmedia":[{"embeddable":true,"href":"https:\/\/corrientesdetarde.com\/index.php\/wp-json\/wp\/v2\/media\/159835"}],"wp:attachment":[{"href":"https:\/\/corrientesdetarde.com\/index.php\/wp-json\/wp\/v2\/media?parent=159827"}],"wp:term":[{"taxonomy":"category","embeddable":true,"href":"https:\/\/corrientesdetarde.com\/index.php\/wp-json\/wp\/v2\/categories?post=159827"},{"taxonomy":"post_tag","embeddable":true,"href":"https:\/\/corrientesdetarde.com\/index.php\/wp-json\/wp\/v2\/tags?post=159827"}],"curies":[{"name":"wp","href":"https:\/\/api.w.org\/{rel}","templated":true}]}}