{"id":159829,"date":"2024-08-17T08:00:26","date_gmt":"2024-08-17T11:00:26","guid":{"rendered":"https:\/\/corrientesdetarde.com\/?p=159829"},"modified":"2024-08-17T08:00:27","modified_gmt":"2024-08-17T11:00:27","slug":"un-fin-de-semana-con-propuestas-para-festejar-el-dia-del-nino","status":"publish","type":"post","link":"https:\/\/corrientesdetarde.com\/index.php\/informacion-general\/un-fin-de-semana-con-propuestas-para-festejar-el-dia-del-nino\/","title":{"rendered":"Un fin de semana con propuestas para festejar el D\u00eda del Ni\u00f1o"},"content":{"rendered":"\n<p>La Municipalidad de Corrientes organiz\u00f3 un amplio abanico de actividades al aire libre para hoy y ma\u00f1ana. Por supuesto, los homenajeados ser\u00e1n los m\u00e1s peque\u00f1os con show de t\u00edteres, competencia de freestyle y rap, feria K-anim\u00e9, marat\u00f3n, m\u00fasica y baile.<\/p>\n\n\n\n<p>Como cada fin de semana, la Municipalidad de la ciudad de Corrientes program\u00f3 actividades en distintos barrios para el disfrute de la familia y los visitantes que decidan recorrer.<\/p>\n\n\n\n<p>En esta ocasi\u00f3n, con m\u00faltiples propuestas especialmente pensadas para los m\u00e1s chicos por el D\u00eda del Ni\u00f1o y las tradicionales actividades.<\/p>\n\n\n\n<p>La Feria de Artesanos estar\u00e1 en la plaza Cabral, un espacio ideal para llevarse un recuerdo especial o hacer un regalo \u00fanico. Hoy y ma\u00f1ana domingo estar\u00e1n en la Costanera Sur y calle Las Heras.<\/p>\n\n\n\n<p>Adem\u00e1s, hasta ma\u00f1ana domingo, quienes visiten la Expo Rural Corrientes 2024 en la Sociedad Rural de Corrientes (Riachuelo), de 9 a 20, podr\u00e1n conocer las creaciones de artesanos, emprendedores de Ciudad de Dise\u00f1o y emprendedores cerveceros.<\/p>\n\n\n\n<h2 class=\"wp-block-heading\">Muestra Tattoo Art<\/h2>\n\n\n\n<p>En el Centro Cultural Adolfo Mors (Pellegrini 542), se podr\u00e1 visitar la muestra Tattoo Art, que estar\u00e1 compuesta por cuadros, fotos, pinturas y stickers de m\u00e1s de una decena de artistas. Estar\u00e1 habilitada hasta el lunes 19, de 9 a 21. Adem\u00e1s, hoy y ma\u00f1ana domingo, desde las 16, se realizar\u00e1 la Expo Flash Tattoo y Arte en vivo, con la participaci\u00f3n de feriantes y emprendedores gastron\u00f3micos.<\/p>\n\n\n\n<p>Tambi\u00e9n para hoy, desde las 16, la cancha del barrio Universitario (S\u00e1nchez de Bustamante y Malavia) se llenar\u00e1 de ritmo con &#8220;\u00a1A bailar en los barrios!&#8221;. Desfilar\u00e1n las comparsas barriales: Camba Cu\u00e1 Show, Fantas\u00eda, Renacer, Agrupaci\u00f3n Musical, Samba Pasi\u00f3n, Porto Carioca. Habr\u00e1 taller de danzas, el elenco municipal &#8220;Corrientes Norte&#8221;, Integraci\u00f3n Chamam\u00e9, Agrupaci\u00f3n San lgnacio, Kevin Gonz\u00e1lez y su conjunto, Cumbia 10 y el gran cierre con &#8220;Los Rom\u00e1nticos&#8221;.<\/p>\n\n\n\n<p>Adem\u00e1s, los ni\u00f1os tendr\u00e1n un sinf\u00edn de actividades para disfrutar y tambi\u00e9n habr\u00e1 feria gastron\u00f3mica para todos los gustos.<\/p>\n\n\n\n<p>En tanto, a las 17, los m\u00e1s peque\u00f1os podr\u00e1n disfrutar del show de t\u00edteres &#8220;El Buen Soldado&#8221; en el parque Mitre (Biblioteca El Palomar).<\/p>\n\n\n\n<p>Ma\u00f1ana 18 de agosto, de 8 a 12, se realizar\u00e1 una jornada deportiva y de prevenci\u00f3n de consumos problem\u00e1ticos en el Club Los Halcones del barrio San Ger\u00f3nimo.<\/p>\n\n\n\n<p>Por la tarde, se realizar\u00e1 una nueva fecha de las Maratones Barriales. La largada ser\u00e1 a las 16 en la plaza Forte del barrio Molina Punta. Se pueden elegir entre 2 KM participativo y 5 KM competitivo.<\/p>\n\n\n\n<figure class=\"wp-block-image\"><img decoding=\"async\" src=\"https:\/\/www.diarioepoca.com\/content\/bucket\/3\/1379013w380h132c.jpg.webp\" alt=\"\"\/><\/figure>\n\n\n\n<h2 class=\"wp-block-heading\">Crew Corrientes<\/h2>\n\n\n\n<p>M\u00e1s tarde, ese mismo domingo, de 18 a 23, en la Plazoleta Casco, llega el Crew Corrientes &#8220;Shaolin Steezy&#8221;, con competencia de Freestyle y Rap.<\/p>\n\n\n\n<p>Y desde las 15:30, hasta las 21, tendr\u00e1 lugar en el parque Camba Cu\u00e1 una nueva edici\u00f3n de la Feria K-anime con Random Play dance, concurso de dibujo, presentaci\u00f3n especial de &#8220;Impacto&#8221;, concurso de K-pop individual y grupal, adivina el MV. Juego \/ Bloque EXO Promise, concurso de Cosplay Kids y Performance.<\/p>\n\n\n\n<p>Para cerrar el d\u00eda, desde las 17, la rotonda de Plaza Espa\u00f1a (avenida Pujol y Carlos Pellegrini) se viste de fiesta con la tradicional Pe\u00f1a Oficial de la Ciudad, donde habr\u00e1 m\u00fasica en vivo, danza y una feria gastron\u00f3mica espectacular. Participar\u00e1 el elenco municipal Corrientes Norte, el conjunto San Antonio, el ballet Esp\u00edritu Correntino, Soto Godoy, La Uni\u00f3n del Paran\u00e1 y Emilio Romero.<\/p>\n\n\n\n<h2 class=\"wp-block-heading\">Jugueter\u00edas atienden en horario corrido<\/h2>\n\n\n\n<figure class=\"wp-block-image\"><img decoding=\"async\" src=\"https:\/\/www.diarioepoca.com\/content\/bucket\/2\/1379012w380h227c.jpg.webp\" alt=\"\"\/><\/figure>\n\n\n\n<p>La mayor\u00eda de las jugueter\u00edas apuntan a esta jornada para poder encaminar sus ventas en el rubro por el D\u00eda del Ni\u00f1o. Por tal motivo, los comercios de este rubro en la jornada de hoy s\u00e1bado tendr\u00e1n un horario de atenci\u00f3n diferente al de costumbre para poder darle un margen m\u00e1s amplio a la gente que salga en busca del regalo para su hijo. Hoy, los locales comerciales abrir\u00e1n sus puertas a las 8:30 y van a atender de corrido hasta las 21 o 21:30, dependiendo del movimiento de gente que haya en los locales.<\/p>\n\n\n\n<p>Hasta ma\u00f1ana domingo 18, el Banco de Corrientes lanz\u00f3 una promoci\u00f3n que ofrece 40% de descuento y seis cuotas sin inter\u00e9s en comercios adheridos con tarjetas de cr\u00e9dito con un tope de $50.000.<\/p>\n\n\n\n<p>En esta oportunidad, la promo &#8220;Celebramos la ni\u00f1ez&#8221; ofrecer\u00e1 40% de descuento en compras de hasta seis cuotas sin inter\u00e9s con tarjetas de cr\u00e9dito Visa y Mastercard, con tope de reintegro de $50.000 por vigencia y por cuenta.<\/p>\n","protected":false},"excerpt":{"rendered":"<p>La Municipalidad de Corrientes organiz\u00f3 un amplio abanico de actividades al aire libre para hoy y ma\u00f1ana. Por supuesto, los homenajeados ser\u00e1n los m\u00e1s peque\u00f1os con show de t\u00edteres, competencia&hellip; <\/p>\n","protected":false},"author":3,"featured_media":159834,"comment_status":"closed","ping_status":"open","sticky":false,"template":"","format":"standard","meta":{"footnotes":""},"categories":[1],"tags":[],"class_list":["post-159829","post","type-post","status-publish","format-standard","has-post-thumbnail","hentry","category-informacion-general"],"_links":{"self":[{"href":"https:\/\/corrientesdetarde.com\/index.php\/wp-json\/wp\/v2\/posts\/159829","targetHints":{"allow":["GET"]}}],"collection":[{"href":"https:\/\/corrientesdetarde.com\/index.php\/wp-json\/wp\/v2\/posts"}],"about":[{"href":"https:\/\/corrientesdetarde.com\/index.php\/wp-json\/wp\/v2\/types\/post"}],"author":[{"embeddable":true,"href":"https:\/\/corrientesdetarde.com\/index.php\/wp-json\/wp\/v2\/users\/3"}],"replies":[{"embeddable":true,"href":"https:\/\/corrientesdetarde.com\/index.php\/wp-json\/wp\/v2\/comments?post=159829"}],"version-history":[{"count":1,"href":"https:\/\/corrientesdetarde.com\/index.php\/wp-json\/wp\/v2\/posts\/159829\/revisions"}],"predecessor-version":[{"id":159839,"href":"https:\/\/corrientesdetarde.com\/index.php\/wp-json\/wp\/v2\/posts\/159829\/revisions\/159839"}],"wp:featuredmedia":[{"embeddable":true,"href":"https:\/\/corrientesdetarde.com\/index.php\/wp-json\/wp\/v2\/media\/159834"}],"wp:attachment":[{"href":"https:\/\/corrientesdetarde.com\/index.php\/wp-json\/wp\/v2\/media?parent=159829"}],"wp:term":[{"taxonomy":"category","embeddable":true,"href":"https:\/\/corrientesdetarde.com\/index.php\/wp-json\/wp\/v2\/categories?post=159829"},{"taxonomy":"post_tag","embeddable":true,"href":"https:\/\/corrientesdetarde.com\/index.php\/wp-json\/wp\/v2\/tags?post=159829"}],"curies":[{"name":"wp","href":"https:\/\/api.w.org\/{rel}","templated":true}]}}