{"id":159831,"date":"2024-08-17T08:00:23","date_gmt":"2024-08-17T11:00:23","guid":{"rendered":"https:\/\/corrientesdetarde.com\/?p=159831"},"modified":"2024-08-17T09:46:57","modified_gmt":"2024-08-17T12:46:57","slug":"viruela-del-mono-confirmaron-el-primer-caso-en-corrientes","status":"publish","type":"post","link":"https:\/\/corrientesdetarde.com\/index.php\/locales\/viruela-del-mono-confirmaron-el-primer-caso-en-corrientes\/","title":{"rendered":"Viruela del mono: confirmaron el primer caso en Corrientes"},"content":{"rendered":"\n<p>Lo confirm\u00f3 el ministro de Salud provincial, Ricardo Cardozo, quien mencion\u00f3 que la persona est\u00e1 cursando estable la enfermedad y se reforzar\u00e1n los controles en el aeropuerto.<\/p>\n\n\n\n<p>La enfermedad de la denominada &#8220;viruela del mono&#8221; avanza en el mundo y no detiene su andar. Desde el descubrimiento del primer caso en humanos -en 1970 en la Rep\u00fablica Democr\u00e1tica del Congo- siempre hubo brotes en menor y mayor cantidad, pero desde 2003 se detect\u00f3 por primera vez fuera del continente africano.<\/p>\n\n\n\n<p>En la primavera de 2003, se confirmaron casos de viruela s\u00edmica en Estados Unidos de Am\u00e9rica. Fue la primera vez que se detect\u00f3 la enfermedad fuera del continente africano. La mayor\u00eda de los pacientes hab\u00eda tenido un contacto estrecho con perros de la pradera dom\u00e9sticos que hab\u00edan sido infectados por roedores africanos importados al pa\u00eds.<\/p>\n\n\n\n<p>Pero en esta ocasi\u00f3n lleg\u00f3 a Argentina y en la jornada de ayer se confirm\u00f3 el primer caso en la provincia de Corrientes. El Bolet\u00edn Epidemiol\u00f3gico Nacional (BEN), emitido por el Ministerio de Salud de la Naci\u00f3n, revel\u00f3 que en Argentina se hab\u00edan confirmado cinco casos de viruela del mono (Mpox) desde la Semana Epidemiol\u00f3gica 1 (SE1) a la 31 de 2024, de un total de 39 notificados.<\/p>\n\n\n\n<p>Hasta ayer, Buenos Aires registr\u00f3 un caso, Ciudad Aut\u00f3noma de Buenos Aires (CABA) dos casos, Santa Fe un caso, R\u00edo Negro un caso, y ahora se suma Corrientes, por lo que ya se confirmaron seis casos en total.<\/p>\n\n\n\n<p>El ministro de Salud P\u00fablica de Corrientes, Ricardo Cardozo, confirm\u00f3 en la jornada de ayer el primer caso de &#8220;viruela del mono&#8221; en la provincia. Al respecto de la situaci\u00f3n de la persona afectada dijo que &#8220;ya est\u00e1 de alta y con buena evoluci\u00f3n&#8221;.<\/p>\n\n\n\n<p>Debido a esta situaci\u00f3n sanitaria a ra\u00edz de este caso, se reforzaron los controles en el Aeropuerto Internacional Fernando Piragine Niveyro para prevenir la propagaci\u00f3n del virus en el territorio provincial.<\/p>\n\n\n\n<p>En tanto que desde la Direcci\u00f3n de Epidemiolog\u00eda provincial remarcaron que &#8220;no es la nueva variante, es un caso de la viruela s\u00edmica que tenemos espor\u00e1dicamente desde 2022. La nueva variante est\u00e1 a\u00fan en \u00c1frica&#8221;.<\/p>\n\n\n\n<p>Tres de estos casos fueron confirmados en las Semanas Epidemiol\u00f3gicas 30 y 31, con edades que oscilan entre 23 y 38 a\u00f1os. Seg\u00fan el informe, los pacientes han presentado principalmente exantemas vesiculares en diversas \u00e1reas del cuerpo como los genitales, regi\u00f3n perianal, manos y torso, adem\u00e1s de fiebre y mialgias. No se han registrado muertes.<\/p>\n\n\n\n<p>La Organizaci\u00f3n Mundial de la Salud (OMS) declar\u00f3 d\u00edas atr\u00e1s al virus mpox, conocido como &#8220;viruela del mono&#8221;, como un evento de salud p\u00fablica internacional, por lo que el Gobierno nacional reforz\u00f3 las medidas de prevenci\u00f3n y los controles en todos los puntos fronterizos para identificar r\u00e1pidamente casos sospechosos y evitar su propagaci\u00f3n; sobre todo, tras la identificaci\u00f3n de la nueva variante del virus: clado 1, que es m\u00e1s peligrosa y contagiosa.<\/p>\n\n\n\n<h2 class=\"wp-block-heading\">\u00bfQu\u00e9 es la &#8220;viruela del mono&#8221;?<\/h2>\n\n\n\n<p>La viruela del mono es una enfermedad viral causada por el virus de la viruela s\u00edmica, perteneciente al g\u00e9nero Orthopoxvirus. Existen dos clados diferentes, clado I y clado II. Los s\u00edntomas incluyen fiebre, dolor de cabeza intenso, dolores musculares, dolor de espalda, falta de energ\u00eda, ganglios linf\u00e1ticos inflamados y erupciones cut\u00e1neas que tienden a concentrarse en la cara, palmas de las manos y plantas de los pies, aunque tambi\u00e9n pueden afectar la boca, regi\u00f3n anogenital y ojos. Los s\u00edntomas suelen durar entre 2 y 4 semanas y generalmente desaparecen sin necesidad de tratamiento.<\/p>\n","protected":false},"excerpt":{"rendered":"<p>Lo confirm\u00f3 el ministro de Salud provincial, Ricardo Cardozo, quien mencion\u00f3 que la persona est\u00e1 cursando estable la enfermedad y se reforzar\u00e1n los controles en el aeropuerto. La enfermedad de&hellip; <\/p>\n","protected":false},"author":3,"featured_media":159890,"comment_status":"closed","ping_status":"open","sticky":false,"template":"","format":"standard","meta":{"footnotes":""},"categories":[16,8],"tags":[],"class_list":["post-159831","post","type-post","status-publish","format-standard","has-post-thumbnail","hentry","category-bienestar-y-salud","category-locales"],"_links":{"self":[{"href":"https:\/\/corrientesdetarde.com\/index.php\/wp-json\/wp\/v2\/posts\/159831","targetHints":{"allow":["GET"]}}],"collection":[{"href":"https:\/\/corrientesdetarde.com\/index.php\/wp-json\/wp\/v2\/posts"}],"about":[{"href":"https:\/\/corrientesdetarde.com\/index.php\/wp-json\/wp\/v2\/types\/post"}],"author":[{"embeddable":true,"href":"https:\/\/corrientesdetarde.com\/index.php\/wp-json\/wp\/v2\/users\/3"}],"replies":[{"embeddable":true,"href":"https:\/\/corrientesdetarde.com\/index.php\/wp-json\/wp\/v2\/comments?post=159831"}],"version-history":[{"count":2,"href":"https:\/\/corrientesdetarde.com\/index.php\/wp-json\/wp\/v2\/posts\/159831\/revisions"}],"predecessor-version":[{"id":159891,"href":"https:\/\/corrientesdetarde.com\/index.php\/wp-json\/wp\/v2\/posts\/159831\/revisions\/159891"}],"wp:featuredmedia":[{"embeddable":true,"href":"https:\/\/corrientesdetarde.com\/index.php\/wp-json\/wp\/v2\/media\/159890"}],"wp:attachment":[{"href":"https:\/\/corrientesdetarde.com\/index.php\/wp-json\/wp\/v2\/media?parent=159831"}],"wp:term":[{"taxonomy":"category","embeddable":true,"href":"https:\/\/corrientesdetarde.com\/index.php\/wp-json\/wp\/v2\/categories?post=159831"},{"taxonomy":"post_tag","embeddable":true,"href":"https:\/\/corrientesdetarde.com\/index.php\/wp-json\/wp\/v2\/tags?post=159831"}],"curies":[{"name":"wp","href":"https:\/\/api.w.org\/{rel}","templated":true}]}}