{"id":159851,"date":"2024-08-17T09:00:28","date_gmt":"2024-08-17T12:00:28","guid":{"rendered":"https:\/\/corrientesdetarde.com\/?p=159851"},"modified":"2024-08-17T09:00:29","modified_gmt":"2024-08-17T12:00:29","slug":"valdes-por-el-interior-seguiremos-invirtiendo-en-infraestructura","status":"publish","type":"post","link":"https:\/\/corrientesdetarde.com\/index.php\/informacion-general\/valdes-por-el-interior-seguiremos-invirtiendo-en-infraestructura\/","title":{"rendered":"Vald\u00e9s, por el interior: &#8220;Seguiremos invirtiendo en infraestructura&#8221;"},"content":{"rendered":"\n<p>Despu\u00e9s de firmar con su par santafesino Maxi Pullaro, el Gobernador fue este viernes a la costa del r\u00edo Uruguay, donde entreg\u00f3 en Guavirav\u00ed notebooks del programa Incluir Futuro y anunci\u00f3 obras escolares. Tambi\u00e9n habilit\u00f3 un cajero del Banco de Corrientes.<\/p>\n\n\n\n<p>El gobernador Gustavo Vald\u00e9s encabez\u00f3 actos institucionales en el interior provincial en la v\u00edspera del homenaje a San Mart\u00edn que se realizar\u00e1 este s\u00e1bado en la localidad de Yapey\u00fa. Por eso, despu\u00e9s de la visita del jueves y firma de acuerdo con su par santafesino, Maximiliano Pullaro, este viernes el Mandatario se traslad\u00f3 hasta la zona de la costa del r\u00edo Uruguay.<\/p>\n\n\n\n<p>En Guavirav\u00ed entreg\u00f3 75 notebooks del programa provincial Incluir Futuro en el colegio Rosa Guar\u00fa. As\u00ed, la totalidad de alumnos secundarios de la localidad ya cuenta con su dispositivo, desde donde pueden acceder a plataformas educativas como EducaPlay.<\/p>\n\n\n\n<p>Durante el acto, Vald\u00e9s anunci\u00f3 la construcci\u00f3n de un play\u00f3n deportivo para el establecimiento y m\u00e1s tarde inaugur\u00f3 un nuevo cajero autom\u00e1tico del Banco de Corrientes.<\/p>\n\n\n\n<figure class=\"wp-block-image\"><img decoding=\"async\" src=\"https:\/\/www.diarioepoca.com\/content\/bucket\/2\/1379002w380h132c.jpg.webp\" alt=\"\"\/><\/figure>\n\n\n\n<p>Acompa\u00f1ado por el intendente de Guavirav\u00ed, Ariel M\u00e9ndez Ribeiro, y ante los estudiantes, el cuerpo docente, directivos y la comunidad educativa en general de la mencionada instituci\u00f3n, el titular del Poder Ejecutivo provincial confirm\u00f3 que continuar\u00e1n las obras en el edificio escolar, anunciando que se construir\u00e1 un play\u00f3n deportivo.<\/p>\n\n\n\n<p>&#8220;Vamos a seguir invirtiendo en infraestructura, ya que es fundamental&#8221;, dijo y agreg\u00f3: &#8220;Por ah\u00ed en las localidades m\u00e1s peque\u00f1as de Corrientes hay que invertir mucho en la educaci\u00f3n porque es la posibilidad que nos dan a todos de poder tener la misma visi\u00f3n como correntinos a trav\u00e9s de la misma educaci\u00f3n y formaci\u00f3n, sin importar si estamos en una ciudad chica, grande, mediana, lo que significa que en definitiva la educaci\u00f3n es igualadora&#8221;.<\/p>\n\n\n\n<p>Se\u00f1al\u00f3: &#8220;A eso apunta el programa Incluir Futuro que llevamos adelante con el Gobierno de la Provincia de Corrientes. Hoy estamos con 75 computadoras, pero en realidad son terminales de conocimiento, porque a trav\u00e9s de ellas lo que estamos haciendo es bajar el contenido did\u00e1ctico, que comenzamos a hacer y trabajar con nuestros docentes, alumnos, profesores, para tener una metodolog\u00eda diferenciadora de la educaci\u00f3n&#8221;. Y eso es &#8220;lo que hace es que podamos acceder y absorber el contenido de otra manera, de una forma divertida, din\u00e1mica, entre otras cosas&#8221;, remarc\u00f3.<\/p>\n\n\n\n<p>Celebr\u00f3 asimismo que &#8220;hoy por primera vez podemos decir que todos los alumnos que est\u00e1n en la escuela secundaria en Guavirav\u00ed, tienen una computadora y est\u00e1n estudiando&#8221;.<\/p>\n\n\n\n<figure class=\"wp-block-image\"><img decoding=\"async\" src=\"https:\/\/www.diarioepoca.com\/content\/bucket\/3\/1379003w380h132c.jpg.webp\" alt=\"\"\/><\/figure>\n\n\n\n<h2 class=\"wp-block-heading\">Acompa\u00f1amiento<\/h2>\n\n\n\n<p>Por su parte, la ministra de Educaci\u00f3n, Pr\u00e1xedes L\u00f3pez, manifest\u00f3: &#8220;Siempre que llegamos con el programa Incluir Futuro nos llena de alegr\u00eda y compartimos con ustedes esta alegr\u00eda junto con la instituci\u00f3n&#8221;. Al respecto record\u00f3: &#8220;Comenz\u00f3 con la iniciativa del gobernador Vald\u00e9s de proveer una computadora a cada alumno que ingresa a la escuela secundaria, pero que no quede ah\u00ed; tambi\u00e9n nos hizo responsables de elaborar todos los documentos que son destinados a los alumnos&#8221;.<\/p>\n\n\n\n<p>Por otra parte, L\u00f3pez llam\u00f3 a los padres a acompa\u00f1ar a los alumnos para que &#8220;no abandonen la escuela secundaria&#8221;. Y a los alumnos los inst\u00f3 &#8220;a aprovechar esta ventana al conocimiento: sean realmente inquietos, innovadores, sigan estudiando, que es con lo \u00fanico que van a tener asegurado un futuro&#8221;.<\/p>\n\n\n\n<p>En tanto, el rector del colegio secundario Rosa Guar\u00fa de Guavirav\u00ed, Ram\u00f3n Ponce, tambi\u00e9n dirigi\u00f3 unas palabras y agradeci\u00f3 la visita del gobernador por la entrega de las notebooks, ya que los estudiantes &#8220;est\u00e1n recibiendo una de las herramientas necesarias para llevar adelante los procesos de aprendizaje, muy \u00fatil e indispensable en la actualidad&#8221;. Adem\u00e1s, &#8220;no solo agradecer por esta herramienta tecnol\u00f3gica, sino tambi\u00e9n por el servicio de internet que instalaron en nuestra instituci\u00f3n para aportar a que nuestras clases sean m\u00e1s eficientes&#8221;, valor\u00f3.<\/p>\n\n\n\n<figure class=\"wp-block-image\"><img decoding=\"async\" src=\"https:\/\/www.diarioepoca.com\/content\/bucket\/1\/1379001w380h150c.jpg.webp\" alt=\"\"\/><\/figure>\n\n\n\n<h2 class=\"wp-block-heading\">Cajero<\/h2>\n\n\n\n<p>Seguido a la entrega de notebooks a estudiantes secundarios de Guavirav\u00ed, el gobernador Vald\u00e9s, junto con el vicepresidente del Banco de Corrientes, Ricardo Rodr\u00edguez, y el intendente Ariel M\u00e9ndez Ribeiro, inaugur\u00f3 un nuevo cajero autom\u00e1tico de dicha entidad financiera.<\/p>\n\n\n\n<h2 class=\"wp-block-heading\">Visita de embajador del Jap\u00f3n y fortalecimiento de las relaciones bilaterales con el pa\u00eds asi\u00e1tico<\/h2>\n\n\n\n<figure class=\"wp-block-image\"><img decoding=\"async\" src=\"https:\/\/www.diarioepoca.com\/content\/bucket\/4\/1379004w380h218c.jpg.webp\" alt=\"\"\/><\/figure>\n\n\n\n<p>El gobernador Gustavo Vald\u00e9s recibi\u00f3 en la ma\u00f1ana de este viernes al embajador de Jap\u00f3n en Argentina, Hiroshi Yamauchi. El encuentro en el despacho oficial del Centro Administrativo se dio en el marco de la visita del diplom\u00e1tico a la ciudad de Corrientes, oportunidad en la que don\u00f3 un equipamiento de \u00faltima generaci\u00f3n al hospital Vidal.<\/p>\n\n\n\n<p>&#8220;Este gesto, enmarcado en el Programa de Asistencia a Proyectos Comunitarios de Seguridad Humana que financia la Embajada de Jap\u00f3n en Argentina, permitir\u00e1 a los m\u00e9dicos, enfermeros y bioqu\u00edmicos obtener resultados m\u00e1s r\u00e1pidos y precisos, mejorando la eficiencia de su trabajo ante un emergencia&#8221;, a\u00f1adi\u00f3 Vald\u00e9s.<\/p>\n","protected":false},"excerpt":{"rendered":"<p>Despu\u00e9s de firmar con su par santafesino Maxi Pullaro, el Gobernador fue este viernes a la costa del r\u00edo Uruguay, donde entreg\u00f3 en Guavirav\u00ed notebooks del programa Incluir Futuro y&hellip; <\/p>\n","protected":false},"author":3,"featured_media":159860,"comment_status":"closed","ping_status":"open","sticky":false,"template":"","format":"standard","meta":{"footnotes":""},"categories":[1],"tags":[],"class_list":["post-159851","post","type-post","status-publish","format-standard","has-post-thumbnail","hentry","category-informacion-general"],"_links":{"self":[{"href":"https:\/\/corrientesdetarde.com\/index.php\/wp-json\/wp\/v2\/posts\/159851","targetHints":{"allow":["GET"]}}],"collection":[{"href":"https:\/\/corrientesdetarde.com\/index.php\/wp-json\/wp\/v2\/posts"}],"about":[{"href":"https:\/\/corrientesdetarde.com\/index.php\/wp-json\/wp\/v2\/types\/post"}],"author":[{"embeddable":true,"href":"https:\/\/corrientesdetarde.com\/index.php\/wp-json\/wp\/v2\/users\/3"}],"replies":[{"embeddable":true,"href":"https:\/\/corrientesdetarde.com\/index.php\/wp-json\/wp\/v2\/comments?post=159851"}],"version-history":[{"count":1,"href":"https:\/\/corrientesdetarde.com\/index.php\/wp-json\/wp\/v2\/posts\/159851\/revisions"}],"predecessor-version":[{"id":159883,"href":"https:\/\/corrientesdetarde.com\/index.php\/wp-json\/wp\/v2\/posts\/159851\/revisions\/159883"}],"wp:featuredmedia":[{"embeddable":true,"href":"https:\/\/corrientesdetarde.com\/index.php\/wp-json\/wp\/v2\/media\/159860"}],"wp:attachment":[{"href":"https:\/\/corrientesdetarde.com\/index.php\/wp-json\/wp\/v2\/media?parent=159851"}],"wp:term":[{"taxonomy":"category","embeddable":true,"href":"https:\/\/corrientesdetarde.com\/index.php\/wp-json\/wp\/v2\/categories?post=159851"},{"taxonomy":"post_tag","embeddable":true,"href":"https:\/\/corrientesdetarde.com\/index.php\/wp-json\/wp\/v2\/tags?post=159851"}],"curies":[{"name":"wp","href":"https:\/\/api.w.org\/{rel}","templated":true}]}}