{"id":15993,"date":"2022-10-31T17:23:12","date_gmt":"2022-10-31T20:23:12","guid":{"rendered":"https:\/\/corrientesdetarde.com\/?p=15993"},"modified":"2022-10-31T17:23:16","modified_gmt":"2022-10-31T20:23:16","slug":"finalizo-curso-de-lengua-de-senas-argentina-dictado-por-coprodis","status":"publish","type":"post","link":"https:\/\/corrientesdetarde.com\/index.php\/destacados\/finalizo-curso-de-lengua-de-senas-argentina-dictado-por-coprodis\/","title":{"rendered":"Finaliz\u00f3 Curso de Lengua de Se\u00f1as Argentina dictado por COPRODIS"},"content":{"rendered":"\n<p>Culmin\u00f3 con \u00e9xito el curso de Lengua de Se\u00f1as Argentina&nbsp;\u201cCreando Puentes Comunicativos\u201d en la localidad de Mocoret\u00e1 organizado por el Ministerio de Desarrollo Social, a cargo de Ad\u00e1n Gaya a trav\u00e9s del Consejo Provincial de Discapacidad.<\/p>\n\n\n\n<p><strong>Participaron de la entrega de certificados la Directora del COPRODIS Prof. Roxana Tannuri el intendente Juan Pablo Fornaroli y la directora de discapacidad de la localidad Prof. Julieta P\u00e9rez.<\/strong><\/p>\n\n\n\n<p><strong>El mismo tuvo una duraci\u00f3n de 4 m\u00f3dulos intensivos los d\u00edas&nbsp;14,15, 28 y 29 de octubre se llev\u00f3 a cabo en el sal\u00f3n de encuentros de la Municipalidad de Mocoret\u00e1.<\/strong><\/p>\n\n\n\n<p><strong>El curso&nbsp;estuvo destinado al personal que se encuentra en atenci\u00f3n al p\u00fablico de la Municipalidad, Salud, Seguridad, Bomberos y Educaci\u00f3n.&nbsp;<\/strong><\/p>\n","protected":false},"excerpt":{"rendered":"<p>Culmin\u00f3 con \u00e9xito el curso de Lengua de Se\u00f1as Argentina&nbsp;\u201cCreando Puentes Comunicativos\u201d en la localidad de Mocoret\u00e1 organizado por el Ministerio de Desarrollo Social, a cargo de Ad\u00e1n Gaya a&hellip; <\/p>\n","protected":false},"author":1,"featured_media":15994,"comment_status":"closed","ping_status":"open","sticky":false,"template":"","format":"standard","meta":{"footnotes":""},"categories":[26],"tags":[],"class_list":["post-15993","post","type-post","status-publish","format-standard","has-post-thumbnail","hentry","category-destacados"],"_links":{"self":[{"href":"https:\/\/corrientesdetarde.com\/index.php\/wp-json\/wp\/v2\/posts\/15993","targetHints":{"allow":["GET"]}}],"collection":[{"href":"https:\/\/corrientesdetarde.com\/index.php\/wp-json\/wp\/v2\/posts"}],"about":[{"href":"https:\/\/corrientesdetarde.com\/index.php\/wp-json\/wp\/v2\/types\/post"}],"author":[{"embeddable":true,"href":"https:\/\/corrientesdetarde.com\/index.php\/wp-json\/wp\/v2\/users\/1"}],"replies":[{"embeddable":true,"href":"https:\/\/corrientesdetarde.com\/index.php\/wp-json\/wp\/v2\/comments?post=15993"}],"version-history":[{"count":1,"href":"https:\/\/corrientesdetarde.com\/index.php\/wp-json\/wp\/v2\/posts\/15993\/revisions"}],"predecessor-version":[{"id":15995,"href":"https:\/\/corrientesdetarde.com\/index.php\/wp-json\/wp\/v2\/posts\/15993\/revisions\/15995"}],"wp:featuredmedia":[{"embeddable":true,"href":"https:\/\/corrientesdetarde.com\/index.php\/wp-json\/wp\/v2\/media\/15994"}],"wp:attachment":[{"href":"https:\/\/corrientesdetarde.com\/index.php\/wp-json\/wp\/v2\/media?parent=15993"}],"wp:term":[{"taxonomy":"category","embeddable":true,"href":"https:\/\/corrientesdetarde.com\/index.php\/wp-json\/wp\/v2\/categories?post=15993"},{"taxonomy":"post_tag","embeddable":true,"href":"https:\/\/corrientesdetarde.com\/index.php\/wp-json\/wp\/v2\/tags?post=15993"}],"curies":[{"name":"wp","href":"https:\/\/api.w.org\/{rel}","templated":true}]}}