{"id":159949,"date":"2024-08-17T16:15:32","date_gmt":"2024-08-17T19:15:32","guid":{"rendered":"https:\/\/corrientesdetarde.com\/?p=159949"},"modified":"2024-08-17T16:15:44","modified_gmt":"2024-08-17T19:15:44","slug":"independiente-le-gana-1-0-a-rosario-central-en-avellaneda-con-aforo-reducido","status":"publish","type":"post","link":"https:\/\/corrientesdetarde.com\/index.php\/deportes\/independiente-le-gana-1-0-a-rosario-central-en-avellaneda-con-aforo-reducido\/","title":{"rendered":"Independiente le gana 1-0 a Rosario Central en Avellaneda con aforo reducido"},"content":{"rendered":"\n<h3 class=\"wp-block-heading\">Kevin Lom\u00f3naco abri\u00f3 el marcador. El Juzgado de Garant\u00edas N\u00b0 1 de Avellaneda resolvi\u00f3 que haya un 50% de p\u00fablico en las tribunas Santoro Baja y Pavoni Baja.<\/h3>\n\n\n\n<p><strong>Independiente recibe a Rosario Central\u00a0<\/strong>por la<strong>\u00a0Liga Profesional de F\u00fatbol<\/strong>. El\u00a0<strong>estadio Libertadores de Am\u00e9rica-Ricardo Enrique Bochini cuenta con aforo reducido<\/strong>, ya que el Juzgado de Garant\u00edas N\u00b0 1 de Avellaneda resolvi\u00f3 que haya un 50% de p\u00fablico en las tribunas Santoro Baja y Pavoni Baja.<\/p>\n\n\n\n<p>El encuentro tiene el arbitraje de&nbsp;<strong>Fernando Rapallini<\/strong>&nbsp;y Germ\u00e1n Delfino en el VAR. La transmisi\u00f3n televisiva est\u00e1 a cargo de<em>&nbsp;TNT Sports<\/em>.<\/p>\n\n\n\n<p>El Rojo necesita una victoria para revalidar la buena actuaci\u00f3n ante Estudiantes en la fecha pasada y volver al triunfo como local en el torneo, hecho que no logra desde la quinta fecha. El Canalla, por su parte, pretende lograr los tres puntos que lo acerquen a la zona alta de la tabla de posiciones.<\/p>\n\n\n\n<p>El \u201cquiebre\u201d en las tribunas del estadio hizo que la Justicia realizara una inspecci\u00f3n. Luego de llevarla a cabo, determin\u00f3 \u201cla reducci\u00f3n parcial de aforo en un 50% de las tribunas sociales Santoro Baja y Pavoni Baja para el encuentro ante Rosario Central\u201d.<\/p>\n\n\n\n<p>Desde Independiente aseguraron que la medida \u201cser\u00e1 apelada a una instancia superior\u201d, aunque se har\u00e1 despu\u00e9s del encuentro.<\/p>\n\n\n\n<figure class=\"wp-block-image\"><img decoding=\"async\" src=\"https:\/\/tn.com.ar\/resizer\/v2\/la-tribuna-de-independiente-foto-xjuanlezka-XEEKJZQGY5A3LJ3QO22YJFD3TM.jpg?auth=607796c64359479f8382ad36279c33c30365c124aa32306288ab7591d19f2b19&amp;width=767\" alt=\"La tribuna de independiente. (Foto: X\/@juanlezka)\"\/><figcaption class=\"wp-element-caption\">La tribuna de independiente. (Foto: X\/@juanlezka)<\/figcaption><\/figure>\n","protected":false},"excerpt":{"rendered":"<p>Kevin Lom\u00f3naco abri\u00f3 el marcador. El Juzgado de Garant\u00edas N\u00b0 1 de Avellaneda resolvi\u00f3 que haya un 50% de p\u00fablico en las tribunas Santoro Baja y Pavoni Baja. Independiente recibe&hellip; <\/p>\n","protected":false},"author":12,"featured_media":159970,"comment_status":"closed","ping_status":"open","sticky":false,"template":"","format":"standard","meta":{"footnotes":""},"categories":[4],"tags":[],"class_list":["post-159949","post","type-post","status-publish","format-standard","has-post-thumbnail","hentry","category-deportes"],"_links":{"self":[{"href":"https:\/\/corrientesdetarde.com\/index.php\/wp-json\/wp\/v2\/posts\/159949","targetHints":{"allow":["GET"]}}],"collection":[{"href":"https:\/\/corrientesdetarde.com\/index.php\/wp-json\/wp\/v2\/posts"}],"about":[{"href":"https:\/\/corrientesdetarde.com\/index.php\/wp-json\/wp\/v2\/types\/post"}],"author":[{"embeddable":true,"href":"https:\/\/corrientesdetarde.com\/index.php\/wp-json\/wp\/v2\/users\/12"}],"replies":[{"embeddable":true,"href":"https:\/\/corrientesdetarde.com\/index.php\/wp-json\/wp\/v2\/comments?post=159949"}],"version-history":[{"count":1,"href":"https:\/\/corrientesdetarde.com\/index.php\/wp-json\/wp\/v2\/posts\/159949\/revisions"}],"predecessor-version":[{"id":159971,"href":"https:\/\/corrientesdetarde.com\/index.php\/wp-json\/wp\/v2\/posts\/159949\/revisions\/159971"}],"wp:featuredmedia":[{"embeddable":true,"href":"https:\/\/corrientesdetarde.com\/index.php\/wp-json\/wp\/v2\/media\/159970"}],"wp:attachment":[{"href":"https:\/\/corrientesdetarde.com\/index.php\/wp-json\/wp\/v2\/media?parent=159949"}],"wp:term":[{"taxonomy":"category","embeddable":true,"href":"https:\/\/corrientesdetarde.com\/index.php\/wp-json\/wp\/v2\/categories?post=159949"},{"taxonomy":"post_tag","embeddable":true,"href":"https:\/\/corrientesdetarde.com\/index.php\/wp-json\/wp\/v2\/tags?post=159949"}],"curies":[{"name":"wp","href":"https:\/\/api.w.org\/{rel}","templated":true}]}}