{"id":159950,"date":"2024-08-17T16:14:12","date_gmt":"2024-08-17T19:14:12","guid":{"rendered":"https:\/\/corrientesdetarde.com\/?p=159950"},"modified":"2024-08-17T16:14:24","modified_gmt":"2024-08-17T19:14:24","slug":"verguenza-es-poco-javier-milei-reacciono-al-nuevo-video-de-tamara-pettinato-en-el-sillon-presidencial","status":"publish","type":"post","link":"https:\/\/corrientesdetarde.com\/index.php\/politica\/verguenza-es-poco-javier-milei-reacciono-al-nuevo-video-de-tamara-pettinato-en-el-sillon-presidencial\/","title":{"rendered":"\u201cVerg\u00fcenza es poco\u201d: Javier Milei reaccion\u00f3 al nuevo video de Tamara Pettinato en el sill\u00f3n presidencial"},"content":{"rendered":"\n<h3 class=\"wp-block-heading\">El presidente se pronunci\u00f3 a trav\u00e9s de su cuenta de X, luego de que se difundiera otra grabaci\u00f3n en la que se escucha a la panelista interactuar con el exmandatario Alberto Fern\u00e1ndez. Adem\u00e1s, calific\u00f3 las im\u00e1genes como \u201cobscenidades\u201d.<\/h3>\n\n\n\n<p>Javier Milei reaccion\u00f3 en su cuenta de X al\u00a0nuevo video de\u00a0<strong>Tamara Pettinato<\/strong>\u00a0en la Casa Rosada\u00a0que se filtr\u00f3 en las \u00faltimas horas. \u201cVerg\u00fcenza es poco\u201d, escribi\u00f3 el presidente. En el video, aparece la medi\u00e1tica sentada en el sill\u00f3n presidencial y le habla a la c\u00e1mara.<\/p>\n\n\n\n<p>\u201cError tipo 2: Un error tipo 2 consiste en no detectar los efectos positivos de algo cuando en realidad s\u00ed se produjeron tales efectos.\u00a0<strong>Un ejemplo ser\u00eda la decisi\u00f3n de no utilizar durante nuestro mandato el Sill\u00f3n de Rivadavia, salvo excepciones, por respeto a los pr\u00f3ceres\u00a0<\/strong>que se han sentado ah\u00ed, frente a las obscenidades que estamos viendo hoy. Verg\u00fcenza es poco\u201d, sentenci\u00f3 Javier Milei en un tuit.<\/p>\n\n\n\n<p>En la m\u00e1s reciente grabaci\u00f3n protagonizada por Pettinato, se escucha a Alberto Fern\u00e1ndez pedirle que le diga que lo ama.&nbsp;<strong>\u201cAhora ten\u00e9s que dec\u00edrmelo\u201d<\/strong>, le solicita mientras filma la escena. \u201cTe amo\u201d, contesta la panelista. \u201cPero no te escucho\u201d, insiste el exmandatario.<\/p>\n\n\n\n<p>Sentada en el despacho presidencial de Casa Rosada, y mirando a la c\u00e1mara, Tamara vuelve a decirle que lo ama y el pol\u00edtico le consulta si est\u00e1 segura. \u201cM\u00e1s o menos, no tanto.<strong>&nbsp;Pero ahora que soy presidenta te voy a mandar a matar<\/strong>\u201d, lanza la comunicadora. \u201cPero, \u00bfme am\u00e1s o no me am\u00e1s?\u201d, repregunta Fern\u00e1ndez.&nbsp;<strong>\u201cTe amo, y por eso te voy a matar\u201d<\/strong>, concluye Pettinato.<\/p>\n\n\n\n<figure class=\"wp-block-image\"><img decoding=\"async\" src=\"https:\/\/tn.com.ar\/resizer\/v2\/https%3A%2F%2Fthumbs.vodgc.net%2F1-14-F0gLS91723910330551-1723910404.jpg?auth=34427cd8407cd6fec50a7d470ff29712d691f0844750fa958a2ce0a8a116ccd6&amp;width=767\" alt=\"Video Placeholder\"\/><\/figure>\n\n\n\n<p>Tamara Pettinato fue grabada en el sill\u00f3n presidencial (Foto: Instagram \/ tamarapettinato &#8211; Video: Gentileza Infobae)<\/p>\n\n\n\n<p>Este video se difundi\u00f3 nueve d\u00edas despu\u00e9s de que comenzara el esc\u00e1ndalo por un otro video que muestra a Tamara Pettinato en una de sus&nbsp;<strong>visitas a la Casa Rosada durante la presidencia de Alberto Fern\u00e1ndez.&nbsp;<\/strong>En paralelo, se conoc\u00edan los detalles de la violencia de g\u00e9nero que sufri\u00f3 Fabiola Ya\u00f1ez, seg\u00fan las pruebas que la ex primera dama proporcion\u00f3.<\/p>\n\n\n\n<p>En la grabaci\u00f3n filtrada el 8 de agosto, se puede ver a la conductora sentada en un sill\u00f3n, con un vaso de cerveza en una mano, mientras conversa con el entonces presidente. Entre risas y muestras de cari\u00f1o, se dec\u00edan \u201cte amo\u201d.<\/p>\n\n\n\n<p>\u201cEstamos brindando porque hoy estamos cortando nuestra relaci\u00f3n de amistad de hace muchos a\u00f1os\u201d, bromea Pettinato en el video, mientras se escucha la voz de Fern\u00e1ndez respondiendo: \u201cCuando te termines de emborrachar con la cerveza quiero que me digas algo lindo\u201d, A lo que la conductora le contesta:&nbsp;<strong>\u201cYo te quiero un mont\u00f3n, y siempre te voy a querer, y nunca m\u00e1s te voy a votar\u201d<\/strong>. Antes de finalizar, la conductora cierra el video con un<strong>&nbsp;\u201cte amo\u201d<\/strong>, y el exmandatario le dice:&nbsp;<strong>\u201cYo a vos\u201d.<\/strong><\/p>\n\n\n\n<p>Si bien este video, difundido por<em>&nbsp;\u00bfLa ves?<\/em>, no precisa la fecha en la que fue grabado y tampoco se hizo desde la Quinta de Olivos, se suma a la lista de pol\u00e9micas que surgieron a partir de los registros de visitas a la residencia presidencial en 2020, cuando el pa\u00eds estaba bajo un estricto aislamiento.<\/p>\n","protected":false},"excerpt":{"rendered":"<p>El presidente se pronunci\u00f3 a trav\u00e9s de su cuenta de X, luego de que se difundiera otra grabaci\u00f3n en la que se escucha a la panelista interactuar con el exmandatario&hellip; <\/p>\n","protected":false},"author":12,"featured_media":159968,"comment_status":"closed","ping_status":"open","sticky":false,"template":"","format":"standard","meta":{"footnotes":""},"categories":[3],"tags":[],"class_list":["post-159950","post","type-post","status-publish","format-standard","has-post-thumbnail","hentry","category-politica"],"_links":{"self":[{"href":"https:\/\/corrientesdetarde.com\/index.php\/wp-json\/wp\/v2\/posts\/159950","targetHints":{"allow":["GET"]}}],"collection":[{"href":"https:\/\/corrientesdetarde.com\/index.php\/wp-json\/wp\/v2\/posts"}],"about":[{"href":"https:\/\/corrientesdetarde.com\/index.php\/wp-json\/wp\/v2\/types\/post"}],"author":[{"embeddable":true,"href":"https:\/\/corrientesdetarde.com\/index.php\/wp-json\/wp\/v2\/users\/12"}],"replies":[{"embeddable":true,"href":"https:\/\/corrientesdetarde.com\/index.php\/wp-json\/wp\/v2\/comments?post=159950"}],"version-history":[{"count":1,"href":"https:\/\/corrientesdetarde.com\/index.php\/wp-json\/wp\/v2\/posts\/159950\/revisions"}],"predecessor-version":[{"id":159969,"href":"https:\/\/corrientesdetarde.com\/index.php\/wp-json\/wp\/v2\/posts\/159950\/revisions\/159969"}],"wp:featuredmedia":[{"embeddable":true,"href":"https:\/\/corrientesdetarde.com\/index.php\/wp-json\/wp\/v2\/media\/159968"}],"wp:attachment":[{"href":"https:\/\/corrientesdetarde.com\/index.php\/wp-json\/wp\/v2\/media?parent=159950"}],"wp:term":[{"taxonomy":"category","embeddable":true,"href":"https:\/\/corrientesdetarde.com\/index.php\/wp-json\/wp\/v2\/categories?post=159950"},{"taxonomy":"post_tag","embeddable":true,"href":"https:\/\/corrientesdetarde.com\/index.php\/wp-json\/wp\/v2\/tags?post=159950"}],"curies":[{"name":"wp","href":"https:\/\/api.w.org\/{rel}","templated":true}]}}