{"id":15996,"date":"2022-10-31T17:25:30","date_gmt":"2022-10-31T20:25:30","guid":{"rendered":"https:\/\/corrientesdetarde.com\/?p=15996"},"modified":"2022-10-31T17:25:34","modified_gmt":"2022-10-31T20:25:34","slug":"la-municipalidad-profundiza-el-trabajo-conla-sociedad-libanesa-para-eventos-culturales","status":"publish","type":"post","link":"https:\/\/corrientesdetarde.com\/index.php\/cultura\/la-municipalidad-profundiza-el-trabajo-conla-sociedad-libanesa-para-eventos-culturales\/","title":{"rendered":"<strong>La Municipalidad profundiza el trabajo con<br>la Sociedad Libanesa para eventos culturales<\/strong>"},"content":{"rendered":"\n<p>&nbsp;<br>A trav\u00e9s de una firma de convenio, la Municipalidad y la instituci\u00f3n potenciar\u00e1 el desarrollo de diversas actividades, y buscar\u00e1 avanzar de manera conjunta en programas y proyectos. El acuerdo permite continuar con las acciones que ya se vienen llevando adelante entre las partes.<\/p>\n\n\n\n<p>La Municipalidad y la Sociedad Libanesa firmaron este lunes un convenio para potenciar programas culturales y de esparcimiento en la ciudad de Corrientes. Se trata de un acuerdo que profundiza el trabajo que ya se viene realizando de manera articulada.<br>&nbsp;<br>De la r\u00fabrica participaron el viceintendente, Emilio Lanari; el secretario de Cultura y Educaci\u00f3n, Jos\u00e9 Sand, y la presidenta de la Sociedad Libanesa, Rosa Beatriz Jacobo de Stancoff. Adem\u00e1s, estuvo presente la subsecretaria de Relaciones Institucionales, Lilian Cano.<br>&nbsp;<br>\u201cEs una manera de seguir creciendo y de integrar la Municipalidad a cada una de las sociedades y comunidades que constituye a esta Corrientes tan \u00e9tnica\u201d, afirm\u00f3 el Viceintendente.<br>&nbsp;<br>En ese sentido, Lanari valor\u00f3 la importancia de continuar llevando adelante acciones con diferentes instituciones para \u201cdesarrollar la cultura y las ra\u00edces de gente que ha venido a formar Corrientes, y cada uno de los convenios ratifica el v\u00ednculo con los or\u00edgenes de la ciudad\u201d.<br>&nbsp;<br>Por su parte, la presidenta de la Sociedad Libanesa, Rosa Beatriz Jacobo de Stancoff, resalt\u00f3 el constante acompa\u00f1amiento de la Municipalidad. \u201cEstamos continuamente realizando festivales y otras actividades con distintos tipos de danzas\u201d, dijo.<br>&nbsp;<br>VINCULO<br>Entre tanto, el secretario de Cultura y Educaci\u00f3n, Jos\u00e9 Sand, remarc\u00f3 que esta firma de convenio se suma al trabajo que ya viene desarrollando la Municipalidad.&nbsp; \u201cVamos a seguir en este camino de vincularnos con todas las instituciones que son parte de nuestra cultura e identidad\u201d, explic\u00f3.<br>&nbsp;<br>A su vez, el funcionario resalt\u00f3 que la Sociedad Libanesa ya ven\u00eda colaborando con los eventos municipales. En su sede, ubicada por calle San Lorenzo al 1341 &#8220;se realizaron el D\u00eda de la Danza, una cl\u00ednica intensiva para teatro, canto y actuaci\u00f3n, y el Corrientes Baila\u201d, precis\u00f3.<\/p>\n","protected":false},"excerpt":{"rendered":"<p>&nbsp;A trav\u00e9s de una firma de convenio, la Municipalidad y la instituci\u00f3n potenciar\u00e1 el desarrollo de diversas actividades, y buscar\u00e1 avanzar de manera conjunta en programas y proyectos. El acuerdo&hellip; <\/p>\n","protected":false},"author":1,"featured_media":15997,"comment_status":"closed","ping_status":"open","sticky":false,"template":"","format":"standard","meta":{"footnotes":""},"categories":[15],"tags":[],"class_list":["post-15996","post","type-post","status-publish","format-standard","has-post-thumbnail","hentry","category-cultura"],"_links":{"self":[{"href":"https:\/\/corrientesdetarde.com\/index.php\/wp-json\/wp\/v2\/posts\/15996","targetHints":{"allow":["GET"]}}],"collection":[{"href":"https:\/\/corrientesdetarde.com\/index.php\/wp-json\/wp\/v2\/posts"}],"about":[{"href":"https:\/\/corrientesdetarde.com\/index.php\/wp-json\/wp\/v2\/types\/post"}],"author":[{"embeddable":true,"href":"https:\/\/corrientesdetarde.com\/index.php\/wp-json\/wp\/v2\/users\/1"}],"replies":[{"embeddable":true,"href":"https:\/\/corrientesdetarde.com\/index.php\/wp-json\/wp\/v2\/comments?post=15996"}],"version-history":[{"count":1,"href":"https:\/\/corrientesdetarde.com\/index.php\/wp-json\/wp\/v2\/posts\/15996\/revisions"}],"predecessor-version":[{"id":15998,"href":"https:\/\/corrientesdetarde.com\/index.php\/wp-json\/wp\/v2\/posts\/15996\/revisions\/15998"}],"wp:featuredmedia":[{"embeddable":true,"href":"https:\/\/corrientesdetarde.com\/index.php\/wp-json\/wp\/v2\/media\/15997"}],"wp:attachment":[{"href":"https:\/\/corrientesdetarde.com\/index.php\/wp-json\/wp\/v2\/media?parent=15996"}],"wp:term":[{"taxonomy":"category","embeddable":true,"href":"https:\/\/corrientesdetarde.com\/index.php\/wp-json\/wp\/v2\/categories?post=15996"},{"taxonomy":"post_tag","embeddable":true,"href":"https:\/\/corrientesdetarde.com\/index.php\/wp-json\/wp\/v2\/tags?post=15996"}],"curies":[{"name":"wp","href":"https:\/\/api.w.org\/{rel}","templated":true}]}}