{"id":159972,"date":"2024-08-17T16:20:51","date_gmt":"2024-08-17T19:20:51","guid":{"rendered":"https:\/\/corrientesdetarde.com\/?p=159972"},"modified":"2024-08-17T16:20:56","modified_gmt":"2024-08-17T19:20:56","slug":"conmocion-en-santa-cruz-una-mujer-iba-acompanada-por-su-bebe-y-murio-en-un-accidente-en-la-ruta","status":"publish","type":"post","link":"https:\/\/corrientesdetarde.com\/index.php\/sociales\/conmocion-en-santa-cruz-una-mujer-iba-acompanada-por-su-bebe-y-murio-en-un-accidente-en-la-ruta\/","title":{"rendered":"Conmoci\u00f3n en Santa Cruz: una mujer iba acompa\u00f1ada por su beb\u00e9 y muri\u00f3 en un accidente en la ruta"},"content":{"rendered":"\n<h3 class=\"wp-block-heading\">El hecho ocurri\u00f3 el viernes por la noche en la localidad de Las Heras. La v\u00edctima falleci\u00f3 en el lugar y su hija de seis meses est\u00e1 fuera de peligro<\/h3>\n\n\n\n<p>En Santa Cruz,&nbsp;<strong>una mujer muri\u00f3 luego de protagonizar un tr\u00e1gico accidente<\/strong>&nbsp;sobre la Ruta Provincial N\u00b043, a 12 kil\u00f3metros de la localidad de Las Heras. La v\u00edctima&nbsp;<strong>viajaba con su beb\u00e9 de seis meses<\/strong>, quien sufri\u00f3 algunas lesiones pero est\u00e1 fuera de peligro.<\/p>\n\n\n\n<p>El hecho ocurri\u00f3 el viernes por la noche, pasadas las 20 horas. Un equipo de la Divisi\u00f3n Cuartel 11 de Bomberos se dirigi\u00f3 r\u00e1pidamente al sitio con una dotaci\u00f3n y constat\u00f3 la muerte de la mujer que conduc\u00eda un Chevrolet Sonic.<\/p>\n\n\n\n<p><em>La Opini\u00f3n Austral&nbsp;<\/em>detall\u00f3 que el otro veh\u00edculo involucrado fue una Toyota SW4,<strong>&nbsp;tambi\u00e9n conducida por una mujer<\/strong>, la cual impact\u00f3 contra el lateral derecho del&nbsp;<strong>Chevrolet<\/strong>.<\/p>\n\n\n\n<p>Seg\u00fan detallaron las fuentes policiales, la conductora de la&nbsp;<strong>Toyota y la beb\u00e9 de la v\u00edctima&nbsp;<\/strong>fueron trasladadas r\u00e1pidamente al hospital local con lesiones severas. En el lugar del accidente, los bomberos realizaron las maniobras necesarias para asegurar la escena y facilitar el trabajo de los peritos.<\/p>\n\n\n\n<figure class=\"wp-block-image\"><img decoding=\"async\" src=\"https:\/\/tn.com.ar\/resizer\/v2\/la-camioneta-toyota-impacto-contra-el-lateral-derecho-del-chevrolet-en-el-que-murio-la-mujer-foto-gentileza-la-opinion-austral-YWEO3CWWRVHMZKYHW6AEJT4FBU.PNG?auth=5edb618f639b476c33671f98a0b0aebb067339f5a7a6b74a4211e7abfaf09469&amp;width=767\" alt=\"La camioneta Toyota impact\u00f3 contra el lateral derecho del Chevrolet en el que muri\u00f3 la mujer (Foto: Gentileza La Opini\u00f3n Austral).\"\/><figcaption class=\"wp-element-caption\">La camioneta Toyota impact\u00f3 contra el lateral derecho del Chevrolet en el que muri\u00f3 la mujer (Foto: Gentileza La Opini\u00f3n Austral).<\/figcaption><\/figure>\n\n\n\n<p>La ruta permaneci\u00f3 parcialmente cerrada durante las horas en que los peritos trabajaron en la zona. Las autoridades locales investigar\u00e1n las causas del accidente para&nbsp;<strong>determinar las responsabilidades correspondientes.<\/strong><\/p>\n\n\n\n<h2 class=\"wp-block-heading\">Un empleado municipal manejaba alcoholizado una camioneta oficial, la choc\u00f3 y se escap\u00f3<\/h2>\n\n\n\n<p>Un empleado municipal de la localidad neuquina de San Patricio del Cha\u00f1ar&nbsp;<strong>manejaba un auto oficial, choc\u00f3 y escap\u00f3 del lugar.<\/strong>&nbsp;El hecho ocurri\u00f3 este s\u00e1bado por la noche.<\/p>\n\n\n\n<p>El incidente sucedi\u00f3 sobre las calles Auca Mahuida y Lago Espejo, en el barrio Parque Industrial, cuando el trabajador estatal estaba trasladando a unos serenos a una dependencia municipal. Aparentemente, todo fue despu\u00e9s de que&nbsp;<strong>se juntaran a comer un asado.<\/strong><\/p>\n\n\n\n<figure class=\"wp-block-image\"><img decoding=\"async\" src=\"https:\/\/tn.com.ar\/resizer\/v2\/https%3A%2F%2Fthumbs.vodgc.net%2F1-14-1XhYDR1723420005625-1723420560.jpg?auth=641d7e59aafea6f66ad5dc2c7067407d37e65c38a13ccf40d9a4fb56c3f7f577&amp;width=767\" alt=\"Video Placeholder\"\/><\/figure>\n\n\n\n<p>Un video compartido por uno de los testigos muestra la escena despu\u00e9s del incidente. (Foto: captura de video LM Neuqu\u00e9n)<\/p>\n\n\n\n<p>Luego del accidente, la camioneta Citro\u00ebn Berlingo -con el logo oficial de la municipalidad- qued\u00f3 abandonada y los vecinos se acercaron a ver lo sucedido. Quedaron sorprendidos por la reacci\u00f3n del conductor, ya que aseguran que&nbsp;<strong>escap\u00f3 desesperadamente.<\/strong><\/p>\n\n\n\n<p>Un video compartido por uno de los testigos muestra la escena despu\u00e9s del incidente, donde se ve la Berlingo&nbsp;<strong>con da\u00f1os en la parte delantera.<\/strong><\/p>\n\n\n\n<p>En la grabaci\u00f3n se puede ver que a un costado de la camioneta&nbsp;<strong>hab\u00eda latas de cerveza tiradas en el piso.<\/strong>&nbsp;De acuerdo a lo que inform\u00f3 LM Neuqu\u00e9n, el testo de alcoholemia le habr\u00eda dado 2,12 gramos de alcohol en sangre.<\/p>\n","protected":false},"excerpt":{"rendered":"<p>El hecho ocurri\u00f3 el viernes por la noche en la localidad de Las Heras. La v\u00edctima falleci\u00f3 en el lugar y su hija de seis meses est\u00e1 fuera de peligro&hellip; <\/p>\n","protected":false},"author":12,"featured_media":159977,"comment_status":"closed","ping_status":"open","sticky":false,"template":"","format":"standard","meta":{"footnotes":""},"categories":[17],"tags":[],"class_list":["post-159972","post","type-post","status-publish","format-standard","has-post-thumbnail","hentry","category-sociales"],"_links":{"self":[{"href":"https:\/\/corrientesdetarde.com\/index.php\/wp-json\/wp\/v2\/posts\/159972","targetHints":{"allow":["GET"]}}],"collection":[{"href":"https:\/\/corrientesdetarde.com\/index.php\/wp-json\/wp\/v2\/posts"}],"about":[{"href":"https:\/\/corrientesdetarde.com\/index.php\/wp-json\/wp\/v2\/types\/post"}],"author":[{"embeddable":true,"href":"https:\/\/corrientesdetarde.com\/index.php\/wp-json\/wp\/v2\/users\/12"}],"replies":[{"embeddable":true,"href":"https:\/\/corrientesdetarde.com\/index.php\/wp-json\/wp\/v2\/comments?post=159972"}],"version-history":[{"count":1,"href":"https:\/\/corrientesdetarde.com\/index.php\/wp-json\/wp\/v2\/posts\/159972\/revisions"}],"predecessor-version":[{"id":159978,"href":"https:\/\/corrientesdetarde.com\/index.php\/wp-json\/wp\/v2\/posts\/159972\/revisions\/159978"}],"wp:featuredmedia":[{"embeddable":true,"href":"https:\/\/corrientesdetarde.com\/index.php\/wp-json\/wp\/v2\/media\/159977"}],"wp:attachment":[{"href":"https:\/\/corrientesdetarde.com\/index.php\/wp-json\/wp\/v2\/media?parent=159972"}],"wp:term":[{"taxonomy":"category","embeddable":true,"href":"https:\/\/corrientesdetarde.com\/index.php\/wp-json\/wp\/v2\/categories?post=159972"},{"taxonomy":"post_tag","embeddable":true,"href":"https:\/\/corrientesdetarde.com\/index.php\/wp-json\/wp\/v2\/tags?post=159972"}],"curies":[{"name":"wp","href":"https:\/\/api.w.org\/{rel}","templated":true}]}}