{"id":160178,"date":"2024-08-19T08:42:08","date_gmt":"2024-08-19T11:42:08","guid":{"rendered":"https:\/\/corrientesdetarde.com\/?p=160178"},"modified":"2024-08-19T08:47:23","modified_gmt":"2024-08-19T11:47:23","slug":"decile-a-tu-mama-que-diga-la-verdad-macarena-donde-esta-mi-hijo-el-desesperado-pedido-de-la-madre-de-loan","status":"publish","type":"post","link":"https:\/\/corrientesdetarde.com\/index.php\/policiales\/decile-a-tu-mama-que-diga-la-verdad-macarena-donde-esta-mi-hijo-el-desesperado-pedido-de-la-madre-de-loan\/","title":{"rendered":"&#8220;Decile a tu mam\u00e1 que diga la verdad, Macarena, \u00bfd\u00f3nde est\u00e1 mi hijo?&#8221;, el desesperado pedido de la madre de Loan"},"content":{"rendered":"\n<p>La familia del nene desaparecido y vecinos de 9 de Julio volvieron a marchar exigiendo justicia. Ya transcurrieron 66 d\u00edas desde que el menor fue visto por \u00faltima vez en el paraje correntino Algarrobal.<\/p>\n\n\n\n<p>&#8220;Decile a tu mam\u00e1 que diga la verdad, Macarena. No mientan, \u00bfd\u00f3nde est\u00e1 mi hijo?&#8221;, suplic\u00f3 a gritos Mar\u00eda, la madre de Loan Danilo Pe\u00f1a, durante la marcha que se llev\u00f3 a cabo este domingo en la localidad de 9 de Julio, en la provincia de Corrientes. As\u00ed fue el desesperado pedido que hizo la mujer a su sobrina e hija de Laudelina, a 66 d\u00edas de la desaparici\u00f3n del menor de 5 a\u00f1os.<\/p>\n\n\n\n<p><br>&#8220;\u00bfQu\u00e9 hicieron con Loan? No me tengan as\u00ed. No me hagas esto, Macarena. Dec\u00ed algo, hija&#8221;, pregunt\u00f3 de nuevo Mar\u00eda Noguera dirigi\u00e9ndose hacia la propiedad donde vive la hija mayor de Laudelina Pe\u00f1a, cu\u00f1ada de Mar\u00eda, t\u00eda de Loan y quien integra la lista de los siete detenidos por la sustracci\u00f3n del nene.<\/p>\n\n\n\n<p>&nbsp;<br>&#8220;\u00bfD\u00f3nde lo llevaron?&#8221;, repregunt\u00f3, desconsolada, la mujer que est\u00e1 con apoyo psicol\u00f3gico, medicada y cuidada de ver las noticias sobre la sustracci\u00f3n de su hijo.<\/p>\n\n\n\n<p>\u00a0<br>Mar\u00eda est\u00e1 convencida de que al ni\u00f1o lo secuestraron. Para ella, no existe posibilidad de que se trate de un accidente, tal como hab\u00eda declarado Laudelina en un primer momento. Y subray\u00f3: &#8220;Esto es una verg\u00fcenza, no aguantamos m\u00e1s el dolor&#8221;.<\/p>\n\n\n\n<p>&nbsp;<br>Una vez m\u00e1s, rodeada de familiares y vecinos que se unieron para recorrer las calles y exigir la aparici\u00f3n con vida del ni\u00f1o, Mar\u00eda suplic\u00f3: &#8220;No se olviden de mi hijo&#8221;.<\/p>\n\n\n\n<p>En esta ocasi\u00f3n, las personas que se manifestaron decidieron cambiar el recorrido y pasaron por la casa de Laudelina, ubicada en 9 de Julio. Es que la t\u00eda del menor permanece presa en la c\u00e1rcel de Ezeiza en el marco de la causa que investiga la sustracci\u00f3n de Loan y que est\u00e1 en manos de la jueza federal de Goya, Cristina Pozzer Penso.<\/p>\n\n\n\n<p>Se trata de una marcha m\u00e1s desde aquel 13 de junio, cuando el ni\u00f1o desapareci\u00f3 luego de asistir a un almuerzo en la casa de su abuela Catalina, en el paraje rural Algarrobal, en 9 de Julio.<\/p>\n\n\n\n<p>&nbsp;Macarena es la prima de Loan e hija de Laudelina Pe\u00f1a<br>Es m\u00e1s, este s\u00e1bado, los vecinos tambi\u00e9n se concentraron en la ciudad de Goya para exigir justicia y respuestas concretas sobre un caso que tiene, hasta el momento, m\u00e1s dudas que certezas.<\/p>\n\n\n\n<h3 class=\"wp-block-heading\">El caso<\/h3>\n\n\n\n<p><br>Loan Danilo Pe\u00f1a desapareci\u00f3 el 13 de junio despu\u00e9s de un almuerzo en la casa de su abuela en el paraje Algarrobal. La investigaci\u00f3n est\u00e1 a cargo de los fiscales Mariano de Guzm\u00e1n, Mar\u00eda Alejandra M\u00e1ngano y Marcelo Colombo. Hasta el momento, no hay pistas firmes que ayuden a encontrar al menor de 5 a\u00f1os.<\/p>\n\n\n\n<p>Lo cierto es que por el caso ya hay siete detenidos: Bernardino Antonio Ben\u00edtez, t\u00edo de Loan y esposo de Laudelina; Daniel &#8220;Fierrito&#8221; Ram\u00edrez y M\u00f3nica Millapi, pareja amiga de Ben\u00edtez; Mar\u00eda Victoria Caillava y Carlos P\u00e9rez, el matrimonio conformado por la ex funcionaria municipal y el capit\u00e1n de nav\u00edo retirado; Walter Adri\u00e1n Maciel, el comisario que estuvo a cargo del operativo de b\u00fasqueda en un primer momento; y Laudelina Pe\u00f1a, t\u00eda de Loan.<\/p>\n\n\n\n<p>Justamente, Laudelina pasa sus d\u00edas en una celda en el Complejo Penitenciario Federal IV de Mujeres en Ezeiza. Fue quien arroj\u00f3 una primera versi\u00f3n durante su declaraci\u00f3n en la justicia provincial cuando la causa estaba en el fuero federal. Su versi\u00f3n sorprendi\u00f3 a todos: dijo que el matrimonio de Mar\u00eda Victoria Caillava y Carlos P\u00e9rez hab\u00eda atropellado a Loan y que, posteriormente, la hab\u00edan amenazado para que no dijera nada al respecto y plantara el bot\u00edn para desviar la investigaci\u00f3n.<\/p>\n\n\n\n<p>Pero, despu\u00e9s, se desdijo ante la jueza Pozzer Penzo: asegur\u00f3 que le pagaron 50 mil pesos por sostener la versi\u00f3n del accidente e involucr\u00f3 a Diego Pellegrini, un senador provincial. Sobre esa suma, su hija mayor, Macarena, confes\u00f3 que su madre hab\u00eda declarado bajo amenaza de su primer abogado Jos\u00e9 Codazzi.<\/p>\n\n\n\n<p>&#8220;Esa declaraci\u00f3n fue bajo amenaza, fue una estrategia que \u00e9l arm\u00f3 presion\u00e1ndonos. \u00c9l ya le hab\u00eda dicho que se ten\u00eda que adelantar a que (Patricia) Bullrich la detuviera, porque si hubiera estado detenida no hubiera podido decir eso que invent\u00f3 \u00e9l&#8221;, relat\u00f3 y asegur\u00f3 que sintieron mucho miedo.<\/p>\n\n\n\n<p>&#8220;Yo creo que (a Loan) lo llevaron y que toda la Polic\u00eda est\u00e1 implicada en esto&#8221;, dijo Macarena, apuntando tambi\u00e9n contra las fuerzas de seguridad provinciales.<\/p>\n","protected":false},"excerpt":{"rendered":"<p>La familia del nene desaparecido y vecinos de 9 de Julio volvieron a marchar exigiendo justicia. Ya transcurrieron 66 d\u00edas desde que el menor fue visto por \u00faltima vez en&hellip; <\/p>\n","protected":false},"author":4,"featured_media":160184,"comment_status":"closed","ping_status":"open","sticky":false,"template":"","format":"standard","meta":{"footnotes":""},"categories":[33],"tags":[],"class_list":["post-160178","post","type-post","status-publish","format-standard","has-post-thumbnail","hentry","category-policiales"],"_links":{"self":[{"href":"https:\/\/corrientesdetarde.com\/index.php\/wp-json\/wp\/v2\/posts\/160178","targetHints":{"allow":["GET"]}}],"collection":[{"href":"https:\/\/corrientesdetarde.com\/index.php\/wp-json\/wp\/v2\/posts"}],"about":[{"href":"https:\/\/corrientesdetarde.com\/index.php\/wp-json\/wp\/v2\/types\/post"}],"author":[{"embeddable":true,"href":"https:\/\/corrientesdetarde.com\/index.php\/wp-json\/wp\/v2\/users\/4"}],"replies":[{"embeddable":true,"href":"https:\/\/corrientesdetarde.com\/index.php\/wp-json\/wp\/v2\/comments?post=160178"}],"version-history":[{"count":2,"href":"https:\/\/corrientesdetarde.com\/index.php\/wp-json\/wp\/v2\/posts\/160178\/revisions"}],"predecessor-version":[{"id":160186,"href":"https:\/\/corrientesdetarde.com\/index.php\/wp-json\/wp\/v2\/posts\/160178\/revisions\/160186"}],"wp:featuredmedia":[{"embeddable":true,"href":"https:\/\/corrientesdetarde.com\/index.php\/wp-json\/wp\/v2\/media\/160184"}],"wp:attachment":[{"href":"https:\/\/corrientesdetarde.com\/index.php\/wp-json\/wp\/v2\/media?parent=160178"}],"wp:term":[{"taxonomy":"category","embeddable":true,"href":"https:\/\/corrientesdetarde.com\/index.php\/wp-json\/wp\/v2\/categories?post=160178"},{"taxonomy":"post_tag","embeddable":true,"href":"https:\/\/corrientesdetarde.com\/index.php\/wp-json\/wp\/v2\/tags?post=160178"}],"curies":[{"name":"wp","href":"https:\/\/api.w.org\/{rel}","templated":true}]}}