{"id":160268,"date":"2024-08-19T13:17:23","date_gmt":"2024-08-19T16:17:23","guid":{"rendered":"https:\/\/corrientesdetarde.com\/?p=160268"},"modified":"2024-08-19T13:17:34","modified_gmt":"2024-08-19T16:17:34","slug":"importante-concurrencia-en-las-ferias-de-emprendedores","status":"publish","type":"post","link":"https:\/\/corrientesdetarde.com\/index.php\/sociales\/importante-concurrencia-en-las-ferias-de-emprendedores\/","title":{"rendered":"Importante concurrencia en las Ferias de Emprendedores"},"content":{"rendered":"\n<p>Con una gran concurrencia de p\u00fablico y participaci\u00f3n de feriantes se realizaron las&nbsp;Ferias de Emprendedores del Ministerio de Desarrollo Social,&nbsp;este domingo,&nbsp;en el Paseo Iber\u00e1,&nbsp;y en forma simult\u00e1nea,&nbsp;en el Parque el Eucaliptal del Barrio San Ger\u00f3nimo, bajo la Coordinaci\u00f3n de la Direcci\u00f3n de Comercializaci\u00f3n, cuya directora es D\u00e9bora Galarza Alcaraz.<\/p>\n\n\n\n<p>La Expo-emprendedora convoc\u00f3 gran afluencia de p\u00fablico en Paseo Iber\u00e1, ubicado en la Bajada del Puente Gral. &nbsp;Belgrano y donde centenares de artesanos y emprendedores comercializaron sus variadas producciones .<\/p>\n\n\n\n<p>Entre ellos AlejandroGaluzi, con su emprendimiento en madera expres\u00f3: \u201c Somos una empresa familiar, gracias a Dios tenemos la suerte de poder exhibir en la Feria, tenemos juguetes did\u00e1cticos, mesitas ,sillitas todo en madera, nuestro emprendimiento se llama Pleno Hogar, y nos pueden ubicar en redes sociales tambi\u00e9n\u201d<\/p>\n\n\n\n<p>El sector gastron\u00f3mico particip\u00f3 con ofertas muy tentadoras para el almuerzo como arroz con pollo, mbaypu , variedad de s\u00e1ndwiches, empanadas, pizzas, panchos, papas fritas, entre otros.<\/p>\n\n\n\n<p>Como siempre, se cont\u00f3 con patio de comidas, desde donde se pudo disfrutar de show art\u00edsticos.<\/p>\n\n\n\n<p>Por el escenario pasaron, el Profesor Sosa Hern\u00e1n y su equipo con actividades r\u00edtmicas de distintos g\u00e9neros, el Coro de Adultos Mayores, la Academia folcl\u00f3rica del &nbsp;Profesor Charly, Los Pistoleros tributo a los Forasteros , Ra\u00fal Saiz, Facundo Esp\u00edndola y Ram\u00edrez Daniel .<\/p>\n\n\n\n<p>As\u00ed mismo, la Multiferia estuvo este domingo 18 de agosto en el Parque el Eucaliptal del Barrio San Ger\u00f3nimo, en Av. Ra\u00fal Alfons\u00edn 5072 con exposici\u00f3n y venta de productos elaborados por &nbsp;emprendedores y artesanos de 14 a 21.<\/p>\n\n\n\n<figure class=\"wp-block-image size-large\"><img loading=\"lazy\" decoding=\"async\" width=\"1024\" height=\"576\" src=\"https:\/\/corrientesdetarde.com\/wp-content\/uploads\/2024\/08\/image-551-1024x576.png\" alt=\"\" class=\"wp-image-160269\" srcset=\"https:\/\/corrientesdetarde.com\/wp-content\/uploads\/2024\/08\/image-551-1024x576.png 1024w, https:\/\/corrientesdetarde.com\/wp-content\/uploads\/2024\/08\/image-551-300x169.png 300w, https:\/\/corrientesdetarde.com\/wp-content\/uploads\/2024\/08\/image-551-768x432.png 768w, https:\/\/corrientesdetarde.com\/wp-content\/uploads\/2024\/08\/image-551-1536x864.png 1536w, https:\/\/corrientesdetarde.com\/wp-content\/uploads\/2024\/08\/image-551.png 1600w\" sizes=\"auto, (max-width: 1024px) 100vw, 1024px\" \/><\/figure>\n\n\n\n<figure class=\"wp-block-image size-large\"><img loading=\"lazy\" decoding=\"async\" width=\"1024\" height=\"576\" src=\"https:\/\/corrientesdetarde.com\/wp-content\/uploads\/2024\/08\/image-552-1024x576.png\" alt=\"\" class=\"wp-image-160270\" srcset=\"https:\/\/corrientesdetarde.com\/wp-content\/uploads\/2024\/08\/image-552-1024x576.png 1024w, https:\/\/corrientesdetarde.com\/wp-content\/uploads\/2024\/08\/image-552-300x169.png 300w, https:\/\/corrientesdetarde.com\/wp-content\/uploads\/2024\/08\/image-552-768x432.png 768w, https:\/\/corrientesdetarde.com\/wp-content\/uploads\/2024\/08\/image-552-1536x864.png 1536w, https:\/\/corrientesdetarde.com\/wp-content\/uploads\/2024\/08\/image-552.png 1600w\" sizes=\"auto, (max-width: 1024px) 100vw, 1024px\" \/><\/figure>\n\n\n\n<figure class=\"wp-block-image size-large\"><img loading=\"lazy\" decoding=\"async\" width=\"1024\" height=\"576\" src=\"https:\/\/corrientesdetarde.com\/wp-content\/uploads\/2024\/08\/image-553-1024x576.png\" alt=\"\" class=\"wp-image-160271\" srcset=\"https:\/\/corrientesdetarde.com\/wp-content\/uploads\/2024\/08\/image-553-1024x576.png 1024w, https:\/\/corrientesdetarde.com\/wp-content\/uploads\/2024\/08\/image-553-300x169.png 300w, https:\/\/corrientesdetarde.com\/wp-content\/uploads\/2024\/08\/image-553-768x432.png 768w, https:\/\/corrientesdetarde.com\/wp-content\/uploads\/2024\/08\/image-553-1536x864.png 1536w, https:\/\/corrientesdetarde.com\/wp-content\/uploads\/2024\/08\/image-553.png 1600w\" sizes=\"auto, (max-width: 1024px) 100vw, 1024px\" \/><\/figure>\n\n\n\n<figure class=\"wp-block-image size-large\"><img loading=\"lazy\" decoding=\"async\" width=\"576\" height=\"1024\" src=\"https:\/\/corrientesdetarde.com\/wp-content\/uploads\/2024\/08\/image-554-576x1024.png\" alt=\"\" class=\"wp-image-160272\" srcset=\"https:\/\/corrientesdetarde.com\/wp-content\/uploads\/2024\/08\/image-554-576x1024.png 576w, https:\/\/corrientesdetarde.com\/wp-content\/uploads\/2024\/08\/image-554-169x300.png 169w, https:\/\/corrientesdetarde.com\/wp-content\/uploads\/2024\/08\/image-554-768x1365.png 768w, https:\/\/corrientesdetarde.com\/wp-content\/uploads\/2024\/08\/image-554-864x1536.png 864w, https:\/\/corrientesdetarde.com\/wp-content\/uploads\/2024\/08\/image-554.png 900w\" sizes=\"auto, (max-width: 576px) 100vw, 576px\" \/><\/figure>\n\n\n\n<figure class=\"wp-block-image size-large\"><img loading=\"lazy\" decoding=\"async\" width=\"1024\" height=\"576\" src=\"https:\/\/corrientesdetarde.com\/wp-content\/uploads\/2024\/08\/image-555-1024x576.png\" alt=\"\" class=\"wp-image-160273\" srcset=\"https:\/\/corrientesdetarde.com\/wp-content\/uploads\/2024\/08\/image-555-1024x576.png 1024w, https:\/\/corrientesdetarde.com\/wp-content\/uploads\/2024\/08\/image-555-300x169.png 300w, https:\/\/corrientesdetarde.com\/wp-content\/uploads\/2024\/08\/image-555-768x432.png 768w, https:\/\/corrientesdetarde.com\/wp-content\/uploads\/2024\/08\/image-555-1536x864.png 1536w, https:\/\/corrientesdetarde.com\/wp-content\/uploads\/2024\/08\/image-555.png 1600w\" sizes=\"auto, (max-width: 1024px) 100vw, 1024px\" \/><\/figure>\n","protected":false},"excerpt":{"rendered":"<p>Con una gran concurrencia de p\u00fablico y participaci\u00f3n de feriantes se realizaron las&nbsp;Ferias de Emprendedores del Ministerio de Desarrollo Social,&nbsp;este domingo,&nbsp;en el Paseo Iber\u00e1,&nbsp;y en forma simult\u00e1nea,&nbsp;en el Parque el&hellip; <\/p>\n","protected":false},"author":8,"featured_media":160274,"comment_status":"closed","ping_status":"open","sticky":false,"template":"","format":"standard","meta":{"footnotes":""},"categories":[17],"tags":[],"class_list":["post-160268","post","type-post","status-publish","format-standard","has-post-thumbnail","hentry","category-sociales"],"_links":{"self":[{"href":"https:\/\/corrientesdetarde.com\/index.php\/wp-json\/wp\/v2\/posts\/160268","targetHints":{"allow":["GET"]}}],"collection":[{"href":"https:\/\/corrientesdetarde.com\/index.php\/wp-json\/wp\/v2\/posts"}],"about":[{"href":"https:\/\/corrientesdetarde.com\/index.php\/wp-json\/wp\/v2\/types\/post"}],"author":[{"embeddable":true,"href":"https:\/\/corrientesdetarde.com\/index.php\/wp-json\/wp\/v2\/users\/8"}],"replies":[{"embeddable":true,"href":"https:\/\/corrientesdetarde.com\/index.php\/wp-json\/wp\/v2\/comments?post=160268"}],"version-history":[{"count":1,"href":"https:\/\/corrientesdetarde.com\/index.php\/wp-json\/wp\/v2\/posts\/160268\/revisions"}],"predecessor-version":[{"id":160275,"href":"https:\/\/corrientesdetarde.com\/index.php\/wp-json\/wp\/v2\/posts\/160268\/revisions\/160275"}],"wp:featuredmedia":[{"embeddable":true,"href":"https:\/\/corrientesdetarde.com\/index.php\/wp-json\/wp\/v2\/media\/160274"}],"wp:attachment":[{"href":"https:\/\/corrientesdetarde.com\/index.php\/wp-json\/wp\/v2\/media?parent=160268"}],"wp:term":[{"taxonomy":"category","embeddable":true,"href":"https:\/\/corrientesdetarde.com\/index.php\/wp-json\/wp\/v2\/categories?post=160268"},{"taxonomy":"post_tag","embeddable":true,"href":"https:\/\/corrientesdetarde.com\/index.php\/wp-json\/wp\/v2\/tags?post=160268"}],"curies":[{"name":"wp","href":"https:\/\/api.w.org\/{rel}","templated":true}]}}