{"id":160377,"date":"2024-08-19T20:36:40","date_gmt":"2024-08-19T23:36:40","guid":{"rendered":"https:\/\/corrientesdetarde.com\/?p=160377"},"modified":"2024-08-19T20:36:51","modified_gmt":"2024-08-19T23:36:51","slug":"el-ministro-cardozo-entrego-equipamiento-para-el-hospital-de-libres","status":"publish","type":"post","link":"https:\/\/corrientesdetarde.com\/index.php\/informacion-general\/el-ministro-cardozo-entrego-equipamiento-para-el-hospital-de-libres\/","title":{"rendered":"El ministro Cardozo entreg\u00f3 equipamiento para el hospital de Libres"},"content":{"rendered":"\n<p><em>El Hospital \u201cSan Jos\u00e9\u201d recibi\u00f3 un espir\u00f3metro para el Servicio de Neumonolog\u00eda, monitores, una bomba de infusi\u00f3n para el \u00e1rea de Emergencia y una mesa de anestesia para el \u00e1rea de Quir\u00f3fano.<\/em><\/p>\n\n\n\n<p>El ministro de Salud de la Provincia de Corrientes, Ricardo Cardozo, realiz\u00f3 una visita al Hospital Regional \u201cSan Jos\u00e9\u201d, de Paso de los Libres, ocasi\u00f3n en la que entreg\u00f3 equipamiento t\u00e9cnico de \u00faltima generaci\u00f3n a tres importantes \u00e1reas.<\/p>\n\n\n\n<p>En la oportunidad, acompa\u00f1\u00f3 el director General de Gesti\u00f3n Hospitalaria, Mario Rodr\u00edguez, la coordinadora de Promotores de Salud, Natalia Cardozo y la directora de Obstetricia, Vanesa Aymerich<\/p>\n\n\n\n<p>El titular de la Cartera sanitaria provincial fue recibido por la directora Ejecutiva del nosocomio, Susana Espinoza; el director Asociado, Ezequiel Mondelo y la referente de la Asistencia Primaria a la Salud (APS), Lina Altamira.<\/p>\n\n\n\n<p>\u201cVinimos a recorrer las instalaciones de un lugar que est\u00e1 en buenas condiciones, muy lindo. Tengo que felicitar a las autoridades por la manera en que se est\u00e1 manteniendo este hospital, y a todos los profesionales por su tarea\u201d, indic\u00f3 el Ministro.<\/p>\n\n\n\n<p>Durante su visita, Cardozo entreg\u00f3 un espir\u00f3metro para el Servicio de Neumonolog\u00eda, el cual fue recibido en mano por la neumon\u00f3loga Patricia Aguirre; monitores; una bomba de infusi\u00f3n para el \u00e1rea de Emergencia, que le fue entregado la m\u00e9dica Aline Pereira a los fines de infundir drogas para la recuperaci\u00f3n de pacientes accidentados o traumatizados y tambi\u00e9n una mesa de anestesia para el \u00e1rea de Quir\u00f3fano que fue recibida por el m\u00e9dico anestesi\u00f3logo Francisco Tarrag\u00f3.<\/p>\n\n\n\n<p>\u201cLa mesa de anestesia fue recibida con gran gusto, por supuesto; porque significa una importante inversi\u00f3n y es de alta complejidad\u201d, destac\u00f3 Cardozo y asever\u00f3 que \u201ctodo esto va a venir a fortalecer el trabajo del equipo profesional de este hospital, al que agradecemos, desde el Ministerio y desde el Gobierno de la Provincia\u201d.<\/p>\n\n\n\n<p>Seg\u00fan indic\u00f3 el funcionario, \u201cel Gobernador est\u00e1 sumamente conforme con este hospital y su gesti\u00f3n, porque viene a contener no solamente a los libre\u00f1os, sino tambi\u00e9n a toda la regi\u00f3n Sureste y Centro-Oeste de la provincia. Estimamos que un cuarto de la provincia se atiende ac\u00e1\u201d, subray\u00f3.<\/p>\n\n\n\n<p><strong>Hemodi\u00e1lisis<\/strong><\/p>\n\n\n\n<p>El ministro Ricardo Cardozo adelant\u00f3 una pr\u00f3xima visita de personal del \u00e1rea de Epidemiolog\u00eda al Hospital \u201cSan Jos\u00e9\u201d para ayudar a concretar algunas tareas espec\u00edficas. Adem\u00e1s, puso de relieve el avance acelerado del edificio donde se prestar\u00e1 el Servicio de Hemodi\u00e1lisis.<\/p>\n\n\n\n<p>Respecto de esto \u00faltimo, sostuvo que \u201ces un gran adelanto para Libres y la regi\u00f3n\u201d. \u201cEst\u00e1 terminada la obra civil, y ahora estamos en plena negociaci\u00f3n de las condiciones de tercerizaci\u00f3n con la empresa que se va a encargar de la gesti\u00f3n y el uso\u201d, finaliz\u00f3.<\/p>\n","protected":false},"excerpt":{"rendered":"<p>El Hospital \u201cSan Jos\u00e9\u201d recibi\u00f3 un espir\u00f3metro para el Servicio de Neumonolog\u00eda, monitores, una bomba de infusi\u00f3n para el \u00e1rea de Emergencia y una mesa de anestesia para el \u00e1rea&hellip; <\/p>\n","protected":false},"author":12,"featured_media":160389,"comment_status":"closed","ping_status":"open","sticky":false,"template":"","format":"standard","meta":{"footnotes":""},"categories":[1],"tags":[],"class_list":["post-160377","post","type-post","status-publish","format-standard","has-post-thumbnail","hentry","category-informacion-general"],"_links":{"self":[{"href":"https:\/\/corrientesdetarde.com\/index.php\/wp-json\/wp\/v2\/posts\/160377","targetHints":{"allow":["GET"]}}],"collection":[{"href":"https:\/\/corrientesdetarde.com\/index.php\/wp-json\/wp\/v2\/posts"}],"about":[{"href":"https:\/\/corrientesdetarde.com\/index.php\/wp-json\/wp\/v2\/types\/post"}],"author":[{"embeddable":true,"href":"https:\/\/corrientesdetarde.com\/index.php\/wp-json\/wp\/v2\/users\/12"}],"replies":[{"embeddable":true,"href":"https:\/\/corrientesdetarde.com\/index.php\/wp-json\/wp\/v2\/comments?post=160377"}],"version-history":[{"count":1,"href":"https:\/\/corrientesdetarde.com\/index.php\/wp-json\/wp\/v2\/posts\/160377\/revisions"}],"predecessor-version":[{"id":160390,"href":"https:\/\/corrientesdetarde.com\/index.php\/wp-json\/wp\/v2\/posts\/160377\/revisions\/160390"}],"wp:featuredmedia":[{"embeddable":true,"href":"https:\/\/corrientesdetarde.com\/index.php\/wp-json\/wp\/v2\/media\/160389"}],"wp:attachment":[{"href":"https:\/\/corrientesdetarde.com\/index.php\/wp-json\/wp\/v2\/media?parent=160377"}],"wp:term":[{"taxonomy":"category","embeddable":true,"href":"https:\/\/corrientesdetarde.com\/index.php\/wp-json\/wp\/v2\/categories?post=160377"},{"taxonomy":"post_tag","embeddable":true,"href":"https:\/\/corrientesdetarde.com\/index.php\/wp-json\/wp\/v2\/tags?post=160377"}],"curies":[{"name":"wp","href":"https:\/\/api.w.org\/{rel}","templated":true}]}}