{"id":160380,"date":"2024-08-19T20:27:15","date_gmt":"2024-08-19T23:27:15","guid":{"rendered":"https:\/\/corrientesdetarde.com\/?p=160380"},"modified":"2024-08-19T20:27:20","modified_gmt":"2024-08-19T23:27:20","slug":"en-la-fec-expusieron-las-bondades-correntinas-a-representantes-de-la-u","status":"publish","type":"post","link":"https:\/\/corrientesdetarde.com\/index.php\/informacion-general\/en-la-fec-expusieron-las-bondades-correntinas-a-representantes-de-la-u\/","title":{"rendered":"En la FEC expusieron las bondades correntinas a representantes de la U"},"content":{"rendered":"\n<p>En la sede de la Federaci\u00f3n Econ\u00f3mica de Corrientes (FEC), referentes de esta entidad y de las principales cadenas de producci\u00f3n e industrializaci\u00f3n de la provincia recibieron a representantes de las embajadas de los estados miembros de la Uni\u00f3n Europea.\u00a0<a href=\"https:\/\/api.whatsapp.com\/send?text=En%20la%20FEC%20expusieron%20las%20bondades%20correntinas%20a%20representantes%20de%20la%20UE%20-%20https:\/\/www.diarioepoca.com\/1329994-en-la-fec-expusieron-las-bondades-correntinas-a-representantes-de-la-ue?utm_source=WhatsApp%26utm_medium=WhatsApp%26utm_campaign=WhatsApp%26utm_term=WhatsApp\" target=\"_blank\" rel=\"noreferrer noopener\"><\/a><a href=\"https:\/\/www.diarioepoca.com\/1329994-en-la-fec-expusieron-las-bondades-correntinas-a-representantes-de-la-ue#\"><\/a><a href=\"https:\/\/www.diarioepoca.com\/1329994-en-la-fec-expusieron-las-bondades-correntinas-a-representantes-de-la-ue#\"><\/a><\/p>\n\n\n\n<p>La comitiva internacional estuvo conformada por embajador Adjunto de la Embajada de la UE, Eran Nagan; y los consejeros de las embajada de Alemania, Golschan Khun Jush; de B\u00e9lgica, Francis Sobrys; de Finlandia, Sanna Pulkkinen; de Hungr\u00eda, Vanda Kalydy; de Irlanda, Sarah Maguire; de Rumania, Ver\u00f3nica Orneriu, el asesor Pol\u00edtico, Khatchik Dergougassian; y la asesora de Prensa, Gisela Gonz\u00e1lez.<\/p>\n\n\n\n<p>En el encuentro, las autoridades de la FEC expusieron el potencial productivo e industrial de Corrientes, sus fortalezas, recursos y oportunidades de crecimiento, tambi\u00e9n detallaron el impacto de las exportaciones en el contexto nacional y los principales mercados actuales. As\u00ed, diferentes referentes de las principales cadenas de la provincia (arroz, ganader\u00eda, forestal y yerba mate) detallaron datos de su presente y propuestas varias de crecimiento.&nbsp;<\/p>\n\n\n\n<p>En la charla tambi\u00e9n se analizaron cuestiones t\u00e9cnicas, burocr\u00e1ticas, administrativas y de infraestructura necesaria para poder compatibilizar correctamente entre la oferta correntina y las pretensiones del viejo continente, ya sea en materia de inversi\u00f3n o de compra.<\/p>\n\n\n\n<p>El presidente de la FEC, Jorge G\u00f3mez, asegur\u00f3 que la idea es &#8220;win to win&#8221;, expresi\u00f3n para exponer el deseo de una estrategia comercial de beneficio mutuo. &#8220;Les pedimos que digan en sus pa\u00edses que estamos dispuestos a recibirlos con los brazos abiertos. Debe haber un acuerdo en el que las dos partes puedan hacer muy buenos negocios&#8221;, asever\u00f3.<\/p>\n\n\n\n<p>Quien tuvo palabras elogiosas a Corrientes fue Nagan quien destac\u00f3 no s\u00f3lo la potencialidad de la actividad primaria y la posibilidad de incorporar valor agregado a la materia prima obtenida, sino tambi\u00e9n ponder\u00f3 los recursos naturales y el cuidado al medio ambiente. Asever\u00f3 que el Iber\u00e1 es un destino tur\u00edstico que nada tiene que envidiar a otros de Argentina pero que, lamentablemente, no es muy conocido en Europa. Y que all\u00ed deben apuntar los esfuerzos para captar visitantes.<\/p>\n\n\n\n<h3 class=\"wp-block-heading\">Encuentro con Vald\u00e9s<\/h3>\n\n\n\n<p>El gobernador Gustavo Vald\u00e9s mantuvo este lunes un encuentro institucional con el embajador adjunto de la Uni\u00f3n Europea en Argentina, Eran Nagan, y representantes de siete pa\u00edses del viejo continente, en las instalaciones del Centro Administrativo de Corrientes. El mismo, se desarroll\u00f3 en torno a una agenda centrada en la producci\u00f3n y el comercio, as\u00ed como a la generaci\u00f3n de bioenerg\u00eda en la provincia.<\/p>\n\n\n\n<p>&#8220;Fortalecimos nuestro v\u00ednculo en el marco de los acuerdos de Cooperaci\u00f3n Econ\u00f3mica y de Cooperaci\u00f3n Cient\u00edfica suscriptos entre Argentina y la Uni\u00f3n Europea en 1990 y 1999, y es momento de profundizarlo a partir de los retos del siglo XXI&#8221;, sostuvo el mismo titular del Ejecutivo, a trav\u00e9s de su cuenta de X.<\/p>\n\n\n\n<p>Adem\u00e1s, por medio de la misma plataforma, el gobernador manifest\u00f3 que la provincia de Corrientes &#8220;quiere incrementar su participaci\u00f3n en el comercio y la inversi\u00f3n con Europa dada la calidad de lo que produce&#8221;, as\u00ed como &#8220;avanzar en \u00e1reas como la alfabetizaci\u00f3n digital, el cambio clim\u00e1tico, las oportunidades comerciales y los derechos humanos&#8221;.<\/p>\n\n\n\n<h3 class=\"wp-block-heading\">Reuni\u00f3n con Tassano&nbsp;<\/h3>\n\n\n\n<p>En el Palacio Municipal se llev\u00f3 adelante este encuentro donde el intendente Eduardo Tassano junto al embajador adjunto de la Uni\u00f3n Europea en Argentina, Eran Nagan, y representantes de siete pa\u00edses del continente dialogaron y mostraron su inter\u00e9s en establecer v\u00ednculos comerciales, exponiendo las bondades que cuenta la ciudad.<\/p>\n\n\n\n<p>&#8220;Mantuvimos un encuentro muy ameno con representantes que quer\u00edan conocer el estado de la ciudad&#8221;, remarc\u00f3 el intendente tras el encuentro donde mencion\u00f3 que &#8220;pusimos sobre la mesa los objetivos de gobierno y la proyecci\u00f3n econ\u00f3mica que cuenta Corrientes&#8221;.<\/p>\n\n\n\n<p>En ese sentido, Tassano coment\u00f3 que estas vinculaciones nos permiten &#8220;intercambiar conexiones para articular acuerdos de cooperaci\u00f3n que nos posicionen al futuro&#8221; y agreg\u00f3 que &#8220;estas visitas nos permiten mejorar las relaciones con los pa\u00edses desarrollados&#8221;.<\/p>\n","protected":false},"excerpt":{"rendered":"<p>En la sede de la Federaci\u00f3n Econ\u00f3mica de Corrientes (FEC), referentes de esta entidad y de las principales cadenas de producci\u00f3n e industrializaci\u00f3n de la provincia recibieron a representantes de&hellip; <\/p>\n","protected":false},"author":12,"featured_media":160383,"comment_status":"closed","ping_status":"open","sticky":false,"template":"","format":"standard","meta":{"footnotes":""},"categories":[26,1],"tags":[],"class_list":["post-160380","post","type-post","status-publish","format-standard","has-post-thumbnail","hentry","category-destacados","category-informacion-general"],"_links":{"self":[{"href":"https:\/\/corrientesdetarde.com\/index.php\/wp-json\/wp\/v2\/posts\/160380","targetHints":{"allow":["GET"]}}],"collection":[{"href":"https:\/\/corrientesdetarde.com\/index.php\/wp-json\/wp\/v2\/posts"}],"about":[{"href":"https:\/\/corrientesdetarde.com\/index.php\/wp-json\/wp\/v2\/types\/post"}],"author":[{"embeddable":true,"href":"https:\/\/corrientesdetarde.com\/index.php\/wp-json\/wp\/v2\/users\/12"}],"replies":[{"embeddable":true,"href":"https:\/\/corrientesdetarde.com\/index.php\/wp-json\/wp\/v2\/comments?post=160380"}],"version-history":[{"count":1,"href":"https:\/\/corrientesdetarde.com\/index.php\/wp-json\/wp\/v2\/posts\/160380\/revisions"}],"predecessor-version":[{"id":160384,"href":"https:\/\/corrientesdetarde.com\/index.php\/wp-json\/wp\/v2\/posts\/160380\/revisions\/160384"}],"wp:featuredmedia":[{"embeddable":true,"href":"https:\/\/corrientesdetarde.com\/index.php\/wp-json\/wp\/v2\/media\/160383"}],"wp:attachment":[{"href":"https:\/\/corrientesdetarde.com\/index.php\/wp-json\/wp\/v2\/media?parent=160380"}],"wp:term":[{"taxonomy":"category","embeddable":true,"href":"https:\/\/corrientesdetarde.com\/index.php\/wp-json\/wp\/v2\/categories?post=160380"},{"taxonomy":"post_tag","embeddable":true,"href":"https:\/\/corrientesdetarde.com\/index.php\/wp-json\/wp\/v2\/tags?post=160380"}],"curies":[{"name":"wp","href":"https:\/\/api.w.org\/{rel}","templated":true}]}}