{"id":160395,"date":"2024-08-19T21:13:09","date_gmt":"2024-08-20T00:13:09","guid":{"rendered":"https:\/\/corrientesdetarde.com\/?p=160395"},"modified":"2024-08-19T21:13:21","modified_gmt":"2024-08-20T00:13:21","slug":"l-gante-mostro-como-fue-visita-a-los-chicos-del-barrio-31-en-el-dia-de-la-ninez-cai-a-festejar","status":"publish","type":"post","link":"https:\/\/corrientesdetarde.com\/index.php\/espectaculos\/l-gante-mostro-como-fue-visita-a-los-chicos-del-barrio-31-en-el-dia-de-la-ninez-cai-a-festejar\/","title":{"rendered":"L-Gante mostr\u00f3 c\u00f3mo fue visita a los chicos del Barrio 31 en el D\u00eda de la ni\u00f1ez: \u201c\u00a1Ca\u00ed a festejar!\u201d"},"content":{"rendered":"\n<h3 class=\"wp-block-heading\">El m\u00fasico le puso un freno a la promoci\u00f3n de su nuevo disco y sorprendi\u00f3 a sus fans m\u00e1s chicos.<\/h3>\n\n\n\n<p><strong>L-Gante\u00a0est\u00e1 disfrutando del gran \u00e9xito de su flamante disco,\u00a0<\/strong><em><strong>Celda 4<\/strong><\/em>. El m\u00fasico estuvo promocion\u00e1ndolo, tambi\u00e9n realiz\u00f3 un ambicioso evento de lanzamiento en el que cont\u00f3 con la presencia de diferentes estrellas. Sin embargo, este domingo le puso un freno al tour medi\u00e1tico y\u00a0<strong>se tom\u00f3 un recreo para festejar el D\u00eda del ni\u00f1o.<\/strong><\/p>\n\n\n\n<p>A trav\u00e9s de redes sociales, Eli\u00e1n Valenzuela conmovi\u00f3 con\u00a0<strong>una foto junto a su hija,\u00a0Jamaica, conociendo juntos la Torre Eiffeil<\/strong>, ya que semanas atr\u00e1s pasearon por diferentes ciudades europeas.<\/p>\n\n\n\n<p>Adem\u00e1s, el cantante de cumbia 420 decidi\u00f3 visitar a sus fan\u00e1ticos m\u00e1s chicos.&nbsp;<strong>\u201cCa\u00ed a la 31 a festejar con los pibitos\u201d<\/strong>, escribi\u00f3 en redes sociales y public\u00f3 una foto junto a una multitud de ni\u00f1os que se acercaron al festejo.<\/p>\n\n\n\n<figure class=\"wp-block-image\"><img decoding=\"async\" src=\"https:\/\/tn.com.ar\/resizer\/v2\/el-cantante-fue-a-la-villa-31-para-el-dia-del-nino-fuente-instagramlgantekeloke-ABO4RNXQKJGRBIJTQWHCNNRW4I.jpeg?auth=c4012588a8534f2de4e3a2e8b857cc20f01bc871ec99673d93cd25d19bc8cc8d&amp;width=767\" alt=\"El cantante fue a la villa 31 para el D\u00eda del ni\u00f1o. (Fuente: Instagram\/lgante_keloke)\"\/><figcaption class=\"wp-element-caption\">El cantante fue a la villa 31 para el D\u00eda del ni\u00f1o. (Fuente: Instagram\/lgante_keloke)<\/figcaption><\/figure>\n\n\n\n<p>Las letras de L-Gante relatan&nbsp;<strong>muchas problem\u00e1ticas de los barrios m\u00e1s carenciados<\/strong>&nbsp;y rompen con diversos prejuicios. Recientemente, en una entrevista con&nbsp;<em>Perros de la calle (Urbana Play)<\/em>, expres\u00f3 que&nbsp;<strong>\u201csalir del barrio\u201d, le posibilit\u00f3 conocer realidades diferentes<\/strong>, entender que no todo es como all\u00ed se expresa y tambi\u00e9n remarc\u00f3 que considera fundamental estar conectado con sus ra\u00edces.<\/p>\n\n\n\n<h2 class=\"wp-block-heading\">El exabrupto de L-Gante en una entrevista radial<\/h2>\n\n\n\n<p>Despu\u00e9s de haber tenido una noche muy larga por la presentaci\u00f3n de su disco, el referente de la cumbia 420 concedi\u00f3 a la ma\u00f1ana siguiente una entrevista&nbsp;<em>Perros de la calle (Urbana Play)<\/em>&nbsp;en la que se refiri\u00f3 a su nuevo lanzamiento.<strong>&nbsp;El cantante lleg\u00f3 con lentes, una gorra y una capucha, lo que hac\u00eda casi imposible verle la cara.<\/strong><\/p>\n\n\n\n<p>Luego de terminar la entrevista con Andy Kusnetzoff y el resto de los periodistas, pidi\u00f3 que la pr\u00f3xima entrevista sea en otro horario y admiti\u00f3 que no estaba en \u00f3ptimas condiciones.\u00a0\u201c<strong>Todav\u00eda estoy borracho de ayer, imaginate\u201d<\/strong>, reconoci\u00f3.<\/p>\n\n\n\n<figure class=\"wp-block-image\"><img decoding=\"async\" src=\"https:\/\/tn.com.ar\/resizer\/v2\/el-musico-adelanto-su-nuevo-disco-fuente-instagramlgantekeloke-LXH3ARKISNCUJBDMVXYDIGZSLI.png?auth=997bc9383514e13086c888871a5fa524e475ff6297193f75ba27c728693c4153&amp;width=767\" alt=\"El m\u00fasico adelant\u00f3 su nuevo disco. (Fuente: Instagram\/lgante_keloke)\"\/><figcaption class=\"wp-element-caption\">El m\u00fasico adelant\u00f3 su nuevo disco. (Fuente: Instagram\/lgante_keloke)<\/figcaption><\/figure>\n\n\n\n<p>Con la sorpresa de sus entrevistadores, confes\u00f3 que no le avergonzaba admitirlo: \u201cLo digo, lo digo.&nbsp;<strong>Tengo las gafas, la capucha y la gorra porque mi cara estaba toda fea<\/strong>\u201d, expres\u00f3 fiel a su estilo sincero y desenfadado.&nbsp;<strong>\u201cNada fuera de lo normal\u201d<\/strong>, aclar\u00f3 al final y agreg\u00f3 la importancia de mantenerse humilde frente a la gran fama de la que disfruta actualmente.<\/p>\n","protected":false},"excerpt":{"rendered":"<p>El m\u00fasico le puso un freno a la promoci\u00f3n de su nuevo disco y sorprendi\u00f3 a sus fans m\u00e1s chicos. L-Gante\u00a0est\u00e1 disfrutando del gran \u00e9xito de su flamante disco,\u00a0Celda 4.&hellip; <\/p>\n","protected":false},"author":12,"featured_media":160408,"comment_status":"closed","ping_status":"open","sticky":false,"template":"","format":"standard","meta":{"footnotes":""},"categories":[19],"tags":[],"class_list":["post-160395","post","type-post","status-publish","format-standard","has-post-thumbnail","hentry","category-espectaculos"],"_links":{"self":[{"href":"https:\/\/corrientesdetarde.com\/index.php\/wp-json\/wp\/v2\/posts\/160395","targetHints":{"allow":["GET"]}}],"collection":[{"href":"https:\/\/corrientesdetarde.com\/index.php\/wp-json\/wp\/v2\/posts"}],"about":[{"href":"https:\/\/corrientesdetarde.com\/index.php\/wp-json\/wp\/v2\/types\/post"}],"author":[{"embeddable":true,"href":"https:\/\/corrientesdetarde.com\/index.php\/wp-json\/wp\/v2\/users\/12"}],"replies":[{"embeddable":true,"href":"https:\/\/corrientesdetarde.com\/index.php\/wp-json\/wp\/v2\/comments?post=160395"}],"version-history":[{"count":1,"href":"https:\/\/corrientesdetarde.com\/index.php\/wp-json\/wp\/v2\/posts\/160395\/revisions"}],"predecessor-version":[{"id":160409,"href":"https:\/\/corrientesdetarde.com\/index.php\/wp-json\/wp\/v2\/posts\/160395\/revisions\/160409"}],"wp:featuredmedia":[{"embeddable":true,"href":"https:\/\/corrientesdetarde.com\/index.php\/wp-json\/wp\/v2\/media\/160408"}],"wp:attachment":[{"href":"https:\/\/corrientesdetarde.com\/index.php\/wp-json\/wp\/v2\/media?parent=160395"}],"wp:term":[{"taxonomy":"category","embeddable":true,"href":"https:\/\/corrientesdetarde.com\/index.php\/wp-json\/wp\/v2\/categories?post=160395"},{"taxonomy":"post_tag","embeddable":true,"href":"https:\/\/corrientesdetarde.com\/index.php\/wp-json\/wp\/v2\/tags?post=160395"}],"curies":[{"name":"wp","href":"https:\/\/api.w.org\/{rel}","templated":true}]}}