{"id":160396,"date":"2024-08-19T21:11:27","date_gmt":"2024-08-20T00:11:27","guid":{"rendered":"https:\/\/corrientesdetarde.com\/?p=160396"},"modified":"2024-08-19T21:11:30","modified_gmt":"2024-08-20T00:11:30","slug":"pidan-perdon-y-paguen-por-todo-la-indignacion-de-cinthia-fernandez-tras-el-descargo-de-tamara-pettinato","status":"publish","type":"post","link":"https:\/\/corrientesdetarde.com\/index.php\/espectaculos\/pidan-perdon-y-paguen-por-todo-la-indignacion-de-cinthia-fernandez-tras-el-descargo-de-tamara-pettinato\/","title":{"rendered":"\u201cPidan perd\u00f3n y paguen por todo\u201d: la indignaci\u00f3n de Cinthia Fern\u00e1ndez tras el descargo de Tamara Pettinato"},"content":{"rendered":"\n<h3 class=\"wp-block-heading\">La bailarina apunt\u00f3 contra la periodista y le hizo una serie de reproches por su pol\u00e9mico video con Alberto Fern\u00e1ndez.<\/h3>\n\n\n\n<p><strong>Cinthia Fern\u00e1ndez<\/strong>\u00a0<strong>estall\u00f3 contra\u00a0Tamara Pettinato\u00a0por sus videos con<\/strong>\u00a0<strong>Alberto Fern\u00e1ndez<\/strong>. Aunque en su descargo,\u00a0la panelista intent\u00f3 limpiar sus culpas asegurando que \u201chay un solo villano\u201d, la bailarina dej\u00f3 en claro que para ella<strong>\u00a0ambos son responsables y deben pagar por lo que hicieron.<\/strong><\/p>\n\n\n\n<p>\u201c\u00bfAhora resulta ser que gana la hipocres\u00eda de muchos periodistas diciendo que Tamara Pettinato no tiene nada que ver?\u201d, pregunt\u00f3 en una historia de Instagram.<\/p>\n\n\n\n<figure class=\"wp-block-image\"><img decoding=\"async\" src=\"https:\/\/tn.com.ar\/resizer\/v2\/cinthia-fernandez-estallo-contra-tamara-pettinato-por-sus-videos-con-alberto-fernandez-foto-captura-instagram-cinthiafernandez-LA4N72QNGNFZLAR6WJ7ZDNB7T4.JPG?auth=5ddd6a39c155bef628171766e16fdaf6f3eaf5e8f932f91f56f24d64579d5dca&amp;width=767\" alt=\"Cinthia Fern\u00e1ndez estall\u00f3 contra Tamara Pettinato por sus videos con Alberto Fern\u00e1ndez (Foto: Captura instagram \/cinthia_fernandez_)\"\/><figcaption class=\"wp-element-caption\">Cinthia Fern\u00e1ndez estall\u00f3 contra Tamara Pettinato por sus videos con Alberto Fern\u00e1ndez (Foto: Captura instagram \/cinthia_fernandez_)<\/figcaption><\/figure>\n\n\n\n<p>Indignada, repas\u00f3 todo lo que se vio en esos videos y opin\u00f3 que para ella ambos son responsables. \u201c<strong>Se sent\u00f3 en el sill\u00f3n presidencial&nbsp;<\/strong>que es propiedad de todos,&nbsp;<strong>escabi\u00f3 con la nuestra<\/strong>,&nbsp;<strong>se burl\u00f3 de los nuestros<\/strong>,&nbsp;<strong>minti\u00f3<\/strong>,&nbsp;<strong>no pidi\u00f3 disculpas<\/strong>&nbsp;y a\u00fan no explica, seg\u00fan registros difundidos, las numerosas entrevistas que le encantaba hacer con el presidente cuando nadie pod\u00eda salir de sus casa, levantar su negocio y darle el \u00faltimo beso y adi\u00f3s a sus familiares\u201d, se\u00f1al\u00f3 indignada.<\/p>\n\n\n\n<p>Acto seguido, remat\u00f3: \u201cElla y el impresentable de Alberto Fern\u00e1ndez y toda la mugre, corrupci\u00f3n y corruptos que levant\u00f3 esto tienen la culpa.&nbsp;<strong>Pidan perd\u00f3n y paguen por todo\u201d.<\/strong><\/p>\n\n\n\n<h2 class=\"wp-block-heading\">Cinthia Fern\u00e1ndez fulmin\u00f3 a Fabiola Ya\u00f1ez y record\u00f3 la fiesta en Olivos: \u201cAhora es la Madre Teresa\u201d<\/h2>\n\n\n\n<p><strong>Cinthia Fern\u00e1ndez<\/strong>\u00a0regres\u00f3 de su viaje por Miami y ni bien lleg\u00f3 al pa\u00eds\u00a0<strong>se pronunci\u00f3 en sus redes sobre\u00a0Fabiola Ya\u00f1ez<\/strong>. En varias historias de Instagram, la panelista se despach\u00f3 con filosas opiniones. Sin embargo,\u00a0<strong>insisti\u00f3 en separar la denuncia por violencia de g\u00e9nero que inici\u00f3 la esposa de Alberto Fern\u00e1ndez de la participaci\u00f3n que tuvo en las cuestionadas fiestas que ofreci\u00f3 en la Quinta de Olivos<\/strong>\u00a0durante la pandemia.<\/p>\n\n\n\n<p>En su descargo, la ex de Mat\u00edas Defederico expuso: \u201c<strong>Yo no tengo nada bueno para decir<\/strong>, a m\u00ed no me sorprende la hipocres\u00eda ante el dolor de muchas personas.\u00a0<strong>Por lo \u00fanico que es pobre y que es v\u00edctima, es por ser v\u00edctima de violencia de g\u00e9nero<\/strong>\u201d. Luego, muy incisiva, ironiz\u00f3:\u00a0<strong>\u201cAhora parece que Fabiola es la madre Teresa de Calcuta\u201d<\/strong>.<\/p>\n\n\n\n<figure class=\"wp-block-image\"><img decoding=\"async\" src=\"https:\/\/tn.com.ar\/resizer\/v2\/https%3A%2F%2Fthumbs.vodgc.net%2F1-14-MnSTov1723846386327-1723846777.jpg?auth=128e24659bc3360f86c2fdb40eec7f2af029c70161b3886d13abd4149cda9d94&amp;width=767\" alt=\"Video Placeholder\"\/><\/figure>\n\n\n\n<p>Cinthia Fern\u00e1ndez opin\u00f3 sin filtros sobre el caso de Fabiola Y\u00e1\u00f1ez y los videos de Tamara Pettinato (Foto: Captura eltrece)<\/p>\n\n\n\n<p>Bajo esta l\u00ednea, la bailarina explic\u00f3 por qu\u00e9 no logra empatizar del todo con Fabiola: \u201cNos estamos olvidando de que<strong>&nbsp;ella hizo una fiestita cuando todos nos est\u00e1bamos fundiendo<\/strong>. Nos estamos olvidando que<strong>&nbsp;ella y \u00e9l (Alberto Fern\u00e1ndez) son responsables<\/strong>\u201d.<\/p>\n\n\n\n<p>Inmediatamente, Cinthia enumer\u00f3 varios casos que indignaron a la opini\u00f3n p\u00fablica: \u201c<strong>Yo no me olvido de que a una mujer que estaba tomando sol la sacaron como una delincuente, del pap\u00e1 que tuvo que sacar en andas a su hija con c\u00e1ncer porque no lo dejaban pasar\u201d.<\/strong><\/p>\n","protected":false},"excerpt":{"rendered":"<p>La bailarina apunt\u00f3 contra la periodista y le hizo una serie de reproches por su pol\u00e9mico video con Alberto Fern\u00e1ndez. Cinthia Fern\u00e1ndez\u00a0estall\u00f3 contra\u00a0Tamara Pettinato\u00a0por sus videos con\u00a0Alberto Fern\u00e1ndez. Aunque en&hellip; <\/p>\n","protected":false},"author":12,"featured_media":160406,"comment_status":"closed","ping_status":"open","sticky":false,"template":"","format":"standard","meta":{"footnotes":""},"categories":[19],"tags":[],"class_list":["post-160396","post","type-post","status-publish","format-standard","has-post-thumbnail","hentry","category-espectaculos"],"_links":{"self":[{"href":"https:\/\/corrientesdetarde.com\/index.php\/wp-json\/wp\/v2\/posts\/160396","targetHints":{"allow":["GET"]}}],"collection":[{"href":"https:\/\/corrientesdetarde.com\/index.php\/wp-json\/wp\/v2\/posts"}],"about":[{"href":"https:\/\/corrientesdetarde.com\/index.php\/wp-json\/wp\/v2\/types\/post"}],"author":[{"embeddable":true,"href":"https:\/\/corrientesdetarde.com\/index.php\/wp-json\/wp\/v2\/users\/12"}],"replies":[{"embeddable":true,"href":"https:\/\/corrientesdetarde.com\/index.php\/wp-json\/wp\/v2\/comments?post=160396"}],"version-history":[{"count":1,"href":"https:\/\/corrientesdetarde.com\/index.php\/wp-json\/wp\/v2\/posts\/160396\/revisions"}],"predecessor-version":[{"id":160407,"href":"https:\/\/corrientesdetarde.com\/index.php\/wp-json\/wp\/v2\/posts\/160396\/revisions\/160407"}],"wp:featuredmedia":[{"embeddable":true,"href":"https:\/\/corrientesdetarde.com\/index.php\/wp-json\/wp\/v2\/media\/160406"}],"wp:attachment":[{"href":"https:\/\/corrientesdetarde.com\/index.php\/wp-json\/wp\/v2\/media?parent=160396"}],"wp:term":[{"taxonomy":"category","embeddable":true,"href":"https:\/\/corrientesdetarde.com\/index.php\/wp-json\/wp\/v2\/categories?post=160396"},{"taxonomy":"post_tag","embeddable":true,"href":"https:\/\/corrientesdetarde.com\/index.php\/wp-json\/wp\/v2\/tags?post=160396"}],"curies":[{"name":"wp","href":"https:\/\/api.w.org\/{rel}","templated":true}]}}