{"id":160397,"date":"2024-08-19T21:09:51","date_gmt":"2024-08-20T00:09:51","guid":{"rendered":"https:\/\/corrientesdetarde.com\/?p=160397"},"modified":"2024-08-19T21:10:02","modified_gmt":"2024-08-20T00:10:02","slug":"en-medio-de-la-tension-con-victoria-villarruel-milei-critico-el-aumento-de-la-dieta-de-los-senadores","status":"publish","type":"post","link":"https:\/\/corrientesdetarde.com\/index.php\/politica\/en-medio-de-la-tension-con-victoria-villarruel-milei-critico-el-aumento-de-la-dieta-de-los-senadores\/","title":{"rendered":"En medio de la tensi\u00f3n con Victoria Villarruel, Milei critic\u00f3 el aumento de la dieta de los senadores"},"content":{"rendered":"\n<h3 class=\"wp-block-heading\">El Presidente se refiri\u00f3 a la medida que se oficializ\u00f3 esta tarde y que llevar\u00e1 el salario de los legisladores a $9 millones por mes. \u201cQuienes han avalado estos atropellos a los trabajadores sufrir\u00e1n las consecuencias\u201d, dijo<\/h3>\n\n\n\n<p>Despu\u00e9s de que el\u00a0<strong>Senado<\/strong>\u00a0oficializara un aumento de la dieta de los legisladores (que llevar\u00e1 los salarios a $9 millones bruto),\u00a0<strong>Javier Milei<\/strong>se volc\u00f3 a X para criticar la decisi\u00f3n: \u201cEl aumento de sueldo de los senadores es una<strong>\u00a0traici\u00f3n al pueblo<\/strong>\u201d. El mensaje del Presidente llega en medio de la tensi\u00f3n con su vice y titular del Senado,\u00a0<strong>Victoria Villarruel.<\/strong><\/p>\n\n\n\n<p>\u201cLa casta se cree impune. Adem\u00e1s, me gustar\u00eda saber cu\u00e1ntos de ellos pueden validar a mercado lo que ganan en la pol\u00edtica&#8230; desde mi punto de vista, regalados son caros. Est\u00e1n&nbsp;<strong>desconectados de la realidad de los argentinos<\/strong>&nbsp;que sufren fruto de sus errores de acci\u00f3n pol\u00edtica\u201d, escribi\u00f3 Milei en el primer descargo que hizo tras la noticia.<\/p>\n\n\n\n<p>Milei repudi\u00f3 el aumento y lo tild\u00f3 de vergonzoso porque a principio de a\u00f1o los senadores ya se hab\u00edan elevado el sueldo: \u201c\u00bfQui\u00e9n cobra nueve palos por mes? NADIE\u201d. Adem\u00e1s, explic\u00f3 que mientras esto ocurre en el Senado,&nbsp;<strong>hay millones de compatriotas que se \u201cesfuerzan por salir adelante tras la cat\u00e1strofe econ\u00f3mica generada por Sergio Massa\u201d.<\/strong><\/p>\n\n\n\n<figure class=\"wp-block-image\"><img decoding=\"async\" src=\"https:\/\/tn.com.ar\/resizer\/v2\/uno-de-los-posteos-de-javier-milei-contra-el-aumento-de-la-dieta-de-los-senadores-foto-captura-tn-GCO6CHPLDJECJOSO7BMQTSPMCQ.png?auth=a6f75c4506a76b8d279c1a6d14d555cf4fe6a0cb92e553e8cf33a8142f6174f1&amp;width=767\" alt=\"Uno de los posteos de Javier Milei contra el aumento de la dieta de los senadores (Foto: Captura TN).\"\/><figcaption class=\"wp-element-caption\">Uno de los posteos de Javier Milei contra el aumento de la dieta de los senadores (Foto: Captura TN).<\/figcaption><\/figure>\n\n\n\n<p>Para el Presidente, los senadores deber\u00edan tener empat\u00eda y no utilizar el dinero que sale de los impuestos que pagan todos los argentinos para su propio beneficio:&nbsp;<strong>\u201cCobrar 9 millones de pesos en este contexto es m\u00e1s que una burla, es traici\u00f3n al pueblo trabajador\u201d.<\/strong><\/p>\n\n\n\n<p><strong>Para separarse de la decisi\u00f3n<\/strong>, Milei indic\u00f3 que los<strong>&nbsp;sueldos del Ejecutivo se encuentran congelados&nbsp;<\/strong>desde el 10 de diciembre y que&nbsp;<strong>\u00e9l mismo renunci\u00f3 a su jubilaci\u00f3n de privilegio<\/strong>, porque entiende que el esfuerzo lo tiene que hacer la pol\u00edtica y no la gente trabajadora.<\/p>\n\n\n\n<p>El mandatario tambi\u00e9n&nbsp;<strong>desconoci\u00f3 qui\u00e9n fue el responsable de \u201csemejante burla\u201d&nbsp;<\/strong>y advirti\u00f3 que las personas que avalaron la decisi\u00f3n sufrir\u00e1n las consecuencias en las urnas.<\/p>\n\n\n\n<h2 class=\"wp-block-heading\">Los roces con Victoria Villarruel<\/h2>\n\n\n\n<p>El aumento de la dieta de los senadores se da tras varios episodios de tensi\u00f3n entre Milei y la vicepresidenta Villarruel, a cargo del Senado. La semana pasada, la vice&nbsp;<strong>no asisti\u00f3 a un acto de las Fuerzas Armadas<\/strong>&nbsp;porque dijo no haber sido invitada por parte del Gobierno.&nbsp;<strong>\u201cSi no la invitan, no va\u201d,<\/strong>&nbsp;dijeron desde su entorno. Tambi\u00e9n apuntaron contra la hermana del mandatario,&nbsp;<strong>Karina Milei, quien habr\u00eda sido la encargada de las invitaciones.<\/strong><\/p>\n\n\n\n<p>A pesar de eso, desde Presidencia aclararon el fin de semana que la responsabilidad de convocar a Villarruel era del Ministerio de Defensa, el organizador del acto, donde&nbsp;<strong>Milei le entreg\u00f3 sables y despachos a generales y brigadieres.<\/strong><\/p>\n\n\n\n<p>Adem\u00e1s, desde la Casa Rosada&nbsp;<strong>culpan a Villarruel de competir pol\u00edticamente contra Milei&nbsp;<\/strong>y de resaltar las encuestas en donde ella aparece con mejor imagen positiva que el propio Presidente.<\/p>\n\n\n\n<h2 class=\"wp-block-heading\">C\u00f3mo es el aumento del Senado<\/h2>\n\n\n\n<p>El aumento de 9 millones por mes es un&nbsp;<strong>monto bruto que solo tuvieron los senadores<\/strong>&nbsp;luego de que ambas C\u00e1maras aprobaran una suba del 6,5% en dos tramos, para julio y agosto. Sin embargo, el presidente de la C\u00e1mara de Diputados,<strong>&nbsp;Mart\u00edn Menem, desenganch\u00f3 el incremento salarial de los trabajadores al de los diputados,<\/strong>&nbsp;por lo que no percibir\u00e1n este cambio en su sueldo.<\/p>\n\n\n\n<p>La resoluci\u00f3n lleva la firma de las<strong>&nbsp;autoridades del Senado<\/strong>, Mar\u00eda Laura Izzo, secretaria administrativa y Agust\u00edn Giustinian, secretario parlamentario; por&nbsp;<strong>Diputados,&nbsp;<\/strong>Laura Oriolo, secretaria administrativa, y Diego Molina G\u00f3mez, secretario general de Diputados. Tambi\u00e9n parecen en el escrito<strong>&nbsp;los sectores sindicales:&nbsp;<\/strong>La Poderosa APL, Asociaci\u00f3n del Personal Legislativo, ATE y Uni\u00f3n del Personal Civil de la Naci\u00f3n.<\/p>\n","protected":false},"excerpt":{"rendered":"<p>El Presidente se refiri\u00f3 a la medida que se oficializ\u00f3 esta tarde y que llevar\u00e1 el salario de los legisladores a $9 millones por mes. \u201cQuienes han avalado estos atropellos&hellip; <\/p>\n","protected":false},"author":12,"featured_media":160404,"comment_status":"closed","ping_status":"open","sticky":false,"template":"","format":"standard","meta":{"footnotes":""},"categories":[3],"tags":[],"class_list":["post-160397","post","type-post","status-publish","format-standard","has-post-thumbnail","hentry","category-politica"],"_links":{"self":[{"href":"https:\/\/corrientesdetarde.com\/index.php\/wp-json\/wp\/v2\/posts\/160397","targetHints":{"allow":["GET"]}}],"collection":[{"href":"https:\/\/corrientesdetarde.com\/index.php\/wp-json\/wp\/v2\/posts"}],"about":[{"href":"https:\/\/corrientesdetarde.com\/index.php\/wp-json\/wp\/v2\/types\/post"}],"author":[{"embeddable":true,"href":"https:\/\/corrientesdetarde.com\/index.php\/wp-json\/wp\/v2\/users\/12"}],"replies":[{"embeddable":true,"href":"https:\/\/corrientesdetarde.com\/index.php\/wp-json\/wp\/v2\/comments?post=160397"}],"version-history":[{"count":1,"href":"https:\/\/corrientesdetarde.com\/index.php\/wp-json\/wp\/v2\/posts\/160397\/revisions"}],"predecessor-version":[{"id":160405,"href":"https:\/\/corrientesdetarde.com\/index.php\/wp-json\/wp\/v2\/posts\/160397\/revisions\/160405"}],"wp:featuredmedia":[{"embeddable":true,"href":"https:\/\/corrientesdetarde.com\/index.php\/wp-json\/wp\/v2\/media\/160404"}],"wp:attachment":[{"href":"https:\/\/corrientesdetarde.com\/index.php\/wp-json\/wp\/v2\/media?parent=160397"}],"wp:term":[{"taxonomy":"category","embeddable":true,"href":"https:\/\/corrientesdetarde.com\/index.php\/wp-json\/wp\/v2\/categories?post=160397"},{"taxonomy":"post_tag","embeddable":true,"href":"https:\/\/corrientesdetarde.com\/index.php\/wp-json\/wp\/v2\/tags?post=160397"}],"curies":[{"name":"wp","href":"https:\/\/api.w.org\/{rel}","templated":true}]}}