{"id":160413,"date":"2024-08-19T23:44:18","date_gmt":"2024-08-20T02:44:18","guid":{"rendered":"https:\/\/corrientesdetarde.com\/?p=160413"},"modified":"2024-08-19T23:44:23","modified_gmt":"2024-08-20T02:44:23","slug":"los-mejores-looks-de-la-alfombra-roja-de-los-martin-fierro-digital","status":"publish","type":"post","link":"https:\/\/corrientesdetarde.com\/index.php\/espectaculos\/los-mejores-looks-de-la-alfombra-roja-de-los-martin-fierro-digital\/","title":{"rendered":"Los mejores looks de la alfombra roja de los Mart\u00edn Fierro Digital"},"content":{"rendered":"\n<h2 class=\"wp-block-heading\">Los famosos desfilaron por la red carpet del evento con apuestas de lujo.<\/h2>\n\n\n\n<p>Esta noche se celebran los\u00a0<strong>Premios Mart\u00edn Fierro Digital<\/strong>\u00a0y las<em>\u00a0celebrities\u00a0<\/em>ya pasaron por la alfombra roja del evento con sus mejores apuestas de moda. Entre los invitados se encuentran\u00a0<strong>Julieta Poggio<\/strong>,\u00a0<strong>Lizardo Ponce<\/strong>,\u00a0<strong>Sof\u00eda \u201cJujuy\u201d Jim\u00e9nez<\/strong>,\u00a0<strong>Cami Mayan<\/strong>y<strong>Flor de la V<\/strong>, entre muchos otros m\u00e1s. Te mostramos los mejores looks de la noche.<\/p>\n\n\n\n<h2 class=\"wp-block-heading\">Cami Mayan, a puro glamour<\/h2>\n\n\n\n<p>La exnovia de<strong>Alexis Mac Allister<\/strong>desfil\u00f3 por la<em>\u00a0red carpet\u00a0<\/em>con un look de alto impacto. Eligi\u00f3 un\u00a0<strong>maxivestido de sat\u00e9n off white con falda XXL<\/strong>\u00a0con tajo en la pierna derecha y lo combin\u00f3 con pantymedias total\u00a0<em>black\u00a0<\/em>y zapatos con pulsera de brillos y terminaci\u00f3n en punta.<\/p>\n\n\n\n<figure class=\"wp-block-image\"><img decoding=\"async\" src=\"https:\/\/tn.com.ar\/resizer\/v2\/camila-mayan-en-los-martin-fierro-foto-movilpress-5MGQDEJPMVHIXOYEBN4G6TNB6I.JPG?auth=3bae1a136ee2a0ef3564100597f99fe96cdd340647999c42d2ded90243aa6a9b&amp;width=767\" alt=\"Camila Mayan en los Mart\u00edn Fierro. (Foto: Movilpress).\"\/><figcaption class=\"wp-element-caption\">Camila Mayan en los Mart\u00edn Fierro. (Foto: Movilpress).<\/figcaption><\/figure>\n\n\n\n<h2 class=\"wp-block-heading\">Flor de la V apost\u00f3 al total black<\/h2>\n\n\n\n<p>La conductora lleg\u00f3 al evento con un impactantelook en total&nbsp;<em>black<\/em>de los pies a la cabeza.&nbsp;<em>Glamourosa&nbsp;<\/em>como ella sola, luci\u00f3 un&nbsp;<strong>vestido ajustad\u00edsimo al cuerpo con mangas abullonadas \u201cestilo jam\u00f3n\u201d y falda midi con tajo<\/strong>&nbsp;que combin\u00f3 con unos&nbsp;<strong>guantes de cuero<\/strong>&nbsp;negros. \u00bfEl calzado? Un par de botas bucaneras de charol con taco XXL.<\/p>\n\n\n\n<figure class=\"wp-block-image\"><img decoding=\"async\" src=\"https:\/\/tn.com.ar\/resizer\/v2\/flor-de-la-v-en-total-black-foto-movilpress-Y67XFQXA5BETXKLAVUFHH6ZCJQ.JPG?auth=a87e5f3bc0487915d82141fe6f18427803393d1ffd8abd74ccb7d3aeda0e3155&amp;width=767\" alt=\"Flor de la V en total black. (Foto: Movilpress).\"\/><figcaption class=\"wp-element-caption\">Flor de la V en total black. (Foto: Movilpress).<\/figcaption><\/figure>\n\n\n\n<h2 class=\"wp-block-heading\">Lucas Spadafora, de negro y con brillos<\/h2>\n\n\n\n<p>El<em>&nbsp;YouTuber<\/em>&nbsp;deslumbr\u00f3 a las c\u00e1maras con un look&nbsp;<em>black and white&nbsp;<\/em>con muchos brillos. Llev\u00f3 puesto un&nbsp;<strong>catsuit de sastrer\u00eda negro cubierto de lentejuelas<\/strong>&nbsp;que acompa\u00f1\u00f3 por debajo con una&nbsp;<strong>camisa<\/strong><em><strong>&nbsp;off white<\/strong><\/em><strong>&nbsp;lisa<\/strong>&nbsp;y un<strong>&nbsp;lazo de sat\u00e9n negro<\/strong>.<\/p>\n\n\n\n<figure class=\"wp-block-image\"><img decoding=\"async\" src=\"https:\/\/tn.com.ar\/resizer\/v2\/lucas-spadafora-con-look-total-black-y-brillos-foto-movilpress-3JAAW2PUVNCHFARDICV5MK5IKE.JPG?auth=2505f751278672842f6675f4aec18fb98762d871a40d43399d572e47d8b57a5d&amp;width=767\" alt=\"Lucas Spadafora con look total black y brillos. (Foto: Movilpress).\"\/><figcaption class=\"wp-element-caption\">Lucas Spadafora con look total black y brillos. (Foto: Movilpress).<\/figcaption><\/figure>\n\n\n\n<h2 class=\"wp-block-heading\">Julieta Poggio, de plateado<\/h2>\n\n\n\n<p>La exhermanita no pudo faltar en el evento. La actriz arras\u00f3 con un&nbsp;<strong>vestido de un solo hombro en color plateado&nbsp;<\/strong>que complement\u00f3 por debajo con un&nbsp;<em><strong>crop top&nbsp;<\/strong><\/em><strong>total&nbsp;<\/strong><em><strong>black<\/strong><\/em><strong>&nbsp;semitransparente<\/strong>.<\/p>\n\n\n\n<figure class=\"wp-block-image\"><img decoding=\"async\" src=\"https:\/\/tn.com.ar\/resizer\/v2\/julieta-poggio-con-brillos-en-la-noche-portena-foto-movilpress-C4PP34O7LFFHNDGCOMA5ARCYQY.JPG?auth=80b71af66601825419bbc4de5299266ad501caef6db81d345ab1119fcdf9ecce&amp;width=767\" alt=\"Julieta Poggio con brillos en la noche porte\u00f1a. (Foto: Movilpress).\"\/><figcaption class=\"wp-element-caption\">Julieta Poggio con brillos en la noche porte\u00f1a. (Foto: Movilpress).<\/figcaption><\/figure>\n\n\n\n<h2 class=\"wp-block-heading\">Alejandra Maglietti: fan de las aberturas<\/h2>\n\n\n\n<p>La&nbsp;<em>influencer&nbsp;<\/em>deslumbr\u00f3 en la noche porte\u00f1a con un look total&nbsp;<em>black<\/em>&nbsp;de alto impacto. Fan\u00e1tica de lo audaz, se luci\u00f3 con un&nbsp;<strong>vestido ajustad\u00edsimo al cuerpo con m\u00faltiples aberturas&nbsp;<\/strong><em><strong>cut out<\/strong><\/em>en la falda y en la zona del escote. La pieza superior del dise\u00f1o tiene<strong>&nbsp;escote coraz\u00f3n<\/strong>&nbsp;y es de mangas largas. La falda, en tanto, es largu\u00edsima y cuenta con un&nbsp;<strong>enorme tajo&nbsp;<\/strong>en la pierna izquierda.<\/p>\n\n\n\n<figure class=\"wp-block-image\"><img decoding=\"async\" src=\"https:\/\/tn.com.ar\/resizer\/v2\/alejandra-maglietti-con-look-total-black-foto-movilpress-7H3323SVZFHBNLJVJWS5OHYLHA.JPG?auth=97b5d67b742467c8066ddad1e20fce03b235b2abc7c273efa7f9e7a7c87f6ecc&amp;width=767\" alt=\"Alejandra Maglietti con look total black. (Foto: Movilpress).\"\/><figcaption class=\"wp-element-caption\">Alejandra Maglietti con look total black. (Foto: Movilpress).<\/figcaption><\/figure>\n\n\n\n<h2 class=\"wp-block-heading\">Julieta Puente apost\u00f3 al color<\/h2>\n\n\n\n<p>Julieta Puente, mejor conocida como \u201c<em>La Britney del Cardio<\/em>\u201d, arras\u00f3 en la alfombra roja con un look muy colorido. Fan\u00e1tica de la moda y antenta a las tendencias como ninguna, se luci\u00f3 con un&nbsp;<strong>vestido semitransparente en azul Francia<\/strong>. \u00bfLos detalles? Es de mangas largas, tiene una falda largu\u00edsima con tajo en la pierna izquierda y cuenta con&nbsp;<strong>pezoneras plateadas en forma de estrella de mar<\/strong>.<\/p>\n\n\n\n<figure class=\"wp-block-image\"><img decoding=\"async\" src=\"https:\/\/tn.com.ar\/resizer\/v2\/julieta-puente-aposto-al-color-y-las-transparencias-foto-movilpress-2LQKIJWWRVCO5D2IV6ML5UIEVU.JPG?auth=af8865c0ce47ef575bb48338576c8a5b5f99e25c8e43a6ca99b857a447c52bb0&amp;width=767\" alt=\"Julieta Puente apost\u00f3 al color y las transparencias. (Foto: Movilpress).\"\/><figcaption class=\"wp-element-caption\">Julieta Puente apost\u00f3 al color y las transparencias. (Foto: Movilpress).<\/figcaption><\/figure>\n\n\n\n<h2 class=\"wp-block-heading\">Sof\u00eda \u201cJujuy\u201d Jim\u00e9nez a puro brillo<\/h2>\n\n\n\n<p>La&nbsp;<em>influencer<\/em>&nbsp;fue por todo y m\u00e1s: apost\u00f3 por los brillos y marc\u00f3 tendencia con un&nbsp;<strong>vestido de base negra con efecto corset<\/strong>&nbsp;cubierto por encima con m\u00faltiples&nbsp;<strong>apliques de<\/strong><em><strong>&nbsp;strass&nbsp;<\/strong><\/em><strong>plateados<\/strong>. \u00bfEl toque final del look? Se puso&nbsp;<strong>extensiones XXL<\/strong>&nbsp;y luci\u00f3 el pelo largu\u00edsimo y muy lacio.<\/p>\n\n\n\n<figure class=\"wp-block-image\"><img decoding=\"async\" src=\"https:\/\/tn.com.ar\/resizer\/v2\/sofia-jujuy-jimenez-a-puro-brillo-foto-movilpress-HCNOLZ5WTFBK3ONXFKLSF3ONIM.JPG?auth=ddb45136d37600b0668e54c0dd1bbae485e48595a7facf58fc9b07546bd5bcef&amp;width=767\" alt=\"Sof\u00eda &quot;Jujuy&quot; Jim\u00e9nez a puro brillo. (Foto: Movilpress).\"\/><figcaption class=\"wp-element-caption\">Sof\u00eda &#8220;Jujuy&#8221; Jim\u00e9nez a puro brillo. (Foto: Movilpress).<\/figcaption><\/figure>\n\n\n\n<h2 class=\"wp-block-heading\">Lizardo Ponce con sastrer\u00eda<\/h2>\n\n\n\n<p>Lizardo Ponce pos\u00f3 para los flashes con un traje de sastrer\u00eda negro conformado por un&nbsp;<strong>saco<\/strong><em><strong>&nbsp;blazer oversized<\/strong><\/em><strong>&nbsp;con hombreras<\/strong>&nbsp;y un&nbsp;<strong>pantal\u00f3n de vestir de corte recto<\/strong>. Lo combin\u00f3 por debajo con una camisa off white lisa y coron\u00f3 el estilismo con un par de zapatos total&nbsp;<em>black<\/em>.<\/p>\n\n\n\n<figure class=\"wp-block-image\"><img decoding=\"async\" src=\"https:\/\/tn.com.ar\/resizer\/v2\/lizardo-ponce-en-traje-foto-movilpress-JATPICKWJ5DIPH3T3MUIRILZ5E.JPG?auth=2ea505018a06b15ff284cdf0736be1f46131fac92720bacde2151473de46b431&amp;width=767\" alt=\"Lizardo Ponce en traje. (Foto: Movilpress).\"\/><figcaption class=\"wp-element-caption\">Lizardo Ponce en traje. (Foto: Movilpress).<\/figcaption><\/figure>\n\n\n\n<h2 class=\"wp-block-heading\">Sofi Mart\u00ednez a puro negro<\/h2>\n\n\n\n<p>La periodista deportiva deslumbr\u00f3 en la noche porte\u00f1a con un<strong>&nbsp;vestido&nbsp;<\/strong><em><strong>strapless<\/strong><\/em><strong>&nbsp;total<\/strong><em><strong>&nbsp;black&nbsp;<\/strong><\/em>superajustado al cuerpo con<strong>&nbsp;escote coraz\u00f3n y falda XXL con tajo<\/strong>. Complement\u00f3 la prenda estrella con un par de&nbsp;<strong>guantes mitones&nbsp;<\/strong>que le llegan al hombro.<\/p>\n\n\n\n<figure class=\"wp-block-image\"><img decoding=\"async\" src=\"https:\/\/tn.com.ar\/resizer\/v2\/sofi-martinez-en-total-black-foto-movilpress-6EMEKWGBERHXHK2DVKKJHGETYI.jpg?auth=edc43eaedf0816ff6070affdab2ee5d8dd72946fae5b103bed485cac52518b19&amp;width=767\" alt=\"Sofi Mart\u00ednez en total black. (Foto: Movilpress).\"\/><figcaption class=\"wp-element-caption\">Sofi Mart\u00ednez en total black. (Foto: Movilpress).<\/figcaption><\/figure>\n","protected":false},"excerpt":{"rendered":"<p>Los famosos desfilaron por la red carpet del evento con apuestas de lujo. Esta noche se celebran los\u00a0Premios Mart\u00edn Fierro Digital\u00a0y las\u00a0celebrities\u00a0ya pasaron por la alfombra roja del evento con&hellip; <\/p>\n","protected":false},"author":12,"featured_media":160422,"comment_status":"closed","ping_status":"open","sticky":false,"template":"","format":"standard","meta":{"footnotes":""},"categories":[19],"tags":[],"class_list":["post-160413","post","type-post","status-publish","format-standard","has-post-thumbnail","hentry","category-espectaculos"],"_links":{"self":[{"href":"https:\/\/corrientesdetarde.com\/index.php\/wp-json\/wp\/v2\/posts\/160413","targetHints":{"allow":["GET"]}}],"collection":[{"href":"https:\/\/corrientesdetarde.com\/index.php\/wp-json\/wp\/v2\/posts"}],"about":[{"href":"https:\/\/corrientesdetarde.com\/index.php\/wp-json\/wp\/v2\/types\/post"}],"author":[{"embeddable":true,"href":"https:\/\/corrientesdetarde.com\/index.php\/wp-json\/wp\/v2\/users\/12"}],"replies":[{"embeddable":true,"href":"https:\/\/corrientesdetarde.com\/index.php\/wp-json\/wp\/v2\/comments?post=160413"}],"version-history":[{"count":1,"href":"https:\/\/corrientesdetarde.com\/index.php\/wp-json\/wp\/v2\/posts\/160413\/revisions"}],"predecessor-version":[{"id":160423,"href":"https:\/\/corrientesdetarde.com\/index.php\/wp-json\/wp\/v2\/posts\/160413\/revisions\/160423"}],"wp:featuredmedia":[{"embeddable":true,"href":"https:\/\/corrientesdetarde.com\/index.php\/wp-json\/wp\/v2\/media\/160422"}],"wp:attachment":[{"href":"https:\/\/corrientesdetarde.com\/index.php\/wp-json\/wp\/v2\/media?parent=160413"}],"wp:term":[{"taxonomy":"category","embeddable":true,"href":"https:\/\/corrientesdetarde.com\/index.php\/wp-json\/wp\/v2\/categories?post=160413"},{"taxonomy":"post_tag","embeddable":true,"href":"https:\/\/corrientesdetarde.com\/index.php\/wp-json\/wp\/v2\/tags?post=160413"}],"curies":[{"name":"wp","href":"https:\/\/api.w.org\/{rel}","templated":true}]}}