{"id":160415,"date":"2024-08-19T23:07:52","date_gmt":"2024-08-20T02:07:52","guid":{"rendered":"https:\/\/corrientesdetarde.com\/?p=160415"},"modified":"2024-08-19T23:08:04","modified_gmt":"2024-08-20T02:08:04","slug":"adolescente-llevo-un-arma-de-fuego-a-una-escuela-de-corrientes","status":"publish","type":"post","link":"https:\/\/corrientesdetarde.com\/index.php\/policiales\/adolescente-llevo-un-arma-de-fuego-a-una-escuela-de-corrientes\/","title":{"rendered":"Adolescente llev\u00f3 un arma de fuego a una Escuela de Corrientes"},"content":{"rendered":"\n<p><strong>Un episodio inquietante sacudi\u00f3 el Colegio Secundario Dr. Luis Federico Leloir cuando un joven de 15 a\u00f1os ingres\u00f3 al establecimiento con un arma de fuego. El menor, que portaba un rev\u00f3lver calibre .22 corto, fue visto tom\u00e1ndose selfies en el ba\u00f1o de la escuela.<\/strong><\/p>\n\n\n\n<p>El hecho fue detectado por varios compa\u00f1eros que alertaron inmediatamente a las autoridades escolares. Aunque la direcci\u00f3n del colegio intent\u00f3&nbsp;minimizar el incidente, la noticia se propag\u00f3 r\u00e1pidamente entre los padres y tutores.<\/p>\n\n\n\n<p>Una madre, quien lleg\u00f3 al colegio tras escuchar la noticia en la radio, relat\u00f3: \u201c<strong>Vine urgente a buscar a mi hija. La directora me dijo que no hab\u00eda pasado nada, pero yo vi el arma en el escritorio<\/strong>&#8220;.&nbsp;Otro padre coment\u00f3 que el adolescente ya hab\u00eda tra\u00eddo el arma al colegio en ocasiones anteriores.<\/p>\n\n\n\n<p>Las autoridades del colegio tomaron medidas para manejar la situaci\u00f3n de manera discreta, mientras se contin\u00faa investigando el suceso y se eval\u00faan las acciones a seguir.<\/p>\n","protected":false},"excerpt":{"rendered":"<p>Un episodio inquietante sacudi\u00f3 el Colegio Secundario Dr. Luis Federico Leloir cuando un joven de 15 a\u00f1os ingres\u00f3 al establecimiento con un arma de fuego. El menor, que portaba un&hellip; <\/p>\n","protected":false},"author":12,"featured_media":160418,"comment_status":"closed","ping_status":"open","sticky":false,"template":"","format":"standard","meta":{"footnotes":""},"categories":[33],"tags":[],"class_list":["post-160415","post","type-post","status-publish","format-standard","has-post-thumbnail","hentry","category-policiales"],"_links":{"self":[{"href":"https:\/\/corrientesdetarde.com\/index.php\/wp-json\/wp\/v2\/posts\/160415","targetHints":{"allow":["GET"]}}],"collection":[{"href":"https:\/\/corrientesdetarde.com\/index.php\/wp-json\/wp\/v2\/posts"}],"about":[{"href":"https:\/\/corrientesdetarde.com\/index.php\/wp-json\/wp\/v2\/types\/post"}],"author":[{"embeddable":true,"href":"https:\/\/corrientesdetarde.com\/index.php\/wp-json\/wp\/v2\/users\/12"}],"replies":[{"embeddable":true,"href":"https:\/\/corrientesdetarde.com\/index.php\/wp-json\/wp\/v2\/comments?post=160415"}],"version-history":[{"count":1,"href":"https:\/\/corrientesdetarde.com\/index.php\/wp-json\/wp\/v2\/posts\/160415\/revisions"}],"predecessor-version":[{"id":160419,"href":"https:\/\/corrientesdetarde.com\/index.php\/wp-json\/wp\/v2\/posts\/160415\/revisions\/160419"}],"wp:featuredmedia":[{"embeddable":true,"href":"https:\/\/corrientesdetarde.com\/index.php\/wp-json\/wp\/v2\/media\/160418"}],"wp:attachment":[{"href":"https:\/\/corrientesdetarde.com\/index.php\/wp-json\/wp\/v2\/media?parent=160415"}],"wp:term":[{"taxonomy":"category","embeddable":true,"href":"https:\/\/corrientesdetarde.com\/index.php\/wp-json\/wp\/v2\/categories?post=160415"},{"taxonomy":"post_tag","embeddable":true,"href":"https:\/\/corrientesdetarde.com\/index.php\/wp-json\/wp\/v2\/tags?post=160415"}],"curies":[{"name":"wp","href":"https:\/\/api.w.org\/{rel}","templated":true}]}}