{"id":160432,"date":"2024-08-20T00:02:21","date_gmt":"2024-08-20T03:02:21","guid":{"rendered":"https:\/\/corrientesdetarde.com\/?p=160432"},"modified":"2024-08-20T00:02:33","modified_gmt":"2024-08-20T03:02:33","slug":"una-senadora-voto-a-favor-de-la-ley-bases-para-llegar-a-la-unesco-pero-su-asuncion-no-se-concreto","status":"publish","type":"post","link":"https:\/\/corrientesdetarde.com\/index.php\/politica\/una-senadora-voto-a-favor-de-la-ley-bases-para-llegar-a-la-unesco-pero-su-asuncion-no-se-concreto\/","title":{"rendered":"Una senadora vot\u00f3 a favor de la Ley Bases para llegar a la Unesco, pero su asunci\u00f3n no se concret\u00f3"},"content":{"rendered":"\n<p>Tras la pol\u00e9mica que gener\u00f3 la noticia del ofrecimiento del Gobierno a un d\u00eda de votar la mega iniciativa, se enfr\u00eda la posibilidad de que Lucila Crexell sea designada embajadora del organismo.<\/p>\n\n\n\n<p>Dos meses atr\u00e1s, en la antesala de la aprobaci\u00f3n de la\u00a0<strong>Ley Bases<\/strong>, se conoci\u00f3 la noticia de que\u00a0el Gobierno nacional hab\u00eda presentado la candidatura de la senadora por Neuqu\u00e9n,\u00a0<strong>Lucila Crexell<\/strong>, para ocupar el cargo de embajadora de Argentina ante la\u00a0<strong>Unesco\u00a0<\/strong>en Par\u00eds.<\/p>\n\n\n\n<p>La propuesta, que lleg\u00f3 un d\u00eda&nbsp;antes de la votaci\u00f3n crucial en la C\u00e1mara Alta, estuvo rodeada de controversia y varios la vincularon&nbsp;a negociaciones previas que asegurar\u00edan el apoyo de le legisladora a la iniciativa. Sin embargo, el ofrecimiento al que aspiraba Crexell&nbsp;hasta ahora no se lleg\u00f3 a concretar.&nbsp;<\/p>\n\n\n\n<p>En ese momento, tuvo que salir a negar\u00a0que la propuesta del Gobierno hab\u00eda sido\u00a0a cambio de su apoyo a\u00a0la\u00a0<strong>Ley Bases\u00a0<\/strong>y que el motivo de su voto a favor era\u00a0por un acuerdo previo con el gobernador Rolando Figueroa. La pol\u00e9mica pasaba por el hecho de haber cambiado su postura inicial ante la normativa.<\/p>\n\n\n\n<p>Sin embargo, hab\u00eda sido apuntado por dirigentes del oficialismo como Oscar Zago, quien\u00a0reconoci\u00f3 que el traspaso de\u00a0<strong>Crexell\u00a0<\/strong>a la\u00a0<strong>Unesco\u00a0<\/strong>fue por su respaldo en la\u00a0<strong>Ley Bases<\/strong>.<\/p>\n\n\n\n<p>&#8220;No lleg\u00f3 nada, y todo indica que tampoco va a llegar&#8221;, se\u00f1alaron a\u00a0<em>La Naci\u00f3n<\/em>\u00a0fuentes de\u00a0la comisi\u00f3n de Acuerdos del Senado, lugar donde deb\u00eda arribar el pliego de\u00a0<strong>Crexell<\/strong>.<\/p>\n\n\n\n<ul class=\"wp-block-list\"><\/ul>\n\n\n\n<p>Seg\u00fan indicaron en ese medio, desde Casa Rosada eval\u00faan la inconveniencia de que&nbsp;<strong>Crexell&nbsp;<\/strong>deje esa banca para que la asuma su suplente, el radical&nbsp;Pablo Cervi, hombre cercano a&nbsp;Mart\u00edn Lousteau, ac\u00e9rrimo opositor a Javier Milei.<\/p>\n\n\n\n<p>&#8220;No nos sobran votos en el Senado&#8221;, confirm\u00f3 a&nbsp;<em>La Naci\u00f3n<\/em>&nbsp;un alto funcionario del oficialismo ante el episodio que todav\u00eda promete dar varios cap\u00edtulos por delante.<\/p>\n","protected":false},"excerpt":{"rendered":"<p>Tras la pol\u00e9mica que gener\u00f3 la noticia del ofrecimiento del Gobierno a un d\u00eda de votar la mega iniciativa, se enfr\u00eda la posibilidad de que Lucila Crexell sea designada embajadora&hellip; <\/p>\n","protected":false},"author":12,"featured_media":160438,"comment_status":"closed","ping_status":"open","sticky":false,"template":"","format":"standard","meta":{"footnotes":""},"categories":[3],"tags":[],"class_list":["post-160432","post","type-post","status-publish","format-standard","has-post-thumbnail","hentry","category-politica"],"_links":{"self":[{"href":"https:\/\/corrientesdetarde.com\/index.php\/wp-json\/wp\/v2\/posts\/160432","targetHints":{"allow":["GET"]}}],"collection":[{"href":"https:\/\/corrientesdetarde.com\/index.php\/wp-json\/wp\/v2\/posts"}],"about":[{"href":"https:\/\/corrientesdetarde.com\/index.php\/wp-json\/wp\/v2\/types\/post"}],"author":[{"embeddable":true,"href":"https:\/\/corrientesdetarde.com\/index.php\/wp-json\/wp\/v2\/users\/12"}],"replies":[{"embeddable":true,"href":"https:\/\/corrientesdetarde.com\/index.php\/wp-json\/wp\/v2\/comments?post=160432"}],"version-history":[{"count":1,"href":"https:\/\/corrientesdetarde.com\/index.php\/wp-json\/wp\/v2\/posts\/160432\/revisions"}],"predecessor-version":[{"id":160439,"href":"https:\/\/corrientesdetarde.com\/index.php\/wp-json\/wp\/v2\/posts\/160432\/revisions\/160439"}],"wp:featuredmedia":[{"embeddable":true,"href":"https:\/\/corrientesdetarde.com\/index.php\/wp-json\/wp\/v2\/media\/160438"}],"wp:attachment":[{"href":"https:\/\/corrientesdetarde.com\/index.php\/wp-json\/wp\/v2\/media?parent=160432"}],"wp:term":[{"taxonomy":"category","embeddable":true,"href":"https:\/\/corrientesdetarde.com\/index.php\/wp-json\/wp\/v2\/categories?post=160432"},{"taxonomy":"post_tag","embeddable":true,"href":"https:\/\/corrientesdetarde.com\/index.php\/wp-json\/wp\/v2\/tags?post=160432"}],"curies":[{"name":"wp","href":"https:\/\/api.w.org\/{rel}","templated":true}]}}