{"id":160465,"date":"2024-08-20T09:24:03","date_gmt":"2024-08-20T12:24:03","guid":{"rendered":"https:\/\/corrientesdetarde.com\/?p=160465"},"modified":"2024-08-20T09:24:07","modified_gmt":"2024-08-20T12:24:07","slug":"una-por-una-todas-las-transferencias-que-hizo-el-comisario-maciel-despues-de-la-desaparicion-de-loan","status":"publish","type":"post","link":"https:\/\/corrientesdetarde.com\/index.php\/policiales\/una-por-una-todas-las-transferencias-que-hizo-el-comisario-maciel-despues-de-la-desaparicion-de-loan\/","title":{"rendered":"Una por una, todas las transferencias que hizo el comisario Maciel despu\u00e9s de la desaparici\u00f3n de Loan"},"content":{"rendered":"\n<h3 class=\"wp-block-heading\">La Justicia investiga una serie de movimientos que se registraron en la cuenta del imputado tres d\u00edas despu\u00e9s de la desaparici\u00f3n del nene de cinco a\u00f1os.<\/h3>\n\n\n\n<p>La Justicia revel\u00f3\u00a0<strong>todas las transferencias que hizo y que recibi\u00f3 el comisario Walter Maciel\u00a0<\/strong>durante los d\u00edas posteriores a la desaparici\u00f3n de\u00a0Loan Danilo Pe\u00f1a, el nene de cinco a\u00f1os que lleva 67 d\u00edas desaparecido en Corrientes.<\/p>\n\n\n\n<p>Los datos surgen de un informe que realiz\u00f3 la Polic\u00eda de Seguridad Aeroportuaria (PSA) a pedido de la jueza federal\u00a0<strong>Cristina Pozzer Penzo<\/strong>,quien solicit\u00f3 que se investiguen las cuentas bancarias y las billeteras virtuales de los imputados en la causa y de la familia de Loan Danilo Pe\u00f1a.<\/p>\n\n\n\n<p>Dos movimientos de dinero son los que tiene en la mira la Justicia relacionados con la cuenta del comisario Walter Adri\u00e1n Maciel. El primero se registr\u00f3 durante el mediod\u00eda del 13 de junio, tres d\u00edas despu\u00e9s de la\u00a0desaparici\u00f3n del nene de cinco a\u00f1os.\u00a0All\u00ed Maciel recibi\u00f3 una transferencia de\u00a0<strong>$170.000\u00a0<\/strong>por parte de una cuenta de Mercado Pago a nombre de Jos\u00e9 Robledo.<\/p>\n\n\n\n<p>Ese mismo d\u00eda, pero una hora despu\u00e9s, el comisario&nbsp;<strong>se transfiri\u00f3 pr\u00e1cticamente el mismo monto<\/strong>&nbsp;desde su cuenta de la billetera virtual hacia una cuenta bancaria de la entidad&nbsp;<em>Naranja Compahia Financiera S.A.<\/em><\/p>\n\n\n\n<p>Seg\u00fan pudo saber&nbsp;<strong>TN,<\/strong>&nbsp;los investigadores obtuvieron los datos del hombre que le hab\u00eda transferido a Maciel esa suma de dinero. De esa manera confirmaron que Robledo trabaja como \u201c<strong>Corporal en la Polic\u00eda de la Provincia de Corrientes\u201d,&nbsp;<\/strong>por lo que se cree que estar\u00eda relacionado con el \u00e1mbito laboral de Maciel.<\/p>\n\n\n\n<figure class=\"wp-block-image\"><img decoding=\"async\" src=\"https:\/\/tn.com.ar\/resizer\/v2\/que-le-pediria-el-hermano-de-loan-a-su-tia-laudelina-foto-gentileza-eltrece-S2RB62LTBBHC3IYTCHXTUDZ5FY.jpg?auth=51c0e216229b53d2fd16e03121d017a0bfee8fd97d27862f52c3153aa33073e1&amp;width=767\" alt=\"Qu\u00e9 le pedir\u00eda el hermano de Loan a su t\u00eda Laudelina. (Foto: Gentileza eltrece)\"\/><figcaption class=\"wp-element-caption\">Qu\u00e9 le pedir\u00eda el hermano de Loan a su t\u00eda Laudelina. (Foto: Gentileza eltrece)<\/figcaption><\/figure>\n\n\n\n<p>La segunda de las transferencias es<strong>\u00a0la m\u00e1s sospechosa de las dos<\/strong>.No por la cifra que recibi\u00f3 el jefe de la comisar\u00eda de 9 de julio, sino por la relaci\u00f3n que hay entre la persona que le mand\u00f3 el dinero y el hoy\u00a0imputado por los delitos de \u201csustracci\u00f3n y ocultamiento\u201d.<\/p>\n\n\n\n<p>El 15 de julio, el comisario recibi\u00f3 una transferencia de&nbsp;<strong>$50.000<\/strong>&nbsp;por parte de una cuenta que est\u00e1 a nombre de&nbsp;<strong>Juan Jos\u00e9 Dom\u00ednguez Perrens.&nbsp;<\/strong>Lo llamativo es que la raz\u00f3n del pago que aparece en la aplicaci\u00f3n reza&nbsp;<strong>\u201cpara Loan\u201d.&nbsp;<\/strong>Desde la Justicia sospechan de esto por dos motivos.<\/p>\n\n\n\n<p>El primero es que no encuentran elementos que den cuenta de que Maciel\u00a0<strong>haya publicado o difundido su alias o su CBU\u00a0<\/strong>para recibir donaciones de la gente, como s\u00ed hizo Mariano Pe\u00f1a \u2014el hermano de Loan\u2014 a trav\u00e9s de los medios.<\/p>\n\n\n\n<p>Mientras que la investigaci\u00f3n que se realiz\u00f3 sobre el perfil de la persona que transfiri\u00f3 el dinero se\u00f1al\u00f3 que no habr\u00eda un v\u00ednculo con Walter Maciel. Es as\u00ed que, hoy por hoy, para la Justicia<strong>&nbsp;no hay un fundamento para la transferencia y su raz\u00f3n de pago.<\/strong><\/p>\n","protected":false},"excerpt":{"rendered":"<p>La Justicia investiga una serie de movimientos que se registraron en la cuenta del imputado tres d\u00edas despu\u00e9s de la desaparici\u00f3n del nene de cinco a\u00f1os. La Justicia revel\u00f3\u00a0todas las&hellip; <\/p>\n","protected":false},"author":12,"featured_media":160474,"comment_status":"closed","ping_status":"open","sticky":false,"template":"","format":"standard","meta":{"footnotes":""},"categories":[33],"tags":[],"class_list":["post-160465","post","type-post","status-publish","format-standard","has-post-thumbnail","hentry","category-policiales"],"_links":{"self":[{"href":"https:\/\/corrientesdetarde.com\/index.php\/wp-json\/wp\/v2\/posts\/160465","targetHints":{"allow":["GET"]}}],"collection":[{"href":"https:\/\/corrientesdetarde.com\/index.php\/wp-json\/wp\/v2\/posts"}],"about":[{"href":"https:\/\/corrientesdetarde.com\/index.php\/wp-json\/wp\/v2\/types\/post"}],"author":[{"embeddable":true,"href":"https:\/\/corrientesdetarde.com\/index.php\/wp-json\/wp\/v2\/users\/12"}],"replies":[{"embeddable":true,"href":"https:\/\/corrientesdetarde.com\/index.php\/wp-json\/wp\/v2\/comments?post=160465"}],"version-history":[{"count":1,"href":"https:\/\/corrientesdetarde.com\/index.php\/wp-json\/wp\/v2\/posts\/160465\/revisions"}],"predecessor-version":[{"id":160475,"href":"https:\/\/corrientesdetarde.com\/index.php\/wp-json\/wp\/v2\/posts\/160465\/revisions\/160475"}],"wp:featuredmedia":[{"embeddable":true,"href":"https:\/\/corrientesdetarde.com\/index.php\/wp-json\/wp\/v2\/media\/160474"}],"wp:attachment":[{"href":"https:\/\/corrientesdetarde.com\/index.php\/wp-json\/wp\/v2\/media?parent=160465"}],"wp:term":[{"taxonomy":"category","embeddable":true,"href":"https:\/\/corrientesdetarde.com\/index.php\/wp-json\/wp\/v2\/categories?post=160465"},{"taxonomy":"post_tag","embeddable":true,"href":"https:\/\/corrientesdetarde.com\/index.php\/wp-json\/wp\/v2\/tags?post=160465"}],"curies":[{"name":"wp","href":"https:\/\/api.w.org\/{rel}","templated":true}]}}