{"id":160479,"date":"2024-08-20T11:03:26","date_gmt":"2024-08-20T14:03:26","guid":{"rendered":"https:\/\/corrientesdetarde.com\/?p=160479"},"modified":"2024-08-20T11:03:37","modified_gmt":"2024-08-20T14:03:37","slug":"festejaba-su-cumpleanos-en-familia-cuando-un-grupo-de-vecinos-ingreso-a-su-casa-y-lo-golpeo-brutalmente","status":"publish","type":"post","link":"https:\/\/corrientesdetarde.com\/index.php\/policiales\/festejaba-su-cumpleanos-en-familia-cuando-un-grupo-de-vecinos-ingreso-a-su-casa-y-lo-golpeo-brutalmente\/","title":{"rendered":"Festejaba su cumplea\u00f1os en familia cuando un grupo de vecinos ingres\u00f3 a su casa y lo golpe\u00f3 brutalmente"},"content":{"rendered":"\n<h3 class=\"wp-block-heading\">El ataque ocurri\u00f3 frente a sus dos hijas peque\u00f1as. La v\u00edctima se encuentra internada en terapia intensiva con graves heridas.<\/h3>\n\n\n\n<p>Este fin de semana, un hombre se encontraba\u00a0<strong>celebrando su cumplea\u00f1os con su familia<\/strong>\u00a0cuando un grupo de al meno<strong>s seis vecinos ingres\u00f3 a su vivienda y\u00a0lo atac\u00f3 a golpes.<\/strong>Producto de la feroz agresi\u00f3n, la v\u00edctima debi\u00f3 ser internada de urgencia y se encuentra en\u00a0<strong>grave estado.<\/strong><\/p>\n\n\n\n<p>El brutal ataque ocurri\u00f3 en una vivienda del barrio Antiguo Centro de Eldorado,\u00a0Misiones. De acuerdo al testimonio de Mabel, esposa del hombre agredido,\u00a0<strong>todo sucedi\u00f3 de golpe y sin mediar palabra.<\/strong><\/p>\n\n\n\n<p>\u201cNos encontr\u00e1bamos en mi casa festejando el cumplea\u00f1os de mi marido, quien ahora est\u00e1 en coma. \u00c9ramos solo \u00e9l, nuestras dos hijas, una de seis meses y otra de trece a\u00f1os, y yo. De repente,&nbsp;<strong>llega una mujer acompa\u00f1ada por sus hermanos y entran violentamente en la casa.&nbsp;<\/strong>No sabemos cu\u00e1l es el motivo por que en ning\u00fan momento les hicimos nada,\u201d relat\u00f3 Mabel, a\u00fan conmocionada.<\/p>\n\n\n\n<p>Seg\u00fan su testimonio, la situaci\u00f3n se torn\u00f3 violenta r\u00e1pidamente. \u201cA mi marido lo atacaron, lo derribaron, y como estaba tomado por estar festejando su cumplea\u00f1os, no pudo defenderse. Mi&nbsp;<strong>hija de trece a\u00f1os<\/strong>&nbsp;intent\u00f3 intervenir, pero&nbsp;<strong>tambi\u00e9n la agredieron.&nbsp;<\/strong>Esta mujer sac\u00f3 un cuchillo y empez\u00f3 a forcejear conmigo, logr\u00f3 herirme cerca del coraz\u00f3n,\u201d agreg\u00f3.<\/p>\n\n\n\n<figure class=\"wp-block-image\"><img decoding=\"async\" src=\"https:\/\/tn.com.ar\/resizer\/v2\/la-policia-intenta-dar-con-los-agresores-y-determinar-los-motivos-del-ataque-foto-gentileza-el-territorio-WAA5KYG32VDGBC62MTN7HWPOSM.jpg?auth=3bb5faa7b707ed3fb06f0d6ce17f3a729dc5edf0df1e6c22eb917da285d2f5ae&amp;width=767\" alt=\"La polic\u00eda intenta dar con los agresores y determinar los motivos del ataque. (Foto: gentileza El Territorio)\"\/><figcaption class=\"wp-element-caption\">La polic\u00eda intenta dar con los agresores y determinar los motivos del ataque. (Foto: gentileza El Territorio)<\/figcaption><\/figure>\n\n\n\n<p>Producto de la ferocidad del asalto a la v\u00edctima qued\u00f3 en&nbsp;<strong>estado cr\u00edtico<\/strong>. \u201cLe pegaron y&nbsp;<strong>le tiraron una piedra en la cabeza<\/strong>, lo que m\u00e1s le afect\u00f3. Adem\u00e1s, sufri\u00f3 un&nbsp;<strong>corte en la garganta y la fractura del cr\u00e1neo.&nbsp;<\/strong>El aire que entr\u00f3 en la cabeza y pulmones lo tiene ahora con respirador\u201d, explic\u00f3 la esposa de la v\u00edctima al medio&nbsp;<em>Misiones Online.<\/em><\/p>\n\n\n\n<p>Adem\u00e1s, precis\u00f3 que en medio del ataque, un sobrino de la familia lleg\u00f3 al lugar e intent\u00f3 detener la agresi\u00f3n y defender a su t\u00edo, pero tambi\u00e9n result\u00f3 herido. \u201c\u00c9l trat\u00f3 de separarlos para que dejen de golpearlo, pero no pudo, y\u00a0<strong>le clavaron un cuchillo en la boca del est\u00f3mago.<\/strong>\u00a0Tambi\u00e9n tiene golpes en la cara y un corte detr\u00e1s de la oreja\u201d, complet\u00f3 Mabel.<\/p>\n\n\n\n<p>Hasta el momento no se brind\u00f3 un nuevo parte m\u00e9dico, pero el hombre permanece en estado cr\u00edtico.<strong>&nbsp;Tampoco se conoce el motivo del ataque<\/strong>,por lo que la Polic\u00eda se encuentra realizando tareas de investigaci\u00f3n para determinar qu\u00e9 desencaden\u00f3 el violento episodio e identificar a los violentos.<\/p>\n","protected":false},"excerpt":{"rendered":"<p>El ataque ocurri\u00f3 frente a sus dos hijas peque\u00f1as. La v\u00edctima se encuentra internada en terapia intensiva con graves heridas. Este fin de semana, un hombre se encontraba\u00a0celebrando su cumplea\u00f1os&hellip; <\/p>\n","protected":false},"author":12,"featured_media":160500,"comment_status":"closed","ping_status":"open","sticky":false,"template":"","format":"standard","meta":{"footnotes":""},"categories":[33],"tags":[],"class_list":["post-160479","post","type-post","status-publish","format-standard","has-post-thumbnail","hentry","category-policiales"],"_links":{"self":[{"href":"https:\/\/corrientesdetarde.com\/index.php\/wp-json\/wp\/v2\/posts\/160479","targetHints":{"allow":["GET"]}}],"collection":[{"href":"https:\/\/corrientesdetarde.com\/index.php\/wp-json\/wp\/v2\/posts"}],"about":[{"href":"https:\/\/corrientesdetarde.com\/index.php\/wp-json\/wp\/v2\/types\/post"}],"author":[{"embeddable":true,"href":"https:\/\/corrientesdetarde.com\/index.php\/wp-json\/wp\/v2\/users\/12"}],"replies":[{"embeddable":true,"href":"https:\/\/corrientesdetarde.com\/index.php\/wp-json\/wp\/v2\/comments?post=160479"}],"version-history":[{"count":1,"href":"https:\/\/corrientesdetarde.com\/index.php\/wp-json\/wp\/v2\/posts\/160479\/revisions"}],"predecessor-version":[{"id":160501,"href":"https:\/\/corrientesdetarde.com\/index.php\/wp-json\/wp\/v2\/posts\/160479\/revisions\/160501"}],"wp:featuredmedia":[{"embeddable":true,"href":"https:\/\/corrientesdetarde.com\/index.php\/wp-json\/wp\/v2\/media\/160500"}],"wp:attachment":[{"href":"https:\/\/corrientesdetarde.com\/index.php\/wp-json\/wp\/v2\/media?parent=160479"}],"wp:term":[{"taxonomy":"category","embeddable":true,"href":"https:\/\/corrientesdetarde.com\/index.php\/wp-json\/wp\/v2\/categories?post=160479"},{"taxonomy":"post_tag","embeddable":true,"href":"https:\/\/corrientesdetarde.com\/index.php\/wp-json\/wp\/v2\/tags?post=160479"}],"curies":[{"name":"wp","href":"https:\/\/api.w.org\/{rel}","templated":true}]}}