{"id":160481,"date":"2024-08-20T10:55:39","date_gmt":"2024-08-20T13:55:39","guid":{"rendered":"https:\/\/corrientesdetarde.com\/?p=160481"},"modified":"2024-08-20T10:55:43","modified_gmt":"2024-08-20T13:55:43","slug":"a-que-hora-y-donde-se-podra-ver-la-superluna-azul-hoy-en-la-argentina","status":"publish","type":"post","link":"https:\/\/corrientesdetarde.com\/index.php\/informacion-general\/a-que-hora-y-donde-se-podra-ver-la-superluna-azul-hoy-en-la-argentina\/","title":{"rendered":"A qu\u00e9 hora y d\u00f3nde se podr\u00e1 ver la Superluna Azul hoy en la Argentina"},"content":{"rendered":"\n<h3 class=\"wp-block-heading\">Este fen\u00f3meno ocurre cuando la Luna llena coincide con el punto m\u00e1s cercano a la Tierra en su \u00f3rbita. Reci\u00e9n se podr\u00e1 volver a ver en 2027.<\/h3>\n\n\n\n<figure class=\"wp-block-image\"><img decoding=\"async\" src=\"https:\/\/tn.com.ar\/resizer\/v2\/a-que-hora-es-la-superluna-azul-hoy-en-la-argentina-foto-adobe-stock-WAT2V6HGPZCKNETBL5DV7YG5DU.png?auth=159508bab1fd7b7078f1ba0cdcee1a3646c16e677b9858318d497959989f87a3&amp;width=767\" alt=\"A qu\u00e9 hora es la Superluna Azul hoy en la Argentina (Foto: Adobe Stock).\"\/><figcaption class=\"wp-element-caption\">A qu\u00e9 hora es la Superluna Azul hoy en la Argentina (Foto: Adobe Stock).<\/figcaption><\/figure>\n\n\n\n<p>La&nbsp;<strong>Superluna Azul<\/strong>, tambi\u00e9n conocida como&nbsp;<strong>Luna llena de Esturi\u00f3n<\/strong>, se podr\u00e1 ver hoy en toda la Argentina a partir de las<strong>&nbsp;19:00<\/strong>, cuando el sat\u00e9lite alcance su punto m\u00e1ximo de luminosidad y si las condiciones clim\u00e1ticas lo permiten.<\/p>\n\n\n\n<p>Es fundamental contar con un\u00a0<strong>cielo despejado<\/strong>\u00a0o con\u00a0<strong>m\u00ednima nubosidad<\/strong>, ya que las nubes densas pueden obstruir la visibilidad del fen\u00f3meno. Adem\u00e1s, es ideal que no haya neblina ni tormentas, ya que estas condiciones tambi\u00e9n dificultan la observaci\u00f3n. Esto imposibilita la visi\u00f3n desde el \u00c1rea Metropolitana de Buenos Aires, donde est\u00e1 pronosticado un cielo nublado con probabilidad de lluvias.<\/p>\n\n\n\n<p>La Superluna Azul coincide con el punto en que la&nbsp;<strong>Luna est\u00e1 m\u00e1s cerca de la Tierra<\/strong>, lo que la&nbsp;<strong>hace ver hasta un 14% m\u00e1s grande y un 30% m\u00e1s brillante&nbsp;<\/strong>que una luna llena habitual. Este fen\u00f3meno&nbsp;<strong>no requiere de telescopios ni binoculares<\/strong>&nbsp;para ser apreciado, ya que su brillo ser\u00e1 visible a simple vista. Sin embargo, encontrar un lugar oscuro y alejado de la contaminaci\u00f3n lum\u00ednica de la ciudad mejorar\u00e1 la experiencia de observaci\u00f3n.<\/p>\n\n\n\n<p>Este evento astron\u00f3mico es especial debido a su rareza, ya que la&nbsp;<strong>pr\u00f3xima oportunidad para ver una Superluna Azul ser\u00e1 en 2027<\/strong>, lo que hace de esta noche una ocasi\u00f3n imperdible para los amantes de la astronom\u00eda y el p\u00fablico en general. Es un fen\u00f3meno que, aunque no cambia el color de la Luna, tiene un gran atractivo visual por su brillo y tama\u00f1o inusuales.<\/p>\n\n\n\n<figure class=\"wp-block-image\"><img decoding=\"async\" src=\"https:\/\/tn.com.ar\/resizer\/v2\/asi-lucira-la-superluna-azul-de-agosto-de-2024-foto-adobe-stock-RWHRLC2EXVHTTM7RXGKYKBW6WQ.png?auth=bac40cc895783cc6d594050ef91da6b6781d81c19d9258d6d50a0a6488af52ff&amp;width=767\" alt=\"As\u00ed lucir\u00e1 la Superluna Azul de agosto de 2024 (Foto: Adobe Stock).\"\/><figcaption class=\"wp-element-caption\">As\u00ed lucir\u00e1 la Superluna Azul de agosto de 2024 (Foto: Adobe Stock).<\/figcaption><\/figure>\n\n\n\n<p><\/p>\n\n\n\n<h2 class=\"wp-block-heading\">Por qu\u00e9 se le dice Superluna Azul<\/h2>\n\n\n\n<p>El t\u00e9rmino \u201c<strong>Superluna<\/strong>\u201d se refiere a cuando la&nbsp;<strong>Luna llena coincide con el punto m\u00e1s cercano a la Tierra en su \u00f3rbita<\/strong>, lo que hace que se vea m\u00e1s grande y brillante de lo habitual.<\/p>\n\n\n\n<p>Por otro lado, \u201c<strong>Luna Azul<\/strong>\u201d no tiene que ver con el color de la Luna, sino con su&nbsp;<strong>frecuencia<\/strong>: se llama as\u00ed a la segunda luna llena que ocurre en un mismo mes o, alternativamente, a la tercera de cuatro lunas llenas en una estaci\u00f3n. En agosto de 2024, ocurre este raro fen\u00f3meno que combina ambas caracter\u00edsticas.<\/p>\n","protected":false},"excerpt":{"rendered":"<p>Este fen\u00f3meno ocurre cuando la Luna llena coincide con el punto m\u00e1s cercano a la Tierra en su \u00f3rbita. Reci\u00e9n se podr\u00e1 volver a ver en 2027. La&nbsp;Superluna Azul, tambi\u00e9n&hellip; <\/p>\n","protected":false},"author":12,"featured_media":160494,"comment_status":"closed","ping_status":"open","sticky":false,"template":"","format":"standard","meta":{"footnotes":""},"categories":[1],"tags":[],"class_list":["post-160481","post","type-post","status-publish","format-standard","has-post-thumbnail","hentry","category-informacion-general"],"_links":{"self":[{"href":"https:\/\/corrientesdetarde.com\/index.php\/wp-json\/wp\/v2\/posts\/160481","targetHints":{"allow":["GET"]}}],"collection":[{"href":"https:\/\/corrientesdetarde.com\/index.php\/wp-json\/wp\/v2\/posts"}],"about":[{"href":"https:\/\/corrientesdetarde.com\/index.php\/wp-json\/wp\/v2\/types\/post"}],"author":[{"embeddable":true,"href":"https:\/\/corrientesdetarde.com\/index.php\/wp-json\/wp\/v2\/users\/12"}],"replies":[{"embeddable":true,"href":"https:\/\/corrientesdetarde.com\/index.php\/wp-json\/wp\/v2\/comments?post=160481"}],"version-history":[{"count":1,"href":"https:\/\/corrientesdetarde.com\/index.php\/wp-json\/wp\/v2\/posts\/160481\/revisions"}],"predecessor-version":[{"id":160495,"href":"https:\/\/corrientesdetarde.com\/index.php\/wp-json\/wp\/v2\/posts\/160481\/revisions\/160495"}],"wp:featuredmedia":[{"embeddable":true,"href":"https:\/\/corrientesdetarde.com\/index.php\/wp-json\/wp\/v2\/media\/160494"}],"wp:attachment":[{"href":"https:\/\/corrientesdetarde.com\/index.php\/wp-json\/wp\/v2\/media?parent=160481"}],"wp:term":[{"taxonomy":"category","embeddable":true,"href":"https:\/\/corrientesdetarde.com\/index.php\/wp-json\/wp\/v2\/categories?post=160481"},{"taxonomy":"post_tag","embeddable":true,"href":"https:\/\/corrientesdetarde.com\/index.php\/wp-json\/wp\/v2\/tags?post=160481"}],"curies":[{"name":"wp","href":"https:\/\/api.w.org\/{rel}","templated":true}]}}