{"id":160483,"date":"2024-08-20T10:50:09","date_gmt":"2024-08-20T13:50:09","guid":{"rendered":"https:\/\/corrientesdetarde.com\/?p=160483"},"modified":"2024-08-20T10:50:21","modified_gmt":"2024-08-20T13:50:21","slug":"de-mirtha-legrand-con-saco-de-piel-a-juliana-awada-con-brillos-looks-de-los-famosos-en-una-gala-solidaria","status":"publish","type":"post","link":"https:\/\/corrientesdetarde.com\/index.php\/espectaculos\/de-mirtha-legrand-con-saco-de-piel-a-juliana-awada-con-brillos-looks-de-los-famosos-en-una-gala-solidaria\/","title":{"rendered":"De Mirtha Legrand con saco de piel a Juliana Awada con brillos: looks de los famosos en una gala solidaria"},"content":{"rendered":"\n<h3 class=\"wp-block-heading\">Barby Franco, Mar\u00eda Bel\u00e9n Ludue\u00f1a, Flavio Mendoza y Ver\u00f3nica de la Canal son otras de la figuras que brillaron en la cena anual de Margarita Barrientos.<\/h3>\n\n\n\n<p>La cena anual a beneficio de la<strong>\u00a0Fundaci\u00f3n Margarita Barrientos\u00a0<\/strong>tuvo lugar en la noche porte\u00f1a, m\u00e1s espec\u00edficamente en Puerto Madero, y una vez m\u00e1s importantes figuras de la escena local se dieron cita. De\u00a0<strong>Mirtha Legrand\u00a0<\/strong>a\u00a0<strong>Juliana Awada<\/strong>\u00a0y\u00a0<strong>Ver\u00f3nica de la Canal<\/strong>, estos fueron los destacados de la noche.<\/p>\n\n\n\n<h2 class=\"wp-block-heading\">Mirtha Legrand con brillos y piel<\/h2>\n\n\n\n<p>La diva, que como de costumbre acapar\u00f3 los&nbsp;<em>flashes<\/em>&nbsp;durante su llegada, brill\u00f3 con un<strong>&nbsp;vestido largo en color hueso&nbsp;<\/strong>adornado con&nbsp;<strong>bordado plateado en formas abstractas<\/strong>. Fiel a su estilo, lo complement\u00f3 con un&nbsp;<strong>saco de piel beige<\/strong>, anillos de pedrer\u00eda al tono con el vestido, maquillaje de alto impacto con foco en la mirada y su cl\u00e1sico peinado con ondas y volumen.<\/p>\n\n\n\n<figure class=\"wp-block-image\"><img decoding=\"async\" src=\"https:\/\/tn.com.ar\/resizer\/v2\/mirtha-legrand-se-robo-las-miradas-con-su-apuesta-a-puro-brillo-foto-movilpress-HL7UM4MKR5HKFEPXEVZIGF7VJU.jpg?auth=b5aa517f7dff3477e0b506e5cba6f0c6b399f3979810d0db901c6f2d000094c1&amp;width=767\" alt=\"Mirtha Legrand se rob\u00f3 las miradas con su apuesta a puro brillo. (Foto: Movilpress)\"\/><figcaption class=\"wp-element-caption\">Mirtha Legrand se rob\u00f3 las miradas con su apuesta a puro brillo. (Foto: Movilpress)<\/figcaption><\/figure>\n\n\n\n<h2 class=\"wp-block-heading\">Juliana Awada y Mauricio Macri: brillos y sastrer\u00eda azul<\/h2>\n\n\n\n<p>La empresaria y el expresidente no se perdieron el encuentro y se mostraron elegantes de pies a cabeza. Ella opt\u00f3 por un&nbsp;<strong>vestido negro ajustado al cuerpo&nbsp;<\/strong>de mangas largas con&nbsp;<strong>apliques de&nbsp;<\/strong><em><strong>strass<\/strong><\/em><strong>&nbsp;plateado&nbsp;<\/strong>en todo el talle. \u00c9l, cl\u00e1sico, us\u00f3 un<strong>&nbsp;ambo azul marino con camisa blanca&nbsp;<\/strong>y corbata a juego con el equipo de sastrer\u00eda.<\/p>\n\n\n\n<figure class=\"wp-block-image\"><img decoding=\"async\" src=\"https:\/\/tn.com.ar\/resizer\/v2\/juliana-awada-y-mauricio-macri-desplegaron-estilo-foto-movilpress-DHI6XABOABHZNGOWDDHXO2CYHM.jpg?auth=6434c4d6c2ab98db6ae845133e9614e17d47e27b41354002ab594d18b1ec3922&amp;width=767\" alt=\"Juliana Awada y Mauricio Macri desplegaron estilo. (Foto: Movilpress)\"\/><figcaption class=\"wp-element-caption\">Juliana Awada y Mauricio Macri desplegaron estilo. (Foto: Movilpress)<\/figcaption><\/figure>\n\n\n\n<h2 class=\"wp-block-heading\">Barby Franco al rojo vivo<\/h2>\n\n\n\n<p>La modelo eligi\u00f3 un impactante&nbsp;<strong>vestido rojo<\/strong>&nbsp;que combin\u00f3 varias tendencias de la temporada, desde los recortes<em><strong>&nbsp;cut out&nbsp;<\/strong><\/em>a la altura del vientre hasta los adornos de&nbsp;<strong>pedrer\u00eda<\/strong>&nbsp;al tono dispuestos en forma de l\u00edneas y el&nbsp;<strong>escote pronunciado en V.<\/strong>&nbsp;Coron\u00f3 el vestuario con un par de sandalias metalizadas de tiras finas.<\/p>\n\n\n\n<figure class=\"wp-block-image\"><img decoding=\"async\" src=\"https:\/\/tn.com.ar\/resizer\/v2\/barby-franco-de-rojo-y-con-brillos-foto-movilpress-6KN26CB7IRANHAMM74JWAAVLVM.jpg?auth=b26b1b122bfe0d22b0bf73add29f2c206fca7e1ad0084a2dba4f71fa780624cb&amp;width=767\" alt=\"Barby Franco de rojo y con brillos. (Foto: Movilpress)\"\/><figcaption class=\"wp-element-caption\">Barby Franco de rojo y con brillos. (Foto: Movilpress)<\/figcaption><\/figure>\n\n\n\n<h2 class=\"wp-block-heading\">Floppy Tesouro combin\u00f3 transparencias y brillos<\/h2>\n\n\n\n<p>En sinton\u00eda con la tendencia al desnudo que es furor,&nbsp;<strong>Floppy Tesouro<\/strong>&nbsp;deslumbr\u00f3 con un vestido azul de corte&nbsp;<strong>sirena<\/strong>&nbsp;<strong>transl\u00facido<\/strong>&nbsp;con bordado de<strong>&nbsp;pedrer\u00eda brillante al tono en forma de flores<\/strong>&nbsp;y aberturas&nbsp;<em><strong>cut out&nbsp;<\/strong><\/em>en los laterales del vientre. El modelo est\u00e1 firmado por Marian Saud.<\/p>\n\n\n\n<figure class=\"wp-block-image\"><img decoding=\"async\" src=\"https:\/\/tn.com.ar\/resizer\/v2\/floppy-tesouro-a-puro-brillo-transparencias-y-aberturas-cut-out-foto-movilpress-MT5JRXMIIJGEBBPXMZFYMPYEJ4.jpg?auth=c83ff7e06b7cf00595cf531ffb0909cd475d6e2c1f7931ba636f05e74d876e25&amp;width=767\" alt=\"Floppy Tesouro a puro brillo, transparencias y aberturas cut out. (Foto: Movilpress)\"\/><figcaption class=\"wp-element-caption\">Floppy Tesouro a puro brillo, transparencias y aberturas cut out. (Foto: Movilpress)<\/figcaption><\/figure>\n\n\n\n<p>La medi\u00e1tica lleg\u00f3 acompa\u00f1ada de su nuevo novio,&nbsp;<strong>Salvador Becciu<\/strong>, que le sostuvo su abrigo de piel y se luci\u00f3 con un equipo de sastrer\u00eda gris, camisa blanca y corbata de seda azul.<\/p>\n\n\n\n<figure class=\"wp-block-image\"><img decoding=\"async\" src=\"https:\/\/tn.com.ar\/resizer\/v2\/floppy-tesouro-y-su-novio-elegantes-en-la-noche-portena-foto-movilpress-6YBBY43TWBHPBKTWKJHECVJCRE.jpg?auth=b18147205a126a8ee8f0433690b19ea5894c93bb3ec980c5208e2a21d6f7baed&amp;width=767\" alt=\"Floppy Tesouro y su novio, elegantes en la noche porte\u00f1a. (Foto: Movilpress)\"\/><figcaption class=\"wp-element-caption\">Floppy Tesouro y su novio, elegantes en la noche porte\u00f1a. (Foto: Movilpress)<\/figcaption><\/figure>\n\n\n\n<h2 class=\"wp-block-heading\">Ver\u00f3nica de la canal y Flavio Mendoza: dupla con estilo<\/h2>\n\n\n\n<p>La famosa dise\u00f1adora, que siempre se destaca por sus apuestas de alto impacto, brill\u00f3 con un<strong>&nbsp;vestido de&nbsp;<\/strong><em><strong>paillettes<\/strong><\/em><strong>&nbsp;plateados con escote en V<\/strong>, formato robe&nbsp;<em>manteau<\/em>&nbsp;y&nbsp;<strong>falda irregular.<\/strong>&nbsp;Redobl\u00f3 la apuesta y sum\u00f3&nbsp;<strong>bucaneras de l\u00farex en color plata&nbsp;<\/strong>y aros colgantes a juego.<\/p>\n\n\n\n<figure class=\"wp-block-image\"><img decoding=\"async\" src=\"https:\/\/tn.com.ar\/resizer\/v2\/veronica-de-la-canal-y-flavio-mendoza-brillaron-con-sus-apuestas-de-noche-foto-movilpress-HVLDA7CPZFDX3F4QWIUVDQJVVM.jpg?auth=1865186d43d9313aae75c32bdc3ffc8e8b828f4e749414e4cbd3753481fe3768&amp;width=767\" alt=\"Ver\u00f3nica de la Canal y Flavio Mendoza brillaron con sus apuestas de noche. (Foto: Movilpress)\"\/><figcaption class=\"wp-element-caption\">Ver\u00f3nica de la Canal y Flavio Mendoza brillaron con sus apuestas de noche. (Foto: Movilpress)<\/figcaption><\/figure>\n\n\n\n<p>En su llegada fue fotografiada junto a<strong>&nbsp;Flavio Mendoza<\/strong>, que no se qued\u00f3 atr\u00e1s y se luci\u00f3 con una&nbsp;<strong>camisa negra con sectores transl\u00facidos<\/strong>, un&nbsp;<strong>saco de terciopelo verde esmeralda<\/strong>, un pantal\u00f3n negro y zapatos con punta acharolada.<\/p>\n\n\n\n<h2 class=\"wp-block-heading\">Anam\u00e1 Ferreira con traje pantal\u00f3n blanco y complementos de lujo<\/h2>\n\n\n\n<p>La exmodelo apost\u00f3 a la&nbsp;<strong>sastrer\u00eda<\/strong>&nbsp;en&nbsp;<em><strong>total white<\/strong><\/em>: blazer cl\u00e1sico y pantal\u00f3n de corte cigarrillo. Para contrastar con el color de base, opt\u00f3 por una&nbsp;<strong>blusa negra, un aplique floral al tono en la solapa del saco<\/strong>, sandalias a juego con brillos firmadas por&nbsp;<strong>Jimmy Choo<\/strong>&nbsp;y una&nbsp;<em>minibag<\/em>&nbsp;<strong>Chanel<\/strong>&nbsp;de cuero que us\u00f3 a modo de&nbsp;<em><strong>clutch<\/strong><\/em>.<\/p>\n\n\n\n<figure class=\"wp-block-image\"><img decoding=\"async\" src=\"https:\/\/tn.com.ar\/resizer\/v2\/anama-ferreira-con-traje-blanco-y-complementos-negros-foto-movilpress-QGTD3INRJFHRZJE4EPDAXQBWK4.jpg?auth=20b5f97e60feaa38bff96d3c8e45027ba493d746f1e154863d8f9bbc565a8480&amp;width=767\" alt=\"Anam\u00e1 Ferreira con traje blanco y complementos negros. (Foto: Movilpress)\"\/><figcaption class=\"wp-element-caption\">Anam\u00e1 Ferreira con traje blanco y complementos negros. (Foto: Movilpress)<\/figcaption><\/figure>\n\n\n\n<h2 class=\"wp-block-heading\">Mar\u00eda Bel\u00e9n Ludue\u00f1a, de negro y con plumas<\/h2>\n\n\n\n<p>La periodista apost\u00f3 al cl\u00e1sico negro pero con una vuelta de tuerca. De la mano de&nbsp;<strong>Natalia Antol\u00edn<\/strong>, luci\u00f3 un&nbsp;<strong>vestido de silueta ce\u00f1ida con mangas de tul adornadas con plumas&nbsp;<\/strong>y un cinto con un broche de pedrer\u00eda. A su lado,<strong>&nbsp;Jorge Macri luci\u00f3 un traje azul marino con corbata a juego.<\/strong><\/p>\n\n\n\n<figure class=\"wp-block-image\"><img decoding=\"async\" src=\"https:\/\/tn.com.ar\/resizer\/v2\/maria-belen-luduena-y-jorge-macri-en-la-noche-benefica-de-margarita-barrientos-foto-movilpress-3DMAFMIVQFF5ZD6TIO5XLROL7M.jpg?auth=57480b569af9fb4b438d25416b95ef0965b5d7d6e917401387b8f3b2865bfc2c&amp;width=767\" alt=\"Mar\u00eda Bel\u00e9n Ludue\u00f1a y Jorge Macri en la noche ben\u00e9fica de Margarita Barrientos. (Foto: Movilpress)\"\/><figcaption class=\"wp-element-caption\">Mar\u00eda Bel\u00e9n Ludue\u00f1a y Jorge Macri en la noche ben\u00e9fica de Margarita Barrientos. (Foto: Movilpress)<\/figcaption><\/figure>\n","protected":false},"excerpt":{"rendered":"<p>Barby Franco, Mar\u00eda Bel\u00e9n Ludue\u00f1a, Flavio Mendoza y Ver\u00f3nica de la Canal son otras de la figuras que brillaron en la cena anual de Margarita Barrientos. La cena anual a&hellip; <\/p>\n","protected":false},"author":12,"featured_media":160489,"comment_status":"closed","ping_status":"open","sticky":false,"template":"","format":"standard","meta":{"footnotes":""},"categories":[19],"tags":[],"class_list":["post-160483","post","type-post","status-publish","format-standard","has-post-thumbnail","hentry","category-espectaculos"],"_links":{"self":[{"href":"https:\/\/corrientesdetarde.com\/index.php\/wp-json\/wp\/v2\/posts\/160483","targetHints":{"allow":["GET"]}}],"collection":[{"href":"https:\/\/corrientesdetarde.com\/index.php\/wp-json\/wp\/v2\/posts"}],"about":[{"href":"https:\/\/corrientesdetarde.com\/index.php\/wp-json\/wp\/v2\/types\/post"}],"author":[{"embeddable":true,"href":"https:\/\/corrientesdetarde.com\/index.php\/wp-json\/wp\/v2\/users\/12"}],"replies":[{"embeddable":true,"href":"https:\/\/corrientesdetarde.com\/index.php\/wp-json\/wp\/v2\/comments?post=160483"}],"version-history":[{"count":1,"href":"https:\/\/corrientesdetarde.com\/index.php\/wp-json\/wp\/v2\/posts\/160483\/revisions"}],"predecessor-version":[{"id":160490,"href":"https:\/\/corrientesdetarde.com\/index.php\/wp-json\/wp\/v2\/posts\/160483\/revisions\/160490"}],"wp:featuredmedia":[{"embeddable":true,"href":"https:\/\/corrientesdetarde.com\/index.php\/wp-json\/wp\/v2\/media\/160489"}],"wp:attachment":[{"href":"https:\/\/corrientesdetarde.com\/index.php\/wp-json\/wp\/v2\/media?parent=160483"}],"wp:term":[{"taxonomy":"category","embeddable":true,"href":"https:\/\/corrientesdetarde.com\/index.php\/wp-json\/wp\/v2\/categories?post=160483"},{"taxonomy":"post_tag","embeddable":true,"href":"https:\/\/corrientesdetarde.com\/index.php\/wp-json\/wp\/v2\/tags?post=160483"}],"curies":[{"name":"wp","href":"https:\/\/api.w.org\/{rel}","templated":true}]}}