{"id":160484,"date":"2024-08-20T10:47:41","date_gmt":"2024-08-20T13:47:41","guid":{"rendered":"https:\/\/corrientesdetarde.com\/?p=160484"},"modified":"2024-08-20T10:48:23","modified_gmt":"2024-08-20T13:48:23","slug":"miercoles-y-jueves-en-el-cef-n-1con-66-producciones-comienza-la-feria-provincial-de-ciencia-y-tecnologia","status":"publish","type":"post","link":"https:\/\/corrientesdetarde.com\/index.php\/informacion-general\/miercoles-y-jueves-en-el-cef-n-1con-66-producciones-comienza-la-feria-provincial-de-ciencia-y-tecnologia\/","title":{"rendered":"MI\u00c9RCOLES Y JUEVES EN EL CEF N\u00b0 1Con 66 producciones comienza la Feria Provincial de Ciencia y Tecnolog\u00eda"},"content":{"rendered":"\n<p><\/p>\n\n\n\n<p>Con la participaci\u00f3n de 66 instituciones educativas de toda la provincia, el 21 y 22 de agosto se realizar\u00e1 la edici\u00f3n 2024 de la Feria de Ciencia y Tecnolog\u00eda. La actividad, organizada por el Ministerio de Educaci\u00f3n a trav\u00e9s de la Direcci\u00f3n de Planeamiento e Investigaci\u00f3n Educativa y su Coordinaci\u00f3n de Ciencia y Tecnolog\u00eda tendr\u00e1 lugar en el Centro de Educaci\u00f3n F\u00edsica N\u00b01 de la capital provincial.<\/p>\n\n\n\n<p>Los trabajos que participar\u00e1n en la Feria de Ciencia y Tecnolog\u00eda 2024 fueron seleccionados primero en la instancia escolar y luego en la instancia zonal. En la instancia Escolar participaron, seg\u00fan los registros en la base de datos, 800 establecimientos educativos con 7500 trabajos y m\u00e1s de 140 mil estudiantes.<\/p>\n\n\n\n<p>Pasaron a la Instancia Zonal 240 trabajos, de los cuales fueron seleccionados para esta instancia provincial 66 producciones.<\/p>\n\n\n\n<p>Este a\u00f1o, la modalidad se modific\u00f3 desde la organizaci\u00f3n nacional, pasando de trabajos de un \u00e1rea curricular a ser trabajos de la Modalidad Steam, con un eje principal: Ciencia, Tecnolog\u00eda, Matem\u00e1tica o Arte y uno o dos ejes secundarios, con la condici\u00f3n que todos tengan un eje transversal que es Lengua.<\/p>\n\n\n\n<p>Agenda<\/p>\n\n\n\n<p>Mi\u00e9rcoles 21<\/p>\n\n\n\n<p>10.00: Ingreso del P\u00fablico<\/p>\n\n\n\n<p>15.00: Acto Inaugural<\/p>\n\n\n\n<p>15.30: Recorrida de la feria por parte de las autoridades<\/p>\n\n\n\n<p>18.00: Finalizaci\u00f3n de las visitas a la feria<\/p>\n\n\n\n<p>Jueves 22<\/p>\n\n\n\n<p>9.00: Ingreso del P\u00fablico<\/p>\n\n\n\n<p>17.30: Acto de Cierre con entrega de Reconocimientos por participaci\u00f3n y trabajos destacados<\/p>\n","protected":false},"excerpt":{"rendered":"<p>Con la participaci\u00f3n de 66 instituciones educativas de toda la provincia, el 21 y 22 de agosto se realizar\u00e1 la edici\u00f3n 2024 de la Feria de Ciencia y Tecnolog\u00eda. La&hellip; <\/p>\n","protected":false},"author":12,"featured_media":160487,"comment_status":"closed","ping_status":"open","sticky":false,"template":"","format":"standard","meta":{"footnotes":""},"categories":[1],"tags":[],"class_list":["post-160484","post","type-post","status-publish","format-standard","has-post-thumbnail","hentry","category-informacion-general"],"_links":{"self":[{"href":"https:\/\/corrientesdetarde.com\/index.php\/wp-json\/wp\/v2\/posts\/160484","targetHints":{"allow":["GET"]}}],"collection":[{"href":"https:\/\/corrientesdetarde.com\/index.php\/wp-json\/wp\/v2\/posts"}],"about":[{"href":"https:\/\/corrientesdetarde.com\/index.php\/wp-json\/wp\/v2\/types\/post"}],"author":[{"embeddable":true,"href":"https:\/\/corrientesdetarde.com\/index.php\/wp-json\/wp\/v2\/users\/12"}],"replies":[{"embeddable":true,"href":"https:\/\/corrientesdetarde.com\/index.php\/wp-json\/wp\/v2\/comments?post=160484"}],"version-history":[{"count":2,"href":"https:\/\/corrientesdetarde.com\/index.php\/wp-json\/wp\/v2\/posts\/160484\/revisions"}],"predecessor-version":[{"id":160488,"href":"https:\/\/corrientesdetarde.com\/index.php\/wp-json\/wp\/v2\/posts\/160484\/revisions\/160488"}],"wp:featuredmedia":[{"embeddable":true,"href":"https:\/\/corrientesdetarde.com\/index.php\/wp-json\/wp\/v2\/media\/160487"}],"wp:attachment":[{"href":"https:\/\/corrientesdetarde.com\/index.php\/wp-json\/wp\/v2\/media?parent=160484"}],"wp:term":[{"taxonomy":"category","embeddable":true,"href":"https:\/\/corrientesdetarde.com\/index.php\/wp-json\/wp\/v2\/categories?post=160484"},{"taxonomy":"post_tag","embeddable":true,"href":"https:\/\/corrientesdetarde.com\/index.php\/wp-json\/wp\/v2\/tags?post=160484"}],"curies":[{"name":"wp","href":"https:\/\/api.w.org\/{rel}","templated":true}]}}