{"id":160719,"date":"2024-08-21T11:13:46","date_gmt":"2024-08-21T14:13:46","guid":{"rendered":"https:\/\/corrientesdetarde.com\/?p=160719"},"modified":"2024-08-21T11:13:57","modified_gmt":"2024-08-21T14:13:57","slug":"santa-ana-suma-metros-de-cordon-cuneta","status":"publish","type":"post","link":"https:\/\/corrientesdetarde.com\/index.php\/interior\/santa-ana-suma-metros-de-cordon-cuneta\/","title":{"rendered":"Santa Ana suma metros de cord\u00f3n cuneta"},"content":{"rendered":"\n<p><strong>La intendente de Santa Ana de los Gu\u00e1caras Silvana Almir\u00f3n dijo  que luego de lo vivido en las Patronales ahora se trabaj\u00f3\u00a0con el D\u00eda del ni\u00f1o que ya tuvo la participaci\u00f3n de m\u00e1s de 300 ni\u00f1os en el polideportivo municipal.&#8221;Estamos trabajando en cord\u00f3n cuneta, ripio junto a la Gesti\u00f3n del Gobernador Vald\u00e9s&#8221;.<\/strong><\/p>\n\n\n\n<p>Mencion\u00f3 que espera concretar inauguraciones con la presencia del Gobernador.<\/p>\n\n\n\n<p>&#8220;Los vecinos solicitan mejorar la infraestructura de caminos y calles, el tema del ripio y posterior asfalto es imprescindible para acompa\u00f1ar el crecimiento exponencial&#8221;, dijo.<\/p>\n","protected":false},"excerpt":{"rendered":"<p>La intendente de Santa Ana de los Gu\u00e1caras Silvana Almir\u00f3n dijo que luego de lo vivido en las Patronales ahora se trabaj\u00f3\u00a0con el D\u00eda del ni\u00f1o que ya tuvo la&hellip; <\/p>\n","protected":false},"author":12,"featured_media":160726,"comment_status":"closed","ping_status":"open","sticky":false,"template":"","format":"standard","meta":{"footnotes":""},"categories":[1658],"tags":[],"class_list":["post-160719","post","type-post","status-publish","format-standard","has-post-thumbnail","hentry","category-interior"],"_links":{"self":[{"href":"https:\/\/corrientesdetarde.com\/index.php\/wp-json\/wp\/v2\/posts\/160719","targetHints":{"allow":["GET"]}}],"collection":[{"href":"https:\/\/corrientesdetarde.com\/index.php\/wp-json\/wp\/v2\/posts"}],"about":[{"href":"https:\/\/corrientesdetarde.com\/index.php\/wp-json\/wp\/v2\/types\/post"}],"author":[{"embeddable":true,"href":"https:\/\/corrientesdetarde.com\/index.php\/wp-json\/wp\/v2\/users\/12"}],"replies":[{"embeddable":true,"href":"https:\/\/corrientesdetarde.com\/index.php\/wp-json\/wp\/v2\/comments?post=160719"}],"version-history":[{"count":1,"href":"https:\/\/corrientesdetarde.com\/index.php\/wp-json\/wp\/v2\/posts\/160719\/revisions"}],"predecessor-version":[{"id":160727,"href":"https:\/\/corrientesdetarde.com\/index.php\/wp-json\/wp\/v2\/posts\/160719\/revisions\/160727"}],"wp:featuredmedia":[{"embeddable":true,"href":"https:\/\/corrientesdetarde.com\/index.php\/wp-json\/wp\/v2\/media\/160726"}],"wp:attachment":[{"href":"https:\/\/corrientesdetarde.com\/index.php\/wp-json\/wp\/v2\/media?parent=160719"}],"wp:term":[{"taxonomy":"category","embeddable":true,"href":"https:\/\/corrientesdetarde.com\/index.php\/wp-json\/wp\/v2\/categories?post=160719"},{"taxonomy":"post_tag","embeddable":true,"href":"https:\/\/corrientesdetarde.com\/index.php\/wp-json\/wp\/v2\/tags?post=160719"}],"curies":[{"name":"wp","href":"https:\/\/api.w.org\/{rel}","templated":true}]}}