{"id":160916,"date":"2024-08-22T08:26:08","date_gmt":"2024-08-22T11:26:08","guid":{"rendered":"https:\/\/corrientesdetarde.com\/?p=160916"},"modified":"2024-08-22T08:26:20","modified_gmt":"2024-08-22T11:26:20","slug":"hombre-fue-herido-por-un-amigo-de-un-tajo-en-el-rostro","status":"publish","type":"post","link":"https:\/\/corrientesdetarde.com\/index.php\/actualidad\/hombre-fue-herido-por-un-amigo-de-un-tajo-en-el-rostro\/","title":{"rendered":"Hombre fue herido por un &#8220;amigo&#8221; de un tajo en el rostro"},"content":{"rendered":"\n<p>El hecho se produjo en el patio de una casa en la que beb\u00edan alcohol. Hubo un entredicho por una suma de dinero y lo atac\u00f3 con un machete, dijo la v\u00edctima<a href=\"https:\/\/api.whatsapp.com\/send?text=Hombre%20fue%20herido%20por%20un%20%22amigo%22%20de%20un%20tajo%20en%20el%20rostro%20-%20https:\/\/www.diarioepoca.com\/1330293-hombre-fue-herido-por-un-amigo-de-un-tajo-en-el-rostro?utm_source=WhatsApp%26utm_medium=WhatsApp%26utm_campaign=WhatsApp%26utm_term=WhatsApp\" target=\"_blank\" rel=\"noreferrer noopener\"><\/a><a href=\"https:\/\/www.diarioepoca.com\/1330293-hombre-fue-herido-por-un-amigo-de-un-tajo-en-el-rostro#\"><\/a><a href=\"https:\/\/www.diarioepoca.com\/1330293-hombre-fue-herido-por-un-amigo-de-un-tajo-en-el-rostro#\"><\/a><\/p>\n\n\n\n<p>Dos amigos estaban compartiendo una ronda de tragos cuando de repente comenz\u00f3 un entredicho. El motivo fue una suma de dinero que uno le hab\u00eda prestado al otro una hora antes y este, al verse confundido, le dijo que ni siquiera alcanz\u00f3 a usarlo. El due\u00f1o del dinero, entonces, tuvo un ataque de ira en medio del cual atac\u00f3 a su conocido de un machetazo en el rostro.<\/p>\n\n\n\n<p>El incidente sangriento sucedi\u00f3 en el patio de una vivienda de la localidad de Paso de la Patria donde el herido cay\u00f3 de espalda y, pese a la lesi\u00f3n que lo dej\u00f3 parcialmente desfigurado, pudo regresar caminando a su casa, donde busc\u00f3 una bicicleta y fue luego a pedir auxilio al hospital.<\/p>\n\n\n\n<p>Por el caso, las autoridades de la comisar\u00eda local detuvieron al agresor. Se trata nada menos que de un anciano de 70 a\u00f1os, identificado con el apellido Mierez y apodado como &#8220;Yari&#8221;.<\/p>\n\n\n\n<p>En un allanamiento a la vivienda del septuagenario, ubicada en Italia y Santa Cruz, secuestraron el arma blanca de 70 cent\u00edmetros de hoja, con el cual provoc\u00f3 la lesi\u00f3n cortante en la cara de Mario G., de 63 a\u00f1os.<\/p>\n\n\n\n<p>Anteayer, a eso de las 19, Mario fue de visita a &#8220;Yari&#8221; con el pretexto de solicitar un pr\u00e9stamo de dinero consistente en la suma de 10 mil pesos en efectivo.<\/p>\n\n\n\n<p>El anciano dijo que no tendr\u00eda problema en d\u00e1rselo. Por ello ingres\u00f3 a la casa, busc\u00f3 los billetes y entreg\u00f3 en mano a su amigo.<\/p>\n\n\n\n<p>Antes de que Mario decida retirarse, el septuagenario le dijo si quer\u00eda quedar un rato m\u00e1s a compartir la ingesta de algunas bebidas alcoh\u00f3licas.<\/p>\n\n\n\n<p>El sexagenario acept\u00f3 el convite, como ya lo hab\u00eda hecho en otras oportunidades y en las cuales jam\u00e1s hubo problema alguno.<\/p>\n\n\n\n<p>Al paso de una hora, aproximadamente, &#8220;Yari&#8221; comenz\u00f3 a ponerse nervioso y de repente reclam\u00f3 a su amigo la devoluci\u00f3n del dinero que le hab\u00eda entregado.<\/p>\n\n\n\n<p>En ese momento se gener\u00f3 un breve entredicho y tras ello el septuagenario ingres\u00f3 nuevamente a su casa. Pero volvi\u00f3 a los pocos segundos con el machete en mano, con el cual lanz\u00f3 el golpe sobre el rostro de Mario caus\u00e1ndole un corte a lo largo del costado izquierdo.<\/p>\n\n\n\n<p>El herido se fue caminando manando abundante cantidad de sangre, lleg\u00f3 a su domicilio a buscar una bicicleta y en ella se dirigi\u00f3 al hospital para ser atendido.<\/p>\n\n\n\n<p>Luego de los primeros auxilios, intervino la Polic\u00eda alertada del incidente. Es as\u00ed que, con la denuncia formal del damnificado, dieron inicio a una causa caratulada como &#8220;lesiones graves&#8221;.<\/p>\n","protected":false},"excerpt":{"rendered":"<p>El hecho se produjo en el patio de una casa en la que beb\u00edan alcohol. Hubo un entredicho por una suma de dinero y lo atac\u00f3 con un machete, dijo&hellip; <\/p>\n","protected":false},"author":12,"featured_media":160930,"comment_status":"closed","ping_status":"open","sticky":false,"template":"","format":"standard","meta":{"footnotes":""},"categories":[23,33],"tags":[],"class_list":["post-160916","post","type-post","status-publish","format-standard","has-post-thumbnail","hentry","category-actualidad","category-policiales"],"_links":{"self":[{"href":"https:\/\/corrientesdetarde.com\/index.php\/wp-json\/wp\/v2\/posts\/160916","targetHints":{"allow":["GET"]}}],"collection":[{"href":"https:\/\/corrientesdetarde.com\/index.php\/wp-json\/wp\/v2\/posts"}],"about":[{"href":"https:\/\/corrientesdetarde.com\/index.php\/wp-json\/wp\/v2\/types\/post"}],"author":[{"embeddable":true,"href":"https:\/\/corrientesdetarde.com\/index.php\/wp-json\/wp\/v2\/users\/12"}],"replies":[{"embeddable":true,"href":"https:\/\/corrientesdetarde.com\/index.php\/wp-json\/wp\/v2\/comments?post=160916"}],"version-history":[{"count":1,"href":"https:\/\/corrientesdetarde.com\/index.php\/wp-json\/wp\/v2\/posts\/160916\/revisions"}],"predecessor-version":[{"id":160931,"href":"https:\/\/corrientesdetarde.com\/index.php\/wp-json\/wp\/v2\/posts\/160916\/revisions\/160931"}],"wp:featuredmedia":[{"embeddable":true,"href":"https:\/\/corrientesdetarde.com\/index.php\/wp-json\/wp\/v2\/media\/160930"}],"wp:attachment":[{"href":"https:\/\/corrientesdetarde.com\/index.php\/wp-json\/wp\/v2\/media?parent=160916"}],"wp:term":[{"taxonomy":"category","embeddable":true,"href":"https:\/\/corrientesdetarde.com\/index.php\/wp-json\/wp\/v2\/categories?post=160916"},{"taxonomy":"post_tag","embeddable":true,"href":"https:\/\/corrientesdetarde.com\/index.php\/wp-json\/wp\/v2\/tags?post=160916"}],"curies":[{"name":"wp","href":"https:\/\/api.w.org\/{rel}","templated":true}]}}