{"id":160919,"date":"2024-08-22T08:22:46","date_gmt":"2024-08-22T11:22:46","guid":{"rendered":"https:\/\/corrientesdetarde.com\/?p=160919"},"modified":"2024-08-22T08:22:58","modified_gmt":"2024-08-22T11:22:58","slug":"la-justicia-exime-de-ganancias-a-docentes","status":"publish","type":"post","link":"https:\/\/corrientesdetarde.com\/index.php\/politica\/la-justicia-exime-de-ganancias-a-docentes\/","title":{"rendered":"La Justicia exime de Ganancias a docentes"},"content":{"rendered":"\n<p>Luego del fallo favorable a CTERA, SUTECO notific\u00f3 al Ministerio de Educaci\u00f3n y de Hacienda sobre el amparo, y a quienes debiera contemplar la medida.<a href=\"https:\/\/api.whatsapp.com\/send?text=La%20Justicia%20exime%20de%20Ganancias%20a%20docentes%20-%20https:\/\/www.diarioepoca.com\/1330275-la-justicia-exime-de-ganancias-a-docentes?utm_source=WhatsApp%26utm_medium=WhatsApp%26utm_campaign=WhatsApp%26utm_term=WhatsApp\" target=\"_blank\" rel=\"noreferrer noopener\"><\/a><a href=\"https:\/\/www.diarioepoca.com\/1330275-la-justicia-exime-de-ganancias-a-docentes#\"><\/a><a href=\"https:\/\/www.diarioepoca.com\/1330275-la-justicia-exime-de-ganancias-a-docentes#\"><\/a><\/p>\n\n\n\n<p>Tras un fallo favorable de la Justicia Federal, el Sindicato \u00danico de Trabajadores de la Educaci\u00f3n de Corrientes (SUTECO) notific\u00f3 ayer a los Ministerios de Educaci\u00f3n y de Hacienda de Corrientes la suspensi\u00f3n de la aplicaci\u00f3n del Impuesto a las Ganancias a personal docente. La medida contempla a los activos y jubilados adheridos tanto a CTERA como al gremio de base en la provincia.<\/p>\n\n\n\n<p>A trav\u00e9s de la nota el sindicato solicit\u00f3 que en la pr\u00f3xima liquidaci\u00f3n de haberes no se les aplique el descuento correspondiente a dicho tributo, el cual fuera restituido recientemente con la sanci\u00f3n de la Ley Bases, a los maestros de los niveles inicial y primario, profesores y directivos representados por ambas organizaciones.<\/p>\n\n\n\n<p>Esto se debe al amparo presentado por la CTERA en el Juzgado de Trabajo N\u00ba13 de la Ciudad Aut\u00f3noma de Buenos Aires a cargo de la jueza Mirta Gonz\u00e1lez Burbridge. La medida cautelar ordena la suspensi\u00f3n de los Art\u00edculos 73, 81 y 94 de la Ley Nacional N\u00ba 27.743, mediante los cuales se hab\u00edan reestablecido el Impuesto a las Ganancias para la cuarta categor\u00eda. La norma regula tanto el m\u00ednimo no imponible como lo relativo a los adicionales sobre los cuales se calculaba el tributo como ruralidad, material did\u00e1ctico, presentismo, entre otros.<\/p>\n\n\n\n<p>Por lo tanto, esta suspensi\u00f3n tambi\u00e9n abarca todos los actos de la AFIP que reglamenten el cobro del impuesto. La medida estar\u00e1 vigente hasta que la Justicia resuelva la cuesti\u00f3n de fondo, es decir, si declara la inconstitucionalidad de la ley. Este pedido tambi\u00e9n fue planteado por CTERA y sus gremios de base como SUTECO.<\/p>\n\n\n\n<p>Se trata del primer fallo favorable sobre este tema, planteado por una organizaci\u00f3n sindical que abarca a los trabajadores de la educaci\u00f3n, seg\u00fan informaron desde el gremio. El pedido fue presentado ayer por el secretario general de SUTECO, Fernando Ram\u00edrez, y la Junta Ejecutiva del sindicato.<\/p>\n\n\n\n<p>CTERA plante\u00f3 la inconstitucionalidad del Impuesto a las Ganancias porque considera &#8220;es una evidente lesi\u00f3n al derecho de propiedad, al de igualdad, a los principios de igual remuneraci\u00f3n por igual tarea, integralidad del salario, salario justo, respecto a la negociaci\u00f3n colectiva, legalidad tributaria y no confiscatoriedad&#8221;. La central tambi\u00e9n objet\u00f3 que la norma no cont\u00f3 con la aprobaci\u00f3n de las dos C\u00e1maras del Congreso, ya que el Senado rechaz\u00f3 el cap\u00edtulo fiscal y Diputados la aprob\u00f3 al insistir con su proyecto original.<\/p>\n","protected":false},"excerpt":{"rendered":"<p>Luego del fallo favorable a CTERA, SUTECO notific\u00f3 al Ministerio de Educaci\u00f3n y de Hacienda sobre el amparo, y a quienes debiera contemplar la medida. Tras un fallo favorable de&hellip; <\/p>\n","protected":false},"author":12,"featured_media":160926,"comment_status":"closed","ping_status":"open","sticky":false,"template":"","format":"standard","meta":{"footnotes":""},"categories":[23,3],"tags":[],"class_list":["post-160919","post","type-post","status-publish","format-standard","has-post-thumbnail","hentry","category-actualidad","category-politica"],"_links":{"self":[{"href":"https:\/\/corrientesdetarde.com\/index.php\/wp-json\/wp\/v2\/posts\/160919","targetHints":{"allow":["GET"]}}],"collection":[{"href":"https:\/\/corrientesdetarde.com\/index.php\/wp-json\/wp\/v2\/posts"}],"about":[{"href":"https:\/\/corrientesdetarde.com\/index.php\/wp-json\/wp\/v2\/types\/post"}],"author":[{"embeddable":true,"href":"https:\/\/corrientesdetarde.com\/index.php\/wp-json\/wp\/v2\/users\/12"}],"replies":[{"embeddable":true,"href":"https:\/\/corrientesdetarde.com\/index.php\/wp-json\/wp\/v2\/comments?post=160919"}],"version-history":[{"count":1,"href":"https:\/\/corrientesdetarde.com\/index.php\/wp-json\/wp\/v2\/posts\/160919\/revisions"}],"predecessor-version":[{"id":160927,"href":"https:\/\/corrientesdetarde.com\/index.php\/wp-json\/wp\/v2\/posts\/160919\/revisions\/160927"}],"wp:featuredmedia":[{"embeddable":true,"href":"https:\/\/corrientesdetarde.com\/index.php\/wp-json\/wp\/v2\/media\/160926"}],"wp:attachment":[{"href":"https:\/\/corrientesdetarde.com\/index.php\/wp-json\/wp\/v2\/media?parent=160919"}],"wp:term":[{"taxonomy":"category","embeddable":true,"href":"https:\/\/corrientesdetarde.com\/index.php\/wp-json\/wp\/v2\/categories?post=160919"},{"taxonomy":"post_tag","embeddable":true,"href":"https:\/\/corrientesdetarde.com\/index.php\/wp-json\/wp\/v2\/tags?post=160919"}],"curies":[{"name":"wp","href":"https:\/\/api.w.org\/{rel}","templated":true}]}}